{"id":3218,"date":"2021-03-03T10:09:49","date_gmt":"2021-03-03T09:09:49","guid":{"rendered":"http:\/\/projetscitoyens.francas71.org\/?p=3218"},"modified":"2021-03-03T10:09:49","modified_gmt":"2021-03-03T09:09:49","slug":"rencontre-avec-un-animateur-radio-professionnel-a-lecole-de-vindecy","status":"publish","type":"post","link":"http:\/\/projetscitoyens.francas71.org\/?p=3218","title":{"rendered":"Rencontre avec un animateur radio professionnel \u00e0 l&rsquo;\u00e9cole de Vindecy"},"content":{"rendered":"\n<h4 class=\"has-vivid-red-color has-text-color wp-block-heading\">Le mardi 2 f\u00e9vrier, les jeunes journalistes de l\u2019\u00e9cole de Vindecy ont rencontr\u00e9 un professionnel de la radio dans le cadre de leur projet \u2018\u2019journalistes en r\u00e9sidence\u2019\u2019.<\/h4>\n\n\n\n<p><strong>Charles Napoli<\/strong> travaille comme animateur radio \u00e0 <a href=\"https:\/\/www.francebleu.fr\/les-equipes\/charles-napoli\" onclick=\"return TrackClick('https%3A%2F%2Fwww.francebleu.fr%2Fles-equipes%2Fcharles-napoli','France+Bleu+St+Etienne+Loire')\">France Bleu St Etienne Loire<\/a>. Au travers d\u2019une interview d\u2019une trentaine de minutes, ils ont d\u00e9couvert le m\u00e9tier d\u2019animateur radio. Voici un r\u00e9sum\u00e9 de l\u2019interview r\u00e9alis\u00e9e :<\/p>\n\n\n\n<figure class=\"wp-block-image size-large\"><img loading=\"lazy\" decoding=\"async\" width=\"640\" height=\"360\" data-attachment-id=\"3228\" data-permalink=\"http:\/\/projetscitoyens.francas71.org\/?attachment_id=3228\" data-orig-file=\"https:\/\/i0.wp.com\/projetscitoyens.francas71.org\/wp-content\/uploads\/2021\/03\/charles-01.jpg?fit=889%2C500\" data-orig-size=\"889,500\" data-comments-opened=\"1\" data-image-meta=\"{&quot;aperture&quot;:&quot;0&quot;,&quot;credit&quot;:&quot;&quot;,&quot;camera&quot;:&quot;&quot;,&quot;caption&quot;:&quot;&quot;,&quot;created_timestamp&quot;:&quot;0&quot;,&quot;copyright&quot;:&quot;&quot;,&quot;focal_length&quot;:&quot;0&quot;,&quot;iso&quot;:&quot;0&quot;,&quot;shutter_speed&quot;:&quot;0&quot;,&quot;title&quot;:&quot;&quot;,&quot;orientation&quot;:&quot;0&quot;}\" data-image-title=\"charles 01\" data-image-description=\"\" data-image-caption=\"\" data-medium-file=\"https:\/\/i0.wp.com\/projetscitoyens.francas71.org\/wp-content\/uploads\/2021\/03\/charles-01.jpg?fit=300%2C169\" data-large-file=\"https:\/\/i0.wp.com\/projetscitoyens.francas71.org\/wp-content\/uploads\/2021\/03\/charles-01.jpg?fit=640%2C360\" tabindex=\"0\" role=\"button\" src=\"https:\/\/i0.wp.com\/projetscitoyens.francas71.org\/wp-content\/uploads\/2021\/03\/charles-01.jpg?resize=640%2C360\" alt=\"\" class=\"wp-image-3228\" srcset=\"https:\/\/i0.wp.com\/projetscitoyens.francas71.org\/wp-content\/uploads\/2021\/03\/charles-01.jpg?w=889 889w, https:\/\/i0.wp.com\/projetscitoyens.francas71.org\/wp-content\/uploads\/2021\/03\/charles-01.jpg?resize=300%2C169 300w, https:\/\/i0.wp.com\/projetscitoyens.francas71.org\/wp-content\/uploads\/2021\/03\/charles-01.jpg?resize=768%2C432 768w, https:\/\/i0.wp.com\/projetscitoyens.francas71.org\/wp-content\/uploads\/2021\/03\/charles-01.jpg?resize=480%2C270 480w\" sizes=\"(max-width: 640px) 100vw, 640px\" data-recalc-dims=\"1\" \/><\/figure>\n\n\n\n<p>Les premi\u00e8res questions pos\u00e9es ont permis \u00e0 Charles de se pr\u00e9senter et de parler de son parcours. Il a d\u00e9couvert la radio par hasard lorsqu\u2019il \u00e9tait plus jeune lors d&rsquo;atelier dans une radio FM d&rsquo;enfants et de jeunes, \u00ab\u00a0<a href=\"http:\/\/radio-sommieres.fr\/\" onclick=\"return TrackClick('http%3A%2F%2Fradio-sommieres.fr%2F','Radio+Sommi%C3%A8res')\">Radio Sommi\u00e8res<\/a>\u00ab\u00a0. Le coup de c\u0153ur est apparu \u00e0 force de s\u2019enregistrer et de s\u2019\u00e9couter sur son enregistreur cassette. Il a pris beaucoup de plaisir \u00e0 s\u2019exprimer. N\u00e9anmoins, le stress est parfois pr\u00e9sent quand il doit s\u2019exprimer devant plusieurs personnes. Il confie aux jeunes journalistes la cl\u00e9 pour \u00e9viter ce stress : bien pr\u00e9parer et bien \u00e9crire son sujet pour \u00eatre serein \u00e0 l\u2019oral. Cette technique lui emp\u00eache \u00e9galement de ne pas savoir quoi dire au micro.<\/p>\n\n\n\n<figure class=\"wp-block-image size-large\"><img loading=\"lazy\" decoding=\"async\" width=\"500\" height=\"667\" data-attachment-id=\"3229\" data-permalink=\"http:\/\/projetscitoyens.francas71.org\/?attachment_id=3229\" data-orig-file=\"https:\/\/i0.wp.com\/projetscitoyens.francas71.org\/wp-content\/uploads\/2021\/03\/charles-02.jpg?fit=500%2C667\" data-orig-size=\"500,667\" data-comments-opened=\"1\" data-image-meta=\"{&quot;aperture&quot;:&quot;0&quot;,&quot;credit&quot;:&quot;&quot;,&quot;camera&quot;:&quot;&quot;,&quot;caption&quot;:&quot;&quot;,&quot;created_timestamp&quot;:&quot;0&quot;,&quot;copyright&quot;:&quot;&quot;,&quot;focal_length&quot;:&quot;0&quot;,&quot;iso&quot;:&quot;0&quot;,&quot;shutter_speed&quot;:&quot;0&quot;,&quot;title&quot;:&quot;&quot;,&quot;orientation&quot;:&quot;0&quot;}\" data-image-title=\"charles 02\" data-image-description=\"\" data-image-caption=\"\" data-medium-file=\"https:\/\/i0.wp.com\/projetscitoyens.francas71.org\/wp-content\/uploads\/2021\/03\/charles-02.jpg?fit=225%2C300\" data-large-file=\"https:\/\/i0.wp.com\/projetscitoyens.francas71.org\/wp-content\/uploads\/2021\/03\/charles-02.jpg?fit=500%2C667\" tabindex=\"0\" role=\"button\" src=\"https:\/\/i0.wp.com\/projetscitoyens.francas71.org\/wp-content\/uploads\/2021\/03\/charles-02.jpg?resize=500%2C667\" alt=\"\" class=\"wp-image-3229\" srcset=\"https:\/\/i0.wp.com\/projetscitoyens.francas71.org\/wp-content\/uploads\/2021\/03\/charles-02.jpg?w=500 500w, https:\/\/i0.wp.com\/projetscitoyens.francas71.org\/wp-content\/uploads\/2021\/03\/charles-02.jpg?resize=225%2C300 225w, https:\/\/i0.wp.com\/projetscitoyens.francas71.org\/wp-content\/uploads\/2021\/03\/charles-02.jpg?resize=202%2C270 202w\" sizes=\"(max-width: 500px) 100vw, 500px\" data-recalc-dims=\"1\" \/><\/figure>\n\n\n\n<p>Les jeunes\njournalistes ont ensuite pos\u00e9 des questions plus pr\u00e9cises sur le\nm\u00e9tier de Charles. <br>\nIls ont appris l\u2019importance du travail\nd\u2019\u00e9quipe et de la rigueur lors de la pr\u00e9paration d\u2019une\n\u00e9mission.  Le professionnel a ensuite mentionn\u00e9 les personnes\nc\u00e9l\u00e8bres qu\u2019il a eu la chance de rencontrer&nbsp;: des artistes,\ndes ministres et m\u00eame le Pr\u00e9sident de la R\u00e9publique ! \n<\/p>\n\n\n\n<p>Cet \u00e9change a permis aux jeunes journalistes de d\u00e9couvrir le m\u00e9tier d\u2019animateur radio et d\u2019\u00e9changer avec Charles Napoli sur les difficult\u00e9s et les moments sympathiques de ce m\u00e9tier.<\/p>\n\n\n\n<figure class=\"wp-block-image size-large\"><img loading=\"lazy\" decoding=\"async\" width=\"500\" height=\"667\" data-attachment-id=\"3230\" data-permalink=\"http:\/\/projetscitoyens.francas71.org\/?attachment_id=3230\" data-orig-file=\"https:\/\/i0.wp.com\/projetscitoyens.francas71.org\/wp-content\/uploads\/2021\/03\/charles-03.jpg?fit=500%2C667\" data-orig-size=\"500,667\" data-comments-opened=\"1\" data-image-meta=\"{&quot;aperture&quot;:&quot;0&quot;,&quot;credit&quot;:&quot;&quot;,&quot;camera&quot;:&quot;&quot;,&quot;caption&quot;:&quot;&quot;,&quot;created_timestamp&quot;:&quot;0&quot;,&quot;copyright&quot;:&quot;&quot;,&quot;focal_length&quot;:&quot;0&quot;,&quot;iso&quot;:&quot;0&quot;,&quot;shutter_speed&quot;:&quot;0&quot;,&quot;title&quot;:&quot;&quot;,&quot;orientation&quot;:&quot;0&quot;}\" data-image-title=\"charles 03\" data-image-description=\"\" data-image-caption=\"\" data-medium-file=\"https:\/\/i0.wp.com\/projetscitoyens.francas71.org\/wp-content\/uploads\/2021\/03\/charles-03.jpg?fit=225%2C300\" data-large-file=\"https:\/\/i0.wp.com\/projetscitoyens.francas71.org\/wp-content\/uploads\/2021\/03\/charles-03.jpg?fit=500%2C667\" tabindex=\"0\" role=\"button\" src=\"https:\/\/i0.wp.com\/projetscitoyens.francas71.org\/wp-content\/uploads\/2021\/03\/charles-03.jpg?resize=500%2C667\" alt=\"\" class=\"wp-image-3230\" srcset=\"https:\/\/i0.wp.com\/projetscitoyens.francas71.org\/wp-content\/uploads\/2021\/03\/charles-03.jpg?w=500 500w, https:\/\/i0.wp.com\/projetscitoyens.francas71.org\/wp-content\/uploads\/2021\/03\/charles-03.jpg?resize=225%2C300 225w, https:\/\/i0.wp.com\/projetscitoyens.francas71.org\/wp-content\/uploads\/2021\/03\/charles-03.jpg?resize=202%2C270 202w\" sizes=\"(max-width: 500px) 100vw, 500px\" data-recalc-dims=\"1\" \/><\/figure>\n","protected":false},"excerpt":{"rendered":"<p>Le mardi 2 f\u00e9vrier, les jeunes journalistes de l\u2019\u00e9cole de Vindecy ont rencontr\u00e9 un professionnel de la radio dans le cadre de leur projet \u2018\u2019journalistes en r\u00e9sidence\u2019\u2019. Charles Napoli travaille comme animateur radio \u00e0 France Bleu St Etienne Loire. Au travers d\u2019une interview d\u2019une trentaine de minutes, ils ont d\u00e9couvert le m\u00e9tier d\u2019animateur radio. Voici un r\u00e9sum\u00e9 de l\u2019interview r\u00e9alis\u00e9e : Les premi\u00e8res questions pos\u00e9es ont permis \u00e0 Charles de se pr\u00e9senter et de parler de son parcours. Il a&#8230;<\/p>\n<p class=\"read-more\"><a class=\"btn btn-default\" href=\"http:\/\/projetscitoyens.francas71.org\/?p=3218\" onclick=\"return TrackClick('http%3A%2F%2Fprojetscitoyens.francas71.org%2F%3Fp%3D3218','Lire+la+suite+Lire+la+suite')\">Lire la suite<span class=\"screen-reader-text\"> Lire la suite<\/span><\/a><\/p>\n","protected":false},"author":1,"featured_media":3220,"comment_status":"open","ping_status":"open","sticky":false,"template":"","format":"standard","meta":{"jetpack_post_was_ever_published":false,"_jetpack_newsletter_access":"","_jetpack_dont_email_post_to_subs":false,"_jetpack_newsletter_tier_id":0,"_jetpack_memberships_contains_paywalled_content":false,"_jetpack_memberships_contains_paid_content":false,"footnotes":"","jetpack_publicize_message":"","jetpack_publicize_feature_enabled":true,"jetpack_social_post_already_shared":true,"jetpack_social_options":{"image_generator_settings":{"template":"highway","enabled":false},"version":2}},"categories":[214],"tags":[268,209,269,267,181],"class_list":["post-3218","post","type-post","status-publish","format-standard","has-post-thumbnail","hentry","category-la-radio","tag-interview","tag-journaliste","tag-metier","tag-professionnel","tag-radio"],"jetpack_publicize_connections":[],"jetpack_featured_media_url":"https:\/\/i0.wp.com\/projetscitoyens.francas71.org\/wp-content\/uploads\/2021\/02\/charles-01.jpg?fit=889%2C500","jetpack_sharing_enabled":true,"jetpack_shortlink":"https:\/\/wp.me\/p6M0zG-PU","jetpack-related-posts":[],"jetpack_likes_enabled":true,"_links":{"self":[{"href":"http:\/\/projetscitoyens.francas71.org\/index.php?rest_route=\/wp\/v2\/posts\/3218"}],"collection":[{"href":"http:\/\/projetscitoyens.francas71.org\/index.php?rest_route=\/wp\/v2\/posts"}],"about":[{"href":"http:\/\/projetscitoyens.francas71.org\/index.php?rest_route=\/wp\/v2\/types\/post"}],"author":[{"embeddable":true,"href":"http:\/\/projetscitoyens.francas71.org\/index.php?rest_route=\/wp\/v2\/users\/1"}],"replies":[{"embeddable":true,"href":"http:\/\/projetscitoyens.francas71.org\/index.php?rest_route=%2Fwp%2Fv2%2Fcomments&post=3218"}],"version-history":[{"count":2,"href":"http:\/\/projetscitoyens.francas71.org\/index.php?rest_route=\/wp\/v2\/posts\/3218\/revisions"}],"predecessor-version":[{"id":3231,"href":"http:\/\/projetscitoyens.francas71.org\/index.php?rest_route=\/wp\/v2\/posts\/3218\/revisions\/3231"}],"wp:featuredmedia":[{"embeddable":true,"href":"http:\/\/projetscitoyens.francas71.org\/index.php?rest_route=\/wp\/v2\/media\/3220"}],"wp:attachment":[{"href":"http:\/\/projetscitoyens.francas71.org\/index.php?rest_route=%2Fwp%2Fv2%2Fmedia&parent=3218"}],"wp:term":[{"taxonomy":"category","embeddable":true,"href":"http:\/\/projetscitoyens.francas71.org\/index.php?rest_route=%2Fwp%2Fv2%2Fcategories&post=3218"},{"taxonomy":"post_tag","embeddable":true,"href":"http:\/\/projetscitoyens.francas71.org\/index.php?rest_route=%2Fwp%2Fv2%2Ftags&post=3218"}],"curies":[{"name":"wp","href":"https:\/\/api.w.org\/{rel}","templated":true}]}}