{"id":3224,"date":"2021-03-03T09:54:18","date_gmt":"2021-03-03T08:54:18","guid":{"rendered":"http:\/\/projetscitoyens.francas71.org\/?p=3224"},"modified":"2021-03-03T09:54:18","modified_gmt":"2021-03-03T08:54:18","slug":"avec-les-enfants-et-les-jeunes-ensemble-pour-leducation-le-projet-national","status":"publish","type":"post","link":"http:\/\/projetscitoyens.francas71.org\/?p=3224","title":{"rendered":"Avec les enfants et les jeunes, ensemble pour l&rsquo;\u00e9ducation ! &#8211; le Projet national"},"content":{"rendered":"\n<h4 class=\"has-vivid-red-color has-text-color wp-block-heading\">En 2020, les Francas ont tenu leur Congr\u00e8s \u00e0 Dijon. Congr\u00e8s qui a permis de finaliser le projet \u00ab\u00a0Avec les enfants et les jeunes, ensemble pour l&rsquo;\u00e9ducation !\u00a0\u00bb pour la p\u00e9riode de 2020 \u00e0 2025.<\/h4>\n\n\n\n<figure class=\"wp-block-image size-large\"><img loading=\"lazy\" decoding=\"async\" width=\"640\" height=\"349\" data-attachment-id=\"3223\" data-permalink=\"http:\/\/projetscitoyens.francas71.org\/?attachment_id=3223\" data-orig-file=\"https:\/\/i0.wp.com\/projetscitoyens.francas71.org\/wp-content\/uploads\/2021\/03\/logo-ensemble-.png?fit=1551%2C846\" data-orig-size=\"1551,846\" data-comments-opened=\"1\" data-image-meta=\"{&quot;aperture&quot;:&quot;0&quot;,&quot;credit&quot;:&quot;&quot;,&quot;camera&quot;:&quot;&quot;,&quot;caption&quot;:&quot;&quot;,&quot;created_timestamp&quot;:&quot;0&quot;,&quot;copyright&quot;:&quot;&quot;,&quot;focal_length&quot;:&quot;0&quot;,&quot;iso&quot;:&quot;0&quot;,&quot;shutter_speed&quot;:&quot;0&quot;,&quot;title&quot;:&quot;&quot;,&quot;orientation&quot;:&quot;0&quot;}\" data-image-title=\"logo ensemble !\" data-image-description=\"\" data-image-caption=\"\" data-medium-file=\"https:\/\/i0.wp.com\/projetscitoyens.francas71.org\/wp-content\/uploads\/2021\/03\/logo-ensemble-.png?fit=300%2C164\" data-large-file=\"https:\/\/i0.wp.com\/projetscitoyens.francas71.org\/wp-content\/uploads\/2021\/03\/logo-ensemble-.png?fit=640%2C349\" tabindex=\"0\" role=\"button\" src=\"https:\/\/i0.wp.com\/projetscitoyens.francas71.org\/wp-content\/uploads\/2021\/03\/logo-ensemble-.png?resize=640%2C349\" alt=\"\" class=\"wp-image-3223\" srcset=\"https:\/\/i0.wp.com\/projetscitoyens.francas71.org\/wp-content\/uploads\/2021\/03\/logo-ensemble-.png?resize=1024%2C559 1024w, https:\/\/i0.wp.com\/projetscitoyens.francas71.org\/wp-content\/uploads\/2021\/03\/logo-ensemble-.png?resize=300%2C164 300w, https:\/\/i0.wp.com\/projetscitoyens.francas71.org\/wp-content\/uploads\/2021\/03\/logo-ensemble-.png?resize=768%2C419 768w, https:\/\/i0.wp.com\/projetscitoyens.francas71.org\/wp-content\/uploads\/2021\/03\/logo-ensemble-.png?resize=1536%2C838 1536w, https:\/\/i0.wp.com\/projetscitoyens.francas71.org\/wp-content\/uploads\/2021\/03\/logo-ensemble-.png?resize=495%2C270 495w, https:\/\/i0.wp.com\/projetscitoyens.francas71.org\/wp-content\/uploads\/2021\/03\/logo-ensemble-.png?w=1551 1551w, https:\/\/i0.wp.com\/projetscitoyens.francas71.org\/wp-content\/uploads\/2021\/03\/logo-ensemble-.png?w=1280 1280w\" sizes=\"(max-width: 640px) 100vw, 640px\" data-recalc-dims=\"1\" \/><\/figure>\n\n\n\n<p>Un projet militant ! Un projet inspirant ! Un projet innovant !<\/p>\n\n\n\n<p>Au travers de ce projet, les Francas r\u00e9affirment leur attachement \u00e0 situer leur action dans des r\u00e9f\u00e9rences internationales au premier rang desquelles les objectifs de d\u00e9veloppement durable et la Convention internationale des droits de l\u2019enfant. <\/p>\n\n\n\n<p>Enfin, ce projet propose de cultiver un nouvel \u00e9cosyst\u00e8me d\u2019\u00e9ducation dont les enfants sont le centre en tant que premiers acteurs de leur \u00e9ducation, o\u00f9 chaque espace, acteurs et actrices \u00e9ducatifs sont vus, reconnus, entendus,<br> pris en compte \u00e0 \u00e9galit\u00e9, o\u00f9 les pouvoirs publics portent des politiques<br> publiques ambitieuses et structurantes, o\u00f9 l\u2019\u00e9ducation populaire<br> poursuit son r\u00f4le d\u2019accompagnement, de d\u00e9frichage et<br> d\u2019interpellation, par la mobilisation citoyenne.<\/p>\n\n\n\n<p>Le projet est consultable <a href=\"http:\/\/projetscitoyens.francas71.org\/wp-content\/uploads\/2021\/03\/Projet-national-2020-2025-partie-1-et-2.pdf\" onclick=\"return TrackClick('http%3A%2F%2Fprojetscitoyens.francas71.org%2Fwp-content%2Fuploads%2F2021%2F03%2FProjet-national-2020-2025-partie-1-et-2.pdf','en+suivant+le+lien')\">en suivant le lien<\/a><\/p>\n\n\n\n<figure class=\"wp-block-image size-large\"><img loading=\"lazy\" decoding=\"async\" width=\"535\" height=\"700\" data-attachment-id=\"3226\" data-permalink=\"http:\/\/projetscitoyens.francas71.org\/?attachment_id=3226\" data-orig-file=\"https:\/\/i0.wp.com\/projetscitoyens.francas71.org\/wp-content\/uploads\/2021\/03\/projet-20-25.jpg?fit=535%2C700\" data-orig-size=\"535,700\" data-comments-opened=\"1\" data-image-meta=\"{&quot;aperture&quot;:&quot;0&quot;,&quot;credit&quot;:&quot;&quot;,&quot;camera&quot;:&quot;&quot;,&quot;caption&quot;:&quot;&quot;,&quot;created_timestamp&quot;:&quot;0&quot;,&quot;copyright&quot;:&quot;&quot;,&quot;focal_length&quot;:&quot;0&quot;,&quot;iso&quot;:&quot;0&quot;,&quot;shutter_speed&quot;:&quot;0&quot;,&quot;title&quot;:&quot;&quot;,&quot;orientation&quot;:&quot;0&quot;}\" data-image-title=\"projet 20 25\" data-image-description=\"\" data-image-caption=\"\" data-medium-file=\"https:\/\/i0.wp.com\/projetscitoyens.francas71.org\/wp-content\/uploads\/2021\/03\/projet-20-25.jpg?fit=229%2C300\" data-large-file=\"https:\/\/i0.wp.com\/projetscitoyens.francas71.org\/wp-content\/uploads\/2021\/03\/projet-20-25.jpg?fit=535%2C700\" tabindex=\"0\" role=\"button\" src=\"https:\/\/i0.wp.com\/projetscitoyens.francas71.org\/wp-content\/uploads\/2021\/03\/projet-20-25.jpg?resize=535%2C700\" alt=\"\" class=\"wp-image-3226\" srcset=\"https:\/\/i0.wp.com\/projetscitoyens.francas71.org\/wp-content\/uploads\/2021\/03\/projet-20-25.jpg?w=535 535w, https:\/\/i0.wp.com\/projetscitoyens.francas71.org\/wp-content\/uploads\/2021\/03\/projet-20-25.jpg?resize=229%2C300 229w, https:\/\/i0.wp.com\/projetscitoyens.francas71.org\/wp-content\/uploads\/2021\/03\/projet-20-25.jpg?resize=206%2C270 206w\" sizes=\"(max-width: 535px) 100vw, 535px\" data-recalc-dims=\"1\" \/><\/figure>\n","protected":false},"excerpt":{"rendered":"<p>En 2020, les Francas ont tenu leur Congr\u00e8s \u00e0 Dijon. Congr\u00e8s qui a permis de finaliser le projet \u00ab\u00a0Avec les enfants et les jeunes, ensemble pour l&rsquo;\u00e9ducation !\u00a0\u00bb pour la p\u00e9riode de 2020 \u00e0 2025. Un projet militant ! Un projet inspirant ! Un projet innovant ! Au travers de ce projet, les Francas r\u00e9affirment leur attachement \u00e0 situer leur action dans des r\u00e9f\u00e9rences internationales au premier rang desquelles les objectifs de d\u00e9veloppement durable et la Convention internationale des droits&#8230;<\/p>\n<p class=\"read-more\"><a class=\"btn btn-default\" href=\"http:\/\/projetscitoyens.francas71.org\/?p=3224\" onclick=\"return TrackClick('http%3A%2F%2Fprojetscitoyens.francas71.org%2F%3Fp%3D3224','Lire+la+suite+Lire+la+suite')\">Lire la suite<span class=\"screen-reader-text\"> Lire la suite<\/span><\/a><\/p>\n","protected":false},"author":1,"featured_media":3223,"comment_status":"open","ping_status":"open","sticky":false,"template":"","format":"standard","meta":{"jetpack_post_was_ever_published":false,"_jetpack_newsletter_access":"","_jetpack_dont_email_post_to_subs":false,"_jetpack_newsletter_tier_id":0,"_jetpack_memberships_contains_paywalled_content":false,"_jetpack_memberships_contains_paid_content":false,"footnotes":"","jetpack_publicize_message":"","jetpack_publicize_feature_enabled":true,"jetpack_social_post_already_shared":true,"jetpack_social_options":{"image_generator_settings":{"template":"highway","enabled":false},"version":2}},"categories":[241,235],"tags":[123,53,72,270],"class_list":["post-3224","post","type-post","status-publish","format-standard","has-post-thumbnail","hentry","category-actualites","category-animation-du-reseau-de-professionnel","tag-education","tag-enfants","tag-jeunes","tag-politique"],"jetpack_publicize_connections":[],"jetpack_featured_media_url":"https:\/\/i0.wp.com\/projetscitoyens.francas71.org\/wp-content\/uploads\/2021\/03\/logo-ensemble-.png?fit=1551%2C846","jetpack_sharing_enabled":true,"jetpack_shortlink":"https:\/\/wp.me\/p6M0zG-Q0","jetpack-related-posts":[],"jetpack_likes_enabled":true,"_links":{"self":[{"href":"http:\/\/projetscitoyens.francas71.org\/index.php?rest_route=\/wp\/v2\/posts\/3224"}],"collection":[{"href":"http:\/\/projetscitoyens.francas71.org\/index.php?rest_route=\/wp\/v2\/posts"}],"about":[{"href":"http:\/\/projetscitoyens.francas71.org\/index.php?rest_route=\/wp\/v2\/types\/post"}],"author":[{"embeddable":true,"href":"http:\/\/projetscitoyens.francas71.org\/index.php?rest_route=\/wp\/v2\/users\/1"}],"replies":[{"embeddable":true,"href":"http:\/\/projetscitoyens.francas71.org\/index.php?rest_route=%2Fwp%2Fv2%2Fcomments&post=3224"}],"version-history":[{"count":2,"href":"http:\/\/projetscitoyens.francas71.org\/index.php?rest_route=\/wp\/v2\/posts\/3224\/revisions"}],"predecessor-version":[{"id":3227,"href":"http:\/\/projetscitoyens.francas71.org\/index.php?rest_route=\/wp\/v2\/posts\/3224\/revisions\/3227"}],"wp:featuredmedia":[{"embeddable":true,"href":"http:\/\/projetscitoyens.francas71.org\/index.php?rest_route=\/wp\/v2\/media\/3223"}],"wp:attachment":[{"href":"http:\/\/projetscitoyens.francas71.org\/index.php?rest_route=%2Fwp%2Fv2%2Fmedia&parent=3224"}],"wp:term":[{"taxonomy":"category","embeddable":true,"href":"http:\/\/projetscitoyens.francas71.org\/index.php?rest_route=%2Fwp%2Fv2%2Fcategories&post=3224"},{"taxonomy":"post_tag","embeddable":true,"href":"http:\/\/projetscitoyens.francas71.org\/index.php?rest_route=%2Fwp%2Fv2%2Ftags&post=3224"}],"curies":[{"name":"wp","href":"https:\/\/api.w.org\/{rel}","templated":true}]}}