{"id":3246,"date":"2021-06-11T11:45:42","date_gmt":"2021-06-11T10:45:42","guid":{"rendered":"http:\/\/projetscitoyens.francas71.org\/?p=3246"},"modified":"2021-06-11T11:45:42","modified_gmt":"2021-06-11T10:45:42","slug":"college-de-lugny-71-derniere-seance","status":"publish","type":"post","link":"http:\/\/projetscitoyens.francas71.org\/?p=3246","title":{"rendered":"Coll\u00e8ge de Lugny (71) &#8211; derni\u00e8re s\u00e9ance !"},"content":{"rendered":"\n<h3 class=\"has-vivid-red-color has-text-color wp-block-heading\">Mercredi 2 juin 2021, 12h, quelques secondes avant la sonnerie de fin des cours, le petit groupe de 4\u00e8me remob d\u00e9branche les micros apr\u00e8s avoir enregistr\u00e9 leur \u00e9mission finale.<\/h3>\n\n\n\n<p>Ce groupe est mobilis\u00e9 depuis novembre 2020 pour pr\u00e9parer une \u00e9mission de radio sur un grand th\u00e8me : la discrimination. <\/p>\n\n\n\n<p>Le groupe d\u2019\u00e9l\u00e8ves de quatri\u00e8me de remobilisation du coll\u00e8ge St-Cyr  de Lugny vous pr\u00e9sente son projet radio. Ces \u00e9l\u00e8ves ont r\u00e9alis\u00e9 une  \u00e9mission collective sur les th\u00e9matiques du racisme et de la  discrimination, dans le cadre de l\u2019atelier journalisme auquel ils  participent depuis plusieurs mois. Les interviews de la CPE, de la  principale et d&rsquo;un professeur d&rsquo;histoire-g\u00e9ographie viennent compl\u00e9ter  cette \u00e9mission. <\/p>\n\n\n\n<figure class=\"wp-block-image size-large\"><img loading=\"lazy\" decoding=\"async\" width=\"533\" height=\"300\" data-attachment-id=\"3240\" data-permalink=\"http:\/\/projetscitoyens.francas71.org\/?attachment_id=3240\" data-orig-file=\"https:\/\/i0.wp.com\/projetscitoyens.francas71.org\/wp-content\/uploads\/2021\/06\/lugny-2-juin-21-05.jpg?fit=533%2C300\" data-orig-size=\"533,300\" data-comments-opened=\"1\" data-image-meta=\"{&quot;aperture&quot;:&quot;0&quot;,&quot;credit&quot;:&quot;&quot;,&quot;camera&quot;:&quot;&quot;,&quot;caption&quot;:&quot;&quot;,&quot;created_timestamp&quot;:&quot;0&quot;,&quot;copyright&quot;:&quot;&quot;,&quot;focal_length&quot;:&quot;0&quot;,&quot;iso&quot;:&quot;0&quot;,&quot;shutter_speed&quot;:&quot;0&quot;,&quot;title&quot;:&quot;&quot;,&quot;orientation&quot;:&quot;0&quot;}\" data-image-title=\"lugny &#8211; 2 juin 21 &#8211; 05\" data-image-description=\"\" data-image-caption=\"\" data-medium-file=\"https:\/\/i0.wp.com\/projetscitoyens.francas71.org\/wp-content\/uploads\/2021\/06\/lugny-2-juin-21-05.jpg?fit=300%2C169\" data-large-file=\"https:\/\/i0.wp.com\/projetscitoyens.francas71.org\/wp-content\/uploads\/2021\/06\/lugny-2-juin-21-05.jpg?fit=533%2C300\" tabindex=\"0\" role=\"button\" src=\"https:\/\/i0.wp.com\/projetscitoyens.francas71.org\/wp-content\/uploads\/2021\/06\/lugny-2-juin-21-05.jpg?resize=533%2C300\" alt=\"\" class=\"wp-image-3240\" srcset=\"https:\/\/i0.wp.com\/projetscitoyens.francas71.org\/wp-content\/uploads\/2021\/06\/lugny-2-juin-21-05.jpg?w=533 533w, https:\/\/i0.wp.com\/projetscitoyens.francas71.org\/wp-content\/uploads\/2021\/06\/lugny-2-juin-21-05.jpg?resize=300%2C169 300w, https:\/\/i0.wp.com\/projetscitoyens.francas71.org\/wp-content\/uploads\/2021\/06\/lugny-2-juin-21-05.jpg?resize=480%2C270 480w\" sizes=\"(max-width: 533px) 100vw, 533px\" data-recalc-dims=\"1\" \/><\/figure>\n\n\n\n<figure class=\"wp-block-image size-large\"><img loading=\"lazy\" decoding=\"async\" width=\"533\" height=\"300\" data-attachment-id=\"3238\" data-permalink=\"http:\/\/projetscitoyens.francas71.org\/?attachment_id=3238\" data-orig-file=\"https:\/\/i0.wp.com\/projetscitoyens.francas71.org\/wp-content\/uploads\/2021\/06\/lugny-2-juin-21-03.jpg?fit=533%2C300\" data-orig-size=\"533,300\" data-comments-opened=\"1\" data-image-meta=\"{&quot;aperture&quot;:&quot;0&quot;,&quot;credit&quot;:&quot;&quot;,&quot;camera&quot;:&quot;&quot;,&quot;caption&quot;:&quot;&quot;,&quot;created_timestamp&quot;:&quot;0&quot;,&quot;copyright&quot;:&quot;&quot;,&quot;focal_length&quot;:&quot;0&quot;,&quot;iso&quot;:&quot;0&quot;,&quot;shutter_speed&quot;:&quot;0&quot;,&quot;title&quot;:&quot;&quot;,&quot;orientation&quot;:&quot;0&quot;}\" data-image-title=\"lugny &#8211; 2 juin 21 &#8211; 03\" data-image-description=\"\" data-image-caption=\"\" data-medium-file=\"https:\/\/i0.wp.com\/projetscitoyens.francas71.org\/wp-content\/uploads\/2021\/06\/lugny-2-juin-21-03.jpg?fit=300%2C169\" data-large-file=\"https:\/\/i0.wp.com\/projetscitoyens.francas71.org\/wp-content\/uploads\/2021\/06\/lugny-2-juin-21-03.jpg?fit=533%2C300\" tabindex=\"0\" role=\"button\" src=\"https:\/\/i0.wp.com\/projetscitoyens.francas71.org\/wp-content\/uploads\/2021\/06\/lugny-2-juin-21-03.jpg?resize=533%2C300\" alt=\"\" class=\"wp-image-3238\" srcset=\"https:\/\/i0.wp.com\/projetscitoyens.francas71.org\/wp-content\/uploads\/2021\/06\/lugny-2-juin-21-03.jpg?w=533 533w, https:\/\/i0.wp.com\/projetscitoyens.francas71.org\/wp-content\/uploads\/2021\/06\/lugny-2-juin-21-03.jpg?resize=300%2C169 300w, https:\/\/i0.wp.com\/projetscitoyens.francas71.org\/wp-content\/uploads\/2021\/06\/lugny-2-juin-21-03.jpg?resize=480%2C270 480w\" sizes=\"(max-width: 533px) 100vw, 533px\" data-recalc-dims=\"1\" \/><figcaption>Interview de la Principale du Coll\u00e8ge<\/figcaption><\/figure>\n\n\n\n<figure class=\"wp-block-image size-large\"><img loading=\"lazy\" decoding=\"async\" width=\"533\" height=\"300\" data-attachment-id=\"3236\" data-permalink=\"http:\/\/projetscitoyens.francas71.org\/?attachment_id=3236\" data-orig-file=\"https:\/\/i0.wp.com\/projetscitoyens.francas71.org\/wp-content\/uploads\/2021\/06\/lugny-2-juin-21-01.jpg?fit=533%2C300\" data-orig-size=\"533,300\" data-comments-opened=\"1\" data-image-meta=\"{&quot;aperture&quot;:&quot;0&quot;,&quot;credit&quot;:&quot;&quot;,&quot;camera&quot;:&quot;&quot;,&quot;caption&quot;:&quot;&quot;,&quot;created_timestamp&quot;:&quot;0&quot;,&quot;copyright&quot;:&quot;&quot;,&quot;focal_length&quot;:&quot;0&quot;,&quot;iso&quot;:&quot;0&quot;,&quot;shutter_speed&quot;:&quot;0&quot;,&quot;title&quot;:&quot;&quot;,&quot;orientation&quot;:&quot;0&quot;}\" data-image-title=\"lugny &#8211; 2 juin 21 &#8211; 01\" data-image-description=\"\" data-image-caption=\"\" data-medium-file=\"https:\/\/i0.wp.com\/projetscitoyens.francas71.org\/wp-content\/uploads\/2021\/06\/lugny-2-juin-21-01.jpg?fit=300%2C169\" data-large-file=\"https:\/\/i0.wp.com\/projetscitoyens.francas71.org\/wp-content\/uploads\/2021\/06\/lugny-2-juin-21-01.jpg?fit=533%2C300\" tabindex=\"0\" role=\"button\" src=\"https:\/\/i0.wp.com\/projetscitoyens.francas71.org\/wp-content\/uploads\/2021\/06\/lugny-2-juin-21-01.jpg?resize=533%2C300\" alt=\"\" class=\"wp-image-3236\" srcset=\"https:\/\/i0.wp.com\/projetscitoyens.francas71.org\/wp-content\/uploads\/2021\/06\/lugny-2-juin-21-01.jpg?w=533 533w, https:\/\/i0.wp.com\/projetscitoyens.francas71.org\/wp-content\/uploads\/2021\/06\/lugny-2-juin-21-01.jpg?resize=300%2C169 300w, https:\/\/i0.wp.com\/projetscitoyens.francas71.org\/wp-content\/uploads\/2021\/06\/lugny-2-juin-21-01.jpg?resize=480%2C270 480w\" sizes=\"(max-width: 533px) 100vw, 533px\" data-recalc-dims=\"1\" \/><\/figure>\n\n\n\n<figure class=\"wp-block-image size-large\"><img loading=\"lazy\" decoding=\"async\" width=\"533\" height=\"300\" data-attachment-id=\"3237\" data-permalink=\"http:\/\/projetscitoyens.francas71.org\/?attachment_id=3237\" data-orig-file=\"https:\/\/i0.wp.com\/projetscitoyens.francas71.org\/wp-content\/uploads\/2021\/06\/lugny-2-juin-21-02.jpg?fit=533%2C300\" data-orig-size=\"533,300\" data-comments-opened=\"1\" data-image-meta=\"{&quot;aperture&quot;:&quot;0&quot;,&quot;credit&quot;:&quot;&quot;,&quot;camera&quot;:&quot;&quot;,&quot;caption&quot;:&quot;&quot;,&quot;created_timestamp&quot;:&quot;0&quot;,&quot;copyright&quot;:&quot;&quot;,&quot;focal_length&quot;:&quot;0&quot;,&quot;iso&quot;:&quot;0&quot;,&quot;shutter_speed&quot;:&quot;0&quot;,&quot;title&quot;:&quot;&quot;,&quot;orientation&quot;:&quot;0&quot;}\" data-image-title=\"lugny &#8211; 2 juin 21 &#8211; 02\" data-image-description=\"\" data-image-caption=\"\" data-medium-file=\"https:\/\/i0.wp.com\/projetscitoyens.francas71.org\/wp-content\/uploads\/2021\/06\/lugny-2-juin-21-02.jpg?fit=300%2C169\" data-large-file=\"https:\/\/i0.wp.com\/projetscitoyens.francas71.org\/wp-content\/uploads\/2021\/06\/lugny-2-juin-21-02.jpg?fit=533%2C300\" tabindex=\"0\" role=\"button\" src=\"https:\/\/i0.wp.com\/projetscitoyens.francas71.org\/wp-content\/uploads\/2021\/06\/lugny-2-juin-21-02.jpg?resize=533%2C300\" alt=\"\" class=\"wp-image-3237\" srcset=\"https:\/\/i0.wp.com\/projetscitoyens.francas71.org\/wp-content\/uploads\/2021\/06\/lugny-2-juin-21-02.jpg?w=533 533w, https:\/\/i0.wp.com\/projetscitoyens.francas71.org\/wp-content\/uploads\/2021\/06\/lugny-2-juin-21-02.jpg?resize=300%2C169 300w, https:\/\/i0.wp.com\/projetscitoyens.francas71.org\/wp-content\/uploads\/2021\/06\/lugny-2-juin-21-02.jpg?resize=480%2C270 480w\" sizes=\"(max-width: 533px) 100vw, 533px\" data-recalc-dims=\"1\" \/><\/figure>\n\n\n\n<figure class=\"wp-block-image size-large\"><img loading=\"lazy\" decoding=\"async\" width=\"300\" height=\"533\" data-attachment-id=\"3239\" data-permalink=\"http:\/\/projetscitoyens.francas71.org\/?attachment_id=3239\" data-orig-file=\"https:\/\/i0.wp.com\/projetscitoyens.francas71.org\/wp-content\/uploads\/2021\/06\/lugny-2-juin-21-04.jpg?fit=300%2C533\" data-orig-size=\"300,533\" data-comments-opened=\"1\" data-image-meta=\"{&quot;aperture&quot;:&quot;0&quot;,&quot;credit&quot;:&quot;&quot;,&quot;camera&quot;:&quot;&quot;,&quot;caption&quot;:&quot;&quot;,&quot;created_timestamp&quot;:&quot;0&quot;,&quot;copyright&quot;:&quot;&quot;,&quot;focal_length&quot;:&quot;0&quot;,&quot;iso&quot;:&quot;0&quot;,&quot;shutter_speed&quot;:&quot;0&quot;,&quot;title&quot;:&quot;&quot;,&quot;orientation&quot;:&quot;0&quot;}\" data-image-title=\"lugny &#8211; 2 juin 21 &#8211; 04\" data-image-description=\"\" data-image-caption=\"\" data-medium-file=\"https:\/\/i0.wp.com\/projetscitoyens.francas71.org\/wp-content\/uploads\/2021\/06\/lugny-2-juin-21-04.jpg?fit=169%2C300\" data-large-file=\"https:\/\/i0.wp.com\/projetscitoyens.francas71.org\/wp-content\/uploads\/2021\/06\/lugny-2-juin-21-04.jpg?fit=300%2C533\" tabindex=\"0\" role=\"button\" src=\"https:\/\/i0.wp.com\/projetscitoyens.francas71.org\/wp-content\/uploads\/2021\/06\/lugny-2-juin-21-04.jpg?resize=300%2C533\" alt=\"\" class=\"wp-image-3239\" srcset=\"https:\/\/i0.wp.com\/projetscitoyens.francas71.org\/wp-content\/uploads\/2021\/06\/lugny-2-juin-21-04.jpg?w=300 300w, https:\/\/i0.wp.com\/projetscitoyens.francas71.org\/wp-content\/uploads\/2021\/06\/lugny-2-juin-21-04.jpg?resize=169%2C300 169w, https:\/\/i0.wp.com\/projetscitoyens.francas71.org\/wp-content\/uploads\/2021\/06\/lugny-2-juin-21-04.jpg?resize=152%2C270 152w\" sizes=\"(max-width: 300px) 100vw, 300px\" data-recalc-dims=\"1\" \/><figcaption>Interview du professeur d&rsquo;histoire g\u00e9ographie<\/figcaption><\/figure>\n\n\n\n<figure class=\"wp-block-audio\"><audio controls src=\"http:\/\/projetscitoyens.francas71.org\/wp-content\/uploads\/2021\/06\/Enregistrement-final-Lugny.mp3\"><\/audio><figcaption>Emission g\u00e9n\u00e9rale finale<\/figcaption><\/figure>\n\n\n\n<figure class=\"wp-block-audio\"><audio controls src=\"http:\/\/projetscitoyens.francas71.org\/wp-content\/uploads\/2021\/06\/Interview-Principale.mp3\"><\/audio><figcaption>Interview de la Principale du Coll\u00e8ge<\/figcaption><\/figure>\n\n\n\n<figure class=\"wp-block-audio\"><audio controls src=\"http:\/\/projetscitoyens.francas71.org\/wp-content\/uploads\/2021\/06\/Interview-CPE.mp3\"><\/audio><figcaption>Interview de la Conseill\u00e8re Principale d&rsquo;Education du Coll\u00e8ge<\/figcaption><\/figure>\n\n\n\n<figure class=\"wp-block-audio\"><audio controls src=\"http:\/\/projetscitoyens.francas71.org\/wp-content\/uploads\/2021\/06\/Interview-Monsieur-Milou.mp3\"><\/audio><figcaption>Interview du professeur d&rsquo;histoire g\u00e9ographie<\/figcaption><\/figure>\n","protected":false},"excerpt":{"rendered":"<p>Mercredi 2 juin 2021, 12h, quelques secondes avant la sonnerie de fin des cours, le petit groupe de 4\u00e8me remob d\u00e9branche les micros apr\u00e8s avoir enregistr\u00e9 leur \u00e9mission finale. Ce groupe est mobilis\u00e9 depuis novembre 2020 pour pr\u00e9parer une \u00e9mission de radio sur un grand th\u00e8me : la discrimination. Le groupe d\u2019\u00e9l\u00e8ves de quatri\u00e8me de remobilisation du coll\u00e8ge St-Cyr de Lugny vous pr\u00e9sente son projet radio. Ces \u00e9l\u00e8ves ont r\u00e9alis\u00e9 une \u00e9mission collective sur les th\u00e9matiques du racisme et de&#8230;<\/p>\n<p class=\"read-more\"><a class=\"btn btn-default\" href=\"http:\/\/projetscitoyens.francas71.org\/?p=3246\" onclick=\"return TrackClick('http%3A%2F%2Fprojetscitoyens.francas71.org%2F%3Fp%3D3246','Lire+la+suite+Lire+la+suite')\">Lire la suite<span class=\"screen-reader-text\"> Lire la suite<\/span><\/a><\/p>\n","protected":false},"author":1,"featured_media":3241,"comment_status":"open","ping_status":"open","sticky":false,"template":"","format":"standard","meta":{"jetpack_post_was_ever_published":false,"_jetpack_newsletter_access":"","_jetpack_dont_email_post_to_subs":false,"_jetpack_newsletter_tier_id":0,"_jetpack_memberships_contains_paywalled_content":false,"_jetpack_memberships_contains_paid_content":false,"footnotes":"","jetpack_publicize_message":"","jetpack_publicize_feature_enabled":true,"jetpack_social_post_already_shared":true,"jetpack_social_options":{"image_generator_settings":{"template":"highway","enabled":false},"version":2}},"categories":[241,214],"tags":[34,258,123,192,72,256],"class_list":["post-3246","post","type-post","status-publish","format-standard","has-post-thumbnail","hentry","category-actualites","category-la-radio","tag-college","tag-discrimination","tag-education","tag-expression","tag-jeunes","tag-remobilisation"],"jetpack_publicize_connections":[],"jetpack_featured_media_url":"https:\/\/i0.wp.com\/projetscitoyens.francas71.org\/wp-content\/uploads\/2021\/06\/lugny-2-juin-21-06.jpg?fit=533%2C300","jetpack_sharing_enabled":true,"jetpack_shortlink":"https:\/\/wp.me\/p6M0zG-Qm","jetpack-related-posts":[],"jetpack_likes_enabled":true,"_links":{"self":[{"href":"http:\/\/projetscitoyens.francas71.org\/index.php?rest_route=\/wp\/v2\/posts\/3246"}],"collection":[{"href":"http:\/\/projetscitoyens.francas71.org\/index.php?rest_route=\/wp\/v2\/posts"}],"about":[{"href":"http:\/\/projetscitoyens.francas71.org\/index.php?rest_route=\/wp\/v2\/types\/post"}],"author":[{"embeddable":true,"href":"http:\/\/projetscitoyens.francas71.org\/index.php?rest_route=\/wp\/v2\/users\/1"}],"replies":[{"embeddable":true,"href":"http:\/\/projetscitoyens.francas71.org\/index.php?rest_route=%2Fwp%2Fv2%2Fcomments&post=3246"}],"version-history":[{"count":1,"href":"http:\/\/projetscitoyens.francas71.org\/index.php?rest_route=\/wp\/v2\/posts\/3246\/revisions"}],"predecessor-version":[{"id":3247,"href":"http:\/\/projetscitoyens.francas71.org\/index.php?rest_route=\/wp\/v2\/posts\/3246\/revisions\/3247"}],"wp:featuredmedia":[{"embeddable":true,"href":"http:\/\/projetscitoyens.francas71.org\/index.php?rest_route=\/wp\/v2\/media\/3241"}],"wp:attachment":[{"href":"http:\/\/projetscitoyens.francas71.org\/index.php?rest_route=%2Fwp%2Fv2%2Fmedia&parent=3246"}],"wp:term":[{"taxonomy":"category","embeddable":true,"href":"http:\/\/projetscitoyens.francas71.org\/index.php?rest_route=%2Fwp%2Fv2%2Fcategories&post=3246"},{"taxonomy":"post_tag","embeddable":true,"href":"http:\/\/projetscitoyens.francas71.org\/index.php?rest_route=%2Fwp%2Fv2%2Ftags&post=3246"}],"curies":[{"name":"wp","href":"https:\/\/api.w.org\/{rel}","templated":true}]}}