{"id":3265,"date":"2021-07-13T14:52:38","date_gmt":"2021-07-13T13:52:38","guid":{"rendered":"http:\/\/projetscitoyens.francas71.org\/?p=3265"},"modified":"2021-07-13T14:52:38","modified_gmt":"2021-07-13T13:52:38","slug":"cartes-postales-audio-en-direct-du-snu-dautun","status":"publish","type":"post","link":"http:\/\/projetscitoyens.francas71.org\/?p=3265","title":{"rendered":"Cartes postales audio en direct du SNU d&rsquo;Autun"},"content":{"rendered":"\n<h4 class=\"has-vivid-red-color has-text-color wp-block-heading\">Vendredi 25 juin 2021, le studio radio s&rsquo;est install\u00e9 sur le s\u00e9jour de coh\u00e9sion du <a href=\"https:\/\/www.snu.gouv.fr\/\" onclick=\"return TrackClick('https%3A%2F%2Fwww.snu.gouv.fr%2F','Service+National+Universel')\">Service National Universel<\/a> \u00e0 <a href=\"https:\/\/www.autun.com\/\" onclick=\"return TrackClick('https%3A%2F%2Fwww.autun.com%2F','Autun')\">Autun<\/a>. L&rsquo;occasion pour les jeunes d&rsquo;enregistrer des \u00ab\u00a0cartes postales\u00a0\u00bb audio \u00e0 mi-parcours de leur s\u00e9jour.<\/h4>\n\n\n\n<p>Un principe simple : des questions myst\u00e8res inscrites sur des petits papiers, 3 \u00e0 4 jeunes par plateau, chacun choisi un papier au hasard et propose un t\u00e9moignage. Merci \u00e0 Mazarine, Andr\u00e9a, Sara, Louison, Thibaut, Luane, Ithan, L\u00e9a, Tun\u00e7ay, L\u00e9onie, Lauryne, Enzo, Lisa et Fatou pour leur participation \u00e0 ce petit jeu radiophonique.<\/p>\n\n\n\n<figure class=\"wp-block-audio\"><audio controls src=\"http:\/\/projetscitoyens.francas71.org\/wp-content\/uploads\/2021\/07\/snu-carte-g1.mp3\"><\/audio><figcaption>Groupe 1 : Mazarine, Andr\u00e9a, Sara<br><\/figcaption><\/figure>\n\n\n\n<figure class=\"wp-block-audio\"><audio controls src=\"http:\/\/projetscitoyens.francas71.org\/wp-content\/uploads\/2021\/07\/snu-carte-g2.mp3\"><\/audio><figcaption>Groupe 2 : Louison, Thibaut, Luane, Ithan<br><\/figcaption><\/figure>\n\n\n\n<figure class=\"wp-block-audio\"><audio controls src=\"http:\/\/projetscitoyens.francas71.org\/wp-content\/uploads\/2021\/07\/snu-carte-g3.mp3\"><\/audio><figcaption>Groupe 3 : Luane, Ithan, L\u00e9a, Tun\u00e7ay<br><\/figcaption><\/figure>\n\n\n\n<figure class=\"wp-block-audio\"><audio controls src=\"http:\/\/projetscitoyens.francas71.org\/wp-content\/uploads\/2021\/07\/snu-gpe-4.mp3\"><\/audio><figcaption>Groupe 4 : L\u00e9onie, Lauryne, Enzo<br><\/figcaption><\/figure>\n\n\n\n<figure class=\"wp-block-audio\"><audio controls src=\"http:\/\/projetscitoyens.francas71.org\/wp-content\/uploads\/2021\/07\/snu-gpe-5.mp3\"><\/audio><figcaption>Groupe 5 : Lisa, Fatou et Tun\u00e7ay<br><\/figcaption><\/figure>\n\n\n\n<figure class=\"wp-block-image size-large\"><img loading=\"lazy\" decoding=\"async\" width=\"360\" height=\"480\" data-attachment-id=\"3264\" data-permalink=\"http:\/\/projetscitoyens.francas71.org\/?attachment_id=3264\" data-orig-file=\"https:\/\/i0.wp.com\/projetscitoyens.francas71.org\/wp-content\/uploads\/2021\/07\/IMG_03991.jpg?fit=360%2C480\" data-orig-size=\"360,480\" data-comments-opened=\"1\" data-image-meta=\"{&quot;aperture&quot;:&quot;0&quot;,&quot;credit&quot;:&quot;&quot;,&quot;camera&quot;:&quot;&quot;,&quot;caption&quot;:&quot;&quot;,&quot;created_timestamp&quot;:&quot;0&quot;,&quot;copyright&quot;:&quot;&quot;,&quot;focal_length&quot;:&quot;0&quot;,&quot;iso&quot;:&quot;0&quot;,&quot;shutter_speed&quot;:&quot;0&quot;,&quot;title&quot;:&quot;&quot;,&quot;orientation&quot;:&quot;0&quot;}\" data-image-title=\"IMG_03991\" data-image-description=\"\" data-image-caption=\"\" data-medium-file=\"https:\/\/i0.wp.com\/projetscitoyens.francas71.org\/wp-content\/uploads\/2021\/07\/IMG_03991.jpg?fit=225%2C300\" data-large-file=\"https:\/\/i0.wp.com\/projetscitoyens.francas71.org\/wp-content\/uploads\/2021\/07\/IMG_03991.jpg?fit=360%2C480\" tabindex=\"0\" role=\"button\" src=\"https:\/\/i0.wp.com\/projetscitoyens.francas71.org\/wp-content\/uploads\/2021\/07\/IMG_03991.jpg?resize=360%2C480\" alt=\"\" class=\"wp-image-3264\" srcset=\"https:\/\/i0.wp.com\/projetscitoyens.francas71.org\/wp-content\/uploads\/2021\/07\/IMG_03991.jpg?w=360 360w, https:\/\/i0.wp.com\/projetscitoyens.francas71.org\/wp-content\/uploads\/2021\/07\/IMG_03991.jpg?resize=225%2C300 225w, https:\/\/i0.wp.com\/projetscitoyens.francas71.org\/wp-content\/uploads\/2021\/07\/IMG_03991.jpg?resize=203%2C270 203w\" sizes=\"(max-width: 360px) 100vw, 360px\" data-recalc-dims=\"1\" \/><\/figure>\n\n\n\n<figure class=\"wp-block-image size-large\"><img loading=\"lazy\" decoding=\"async\" width=\"500\" height=\"889\" data-attachment-id=\"3262\" data-permalink=\"http:\/\/projetscitoyens.francas71.org\/?attachment_id=3262\" data-orig-file=\"https:\/\/i0.wp.com\/projetscitoyens.francas71.org\/wp-content\/uploads\/2021\/07\/radio-snu-02.jpg?fit=500%2C889\" data-orig-size=\"500,889\" data-comments-opened=\"1\" data-image-meta=\"{&quot;aperture&quot;:&quot;0&quot;,&quot;credit&quot;:&quot;&quot;,&quot;camera&quot;:&quot;&quot;,&quot;caption&quot;:&quot;&quot;,&quot;created_timestamp&quot;:&quot;0&quot;,&quot;copyright&quot;:&quot;&quot;,&quot;focal_length&quot;:&quot;0&quot;,&quot;iso&quot;:&quot;0&quot;,&quot;shutter_speed&quot;:&quot;0&quot;,&quot;title&quot;:&quot;&quot;,&quot;orientation&quot;:&quot;0&quot;}\" data-image-title=\"radio snu 02\" data-image-description=\"\" data-image-caption=\"\" data-medium-file=\"https:\/\/i0.wp.com\/projetscitoyens.francas71.org\/wp-content\/uploads\/2021\/07\/radio-snu-02.jpg?fit=169%2C300\" data-large-file=\"https:\/\/i0.wp.com\/projetscitoyens.francas71.org\/wp-content\/uploads\/2021\/07\/radio-snu-02.jpg?fit=500%2C889\" tabindex=\"0\" role=\"button\" src=\"https:\/\/i0.wp.com\/projetscitoyens.francas71.org\/wp-content\/uploads\/2021\/07\/radio-snu-02.jpg?resize=500%2C889\" alt=\"\" class=\"wp-image-3262\" srcset=\"https:\/\/i0.wp.com\/projetscitoyens.francas71.org\/wp-content\/uploads\/2021\/07\/radio-snu-02.jpg?w=500 500w, https:\/\/i0.wp.com\/projetscitoyens.francas71.org\/wp-content\/uploads\/2021\/07\/radio-snu-02.jpg?resize=169%2C300 169w, https:\/\/i0.wp.com\/projetscitoyens.francas71.org\/wp-content\/uploads\/2021\/07\/radio-snu-02.jpg?resize=152%2C270 152w\" sizes=\"(max-width: 500px) 100vw, 500px\" data-recalc-dims=\"1\" \/><\/figure>\n","protected":false},"excerpt":{"rendered":"<p>Vendredi 25 juin 2021, le studio radio s&rsquo;est install\u00e9 sur le s\u00e9jour de coh\u00e9sion du Service National Universel \u00e0 Autun. L&rsquo;occasion pour les jeunes d&rsquo;enregistrer des \u00ab\u00a0cartes postales\u00a0\u00bb audio \u00e0 mi-parcours de leur s\u00e9jour. Un principe simple : des questions myst\u00e8res inscrites sur des petits papiers, 3 \u00e0 4 jeunes par plateau, chacun choisi un papier au hasard et propose un t\u00e9moignage. Merci \u00e0 Mazarine, Andr\u00e9a, Sara, Louison, Thibaut, Luane, Ithan, L\u00e9a, Tun\u00e7ay, L\u00e9onie, Lauryne, Enzo, Lisa et Fatou pour&#8230;<\/p>\n<p class=\"read-more\"><a class=\"btn btn-default\" href=\"http:\/\/projetscitoyens.francas71.org\/?p=3265\" onclick=\"return TrackClick('http%3A%2F%2Fprojetscitoyens.francas71.org%2F%3Fp%3D3265','Lire+la+suite+Lire+la+suite')\">Lire la suite<span class=\"screen-reader-text\"> Lire la suite<\/span><\/a><\/p>\n","protected":false},"author":1,"featured_media":3261,"comment_status":"open","ping_status":"open","sticky":false,"template":"","format":"standard","meta":{"jetpack_post_was_ever_published":false,"_jetpack_newsletter_access":"","_jetpack_dont_email_post_to_subs":false,"_jetpack_newsletter_tier_id":0,"_jetpack_memberships_contains_paywalled_content":false,"_jetpack_memberships_contains_paid_content":false,"footnotes":"","jetpack_publicize_message":"","jetpack_publicize_feature_enabled":true,"jetpack_social_post_already_shared":true,"jetpack_social_options":{"image_generator_settings":{"template":"highway","enabled":false},"version":2}},"categories":[241,214],"tags":[274,129,72,275,273,272],"class_list":["post-3265","post","type-post","status-publish","format-standard","has-post-thumbnail","hentry","category-actualites","category-la-radio","tag-cohesion","tag-engagement","tag-jeunes","tag-militaire","tag-sejour","tag-snu"],"jetpack_publicize_connections":[],"jetpack_featured_media_url":"https:\/\/i0.wp.com\/projetscitoyens.francas71.org\/wp-content\/uploads\/2021\/07\/radio-snu-01.jpg?fit=889%2C500","jetpack_sharing_enabled":true,"jetpack_shortlink":"https:\/\/wp.me\/p6M0zG-QF","jetpack-related-posts":[],"jetpack_likes_enabled":true,"_links":{"self":[{"href":"http:\/\/projetscitoyens.francas71.org\/index.php?rest_route=\/wp\/v2\/posts\/3265"}],"collection":[{"href":"http:\/\/projetscitoyens.francas71.org\/index.php?rest_route=\/wp\/v2\/posts"}],"about":[{"href":"http:\/\/projetscitoyens.francas71.org\/index.php?rest_route=\/wp\/v2\/types\/post"}],"author":[{"embeddable":true,"href":"http:\/\/projetscitoyens.francas71.org\/index.php?rest_route=\/wp\/v2\/users\/1"}],"replies":[{"embeddable":true,"href":"http:\/\/projetscitoyens.francas71.org\/index.php?rest_route=%2Fwp%2Fv2%2Fcomments&post=3265"}],"version-history":[{"count":1,"href":"http:\/\/projetscitoyens.francas71.org\/index.php?rest_route=\/wp\/v2\/posts\/3265\/revisions"}],"predecessor-version":[{"id":3266,"href":"http:\/\/projetscitoyens.francas71.org\/index.php?rest_route=\/wp\/v2\/posts\/3265\/revisions\/3266"}],"wp:featuredmedia":[{"embeddable":true,"href":"http:\/\/projetscitoyens.francas71.org\/index.php?rest_route=\/wp\/v2\/media\/3261"}],"wp:attachment":[{"href":"http:\/\/projetscitoyens.francas71.org\/index.php?rest_route=%2Fwp%2Fv2%2Fmedia&parent=3265"}],"wp:term":[{"taxonomy":"category","embeddable":true,"href":"http:\/\/projetscitoyens.francas71.org\/index.php?rest_route=%2Fwp%2Fv2%2Fcategories&post=3265"},{"taxonomy":"post_tag","embeddable":true,"href":"http:\/\/projetscitoyens.francas71.org\/index.php?rest_route=%2Fwp%2Fv2%2Ftags&post=3265"}],"curies":[{"name":"wp","href":"https:\/\/api.w.org\/{rel}","templated":true}]}}