{"id":3297,"date":"2021-07-15T10:10:24","date_gmt":"2021-07-15T09:10:24","guid":{"rendered":"http:\/\/projetscitoyens.francas71.org\/?p=3297"},"modified":"2021-07-15T10:10:24","modified_gmt":"2021-07-15T09:10:24","slug":"ateliers-radio-a-vonges-21-en-fevrier-2021","status":"publish","type":"post","link":"http:\/\/projetscitoyens.francas71.org\/?p=3297","title":{"rendered":"Ateliers radio \u00e0 Vonges (21) en f\u00e9vrier 2021"},"content":{"rendered":"\n<h4 class=\"has-vivid-red-color has-text-color wp-block-heading\">Durant 4 journ\u00e9es, sur les vacances d&rsquo;hiver 2021, le studio radio s&rsquo;est install\u00e9 sur l&rsquo;accueil jeunes de Vonges (21). L&rsquo;occasion pour les ados d&rsquo;enregistrer une multitude d&rsquo;\u00e9missions sur des sujets divers.<\/h4>\n\n\n\n<p>Des ateliers propos\u00e9s par les Francas de C\u00f4te d&rsquo;Or, dans le cadre du partenariat avec le Conseil D\u00e9partemental de C\u00f4te d&rsquo;Or (les \u00ab\u00a0<a href=\"https:\/\/www.cotedor.fr\/votre-service\/jeunesse-education\/accompagnement-et-aides-pour-les-jeunes\/la-prevention-jeunesse-en\" onclick=\"return TrackClick('https%3A%2F%2Fwww.cotedor.fr%2Fvotre-service%2Fjeunesse-education%2Faccompagnement-et-aides-pour-les-jeunes%2Fla-prevention-jeunesse-en','ateliers+jeunes')\">ateliers jeunes<\/a>\u00ab\u00a0)<\/p>\n\n\n\n<h5 class=\"wp-block-heading\"><strong>Premier post avec les \u00e9missions enregistr\u00e9es le lundi 15 f\u00e9vrier<\/strong><\/h5>\n\n\n\n<figure class=\"wp-block-audio\"><audio controls src=\"http:\/\/projetscitoyens.francas71.org\/wp-content\/uploads\/2021\/07\/Vonges-21-lundi-15-fevrier-spa-lana.mp3\"><\/audio><figcaption>Atelier du lundi 15 f\u00e9vrier &#8211; groupe 1<br><\/figcaption><\/figure>\n\n\n\n<figure class=\"wp-block-audio\"><audio controls src=\"http:\/\/projetscitoyens.francas71.org\/wp-content\/uploads\/2021\/07\/Vonges-21-lundi-15-fevrier-histoire-lenny-et-alois.mp3\"><\/audio><figcaption> Atelier du lundi 15 f\u00e9vrier &#8211; groupe 2<br><\/figcaption><\/figure>\n\n\n\n<figure class=\"wp-block-audio\"><audio controls src=\"http:\/\/projetscitoyens.francas71.org\/wp-content\/uploads\/2021\/07\/Vonges-21-lundi-15-fevrier-jeu-video-mathias.mp3\"><\/audio><figcaption> Atelier du lundi 15 f\u00e9vrier &#8211; groupe 3<br><\/figcaption><\/figure>\n\n\n\n<figure class=\"wp-block-audio\"><audio controls src=\"http:\/\/projetscitoyens.francas71.org\/wp-content\/uploads\/2021\/07\/Vonges-21-lundi-15-fevrier-jeunesse-jade-eva.mp3\"><\/audio><figcaption> Atelier du lundi 15 f\u00e9vrier &#8211; groupe 4<br><\/figcaption><\/figure>\n\n\n\n<figure class=\"wp-block-audio\"><audio controls src=\"http:\/\/projetscitoyens.francas71.org\/wp-content\/uploads\/2021\/07\/Vonges-21-lundi-15-fevrier-meteo-lena-ethan.mp3\"><\/audio><figcaption> Atelier du lundi 15 f\u00e9vrier &#8211; groupe 5<br><\/figcaption><\/figure>\n\n\n\n<figure class=\"wp-block-audio\"><audio controls src=\"http:\/\/projetscitoyens.francas71.org\/wp-content\/uploads\/2021\/07\/Vonges-21-lundi-15-fevrier-musique-loane-manon.mp3\"><\/audio><figcaption> Atelier du lundi 15 f\u00e9vrier &#8211; groupe 6<br><\/figcaption><\/figure>\n\n\n\n<figure class=\"wp-block-image size-large\"><img loading=\"lazy\" decoding=\"async\" width=\"640\" height=\"360\" data-attachment-id=\"3285\" data-permalink=\"http:\/\/projetscitoyens.francas71.org\/?attachment_id=3285\" data-orig-file=\"https:\/\/i0.wp.com\/projetscitoyens.francas71.org\/wp-content\/uploads\/2021\/07\/vonges-01.jpg?fit=889%2C500\" data-orig-size=\"889,500\" data-comments-opened=\"1\" data-image-meta=\"{&quot;aperture&quot;:&quot;0&quot;,&quot;credit&quot;:&quot;&quot;,&quot;camera&quot;:&quot;&quot;,&quot;caption&quot;:&quot;&quot;,&quot;created_timestamp&quot;:&quot;0&quot;,&quot;copyright&quot;:&quot;&quot;,&quot;focal_length&quot;:&quot;0&quot;,&quot;iso&quot;:&quot;0&quot;,&quot;shutter_speed&quot;:&quot;0&quot;,&quot;title&quot;:&quot;&quot;,&quot;orientation&quot;:&quot;0&quot;}\" data-image-title=\"vonges 01\" data-image-description=\"\" data-image-caption=\"\" data-medium-file=\"https:\/\/i0.wp.com\/projetscitoyens.francas71.org\/wp-content\/uploads\/2021\/07\/vonges-01.jpg?fit=300%2C169\" data-large-file=\"https:\/\/i0.wp.com\/projetscitoyens.francas71.org\/wp-content\/uploads\/2021\/07\/vonges-01.jpg?fit=640%2C360\" tabindex=\"0\" role=\"button\" src=\"https:\/\/i0.wp.com\/projetscitoyens.francas71.org\/wp-content\/uploads\/2021\/07\/vonges-01.jpg?resize=640%2C360\" alt=\"\" class=\"wp-image-3285\" srcset=\"https:\/\/i0.wp.com\/projetscitoyens.francas71.org\/wp-content\/uploads\/2021\/07\/vonges-01.jpg?w=889 889w, https:\/\/i0.wp.com\/projetscitoyens.francas71.org\/wp-content\/uploads\/2021\/07\/vonges-01.jpg?resize=300%2C169 300w, https:\/\/i0.wp.com\/projetscitoyens.francas71.org\/wp-content\/uploads\/2021\/07\/vonges-01.jpg?resize=768%2C432 768w, https:\/\/i0.wp.com\/projetscitoyens.francas71.org\/wp-content\/uploads\/2021\/07\/vonges-01.jpg?resize=480%2C270 480w\" sizes=\"(max-width: 640px) 100vw, 640px\" data-recalc-dims=\"1\" \/><\/figure>\n","protected":false},"excerpt":{"rendered":"<p>Durant 4 journ\u00e9es, sur les vacances d&rsquo;hiver 2021, le studio radio s&rsquo;est install\u00e9 sur l&rsquo;accueil jeunes de Vonges (21). L&rsquo;occasion pour les ados d&rsquo;enregistrer une multitude d&rsquo;\u00e9missions sur des sujets divers. Des ateliers propos\u00e9s par les Francas de C\u00f4te d&rsquo;Or, dans le cadre du partenariat avec le Conseil D\u00e9partemental de C\u00f4te d&rsquo;Or (les \u00ab\u00a0ateliers jeunes\u00ab\u00a0) Premier post avec les \u00e9missions enregistr\u00e9es le lundi 15 f\u00e9vrier<\/p>\n","protected":false},"author":1,"featured_media":3284,"comment_status":"open","ping_status":"open","sticky":false,"template":"","format":"standard","meta":{"jetpack_post_was_ever_published":false,"_jetpack_newsletter_access":"","_jetpack_dont_email_post_to_subs":false,"_jetpack_newsletter_tier_id":0,"_jetpack_memberships_contains_paywalled_content":false,"_jetpack_memberships_contains_paid_content":false,"footnotes":"","jetpack_publicize_message":"","jetpack_publicize_feature_enabled":true,"jetpack_social_post_already_shared":true,"jetpack_social_options":{"image_generator_settings":{"template":"highway","enabled":false},"version":2}},"categories":[241,214],"tags":[193,192,276],"class_list":["post-3297","post","type-post","status-publish","format-standard","has-post-thumbnail","hentry","category-actualites","category-la-radio","tag-ados","tag-expression","tag-journalisme"],"jetpack_publicize_connections":[],"jetpack_featured_media_url":"https:\/\/i0.wp.com\/projetscitoyens.francas71.org\/wp-content\/uploads\/2021\/07\/vonges-13.jpg?fit=889%2C500","jetpack_sharing_enabled":true,"jetpack_shortlink":"https:\/\/wp.me\/p6M0zG-Rb","jetpack-related-posts":[],"jetpack_likes_enabled":true,"_links":{"self":[{"href":"http:\/\/projetscitoyens.francas71.org\/index.php?rest_route=\/wp\/v2\/posts\/3297"}],"collection":[{"href":"http:\/\/projetscitoyens.francas71.org\/index.php?rest_route=\/wp\/v2\/posts"}],"about":[{"href":"http:\/\/projetscitoyens.francas71.org\/index.php?rest_route=\/wp\/v2\/types\/post"}],"author":[{"embeddable":true,"href":"http:\/\/projetscitoyens.francas71.org\/index.php?rest_route=\/wp\/v2\/users\/1"}],"replies":[{"embeddable":true,"href":"http:\/\/projetscitoyens.francas71.org\/index.php?rest_route=%2Fwp%2Fv2%2Fcomments&post=3297"}],"version-history":[{"count":1,"href":"http:\/\/projetscitoyens.francas71.org\/index.php?rest_route=\/wp\/v2\/posts\/3297\/revisions"}],"predecessor-version":[{"id":3298,"href":"http:\/\/projetscitoyens.francas71.org\/index.php?rest_route=\/wp\/v2\/posts\/3297\/revisions\/3298"}],"wp:featuredmedia":[{"embeddable":true,"href":"http:\/\/projetscitoyens.francas71.org\/index.php?rest_route=\/wp\/v2\/media\/3284"}],"wp:attachment":[{"href":"http:\/\/projetscitoyens.francas71.org\/index.php?rest_route=%2Fwp%2Fv2%2Fmedia&parent=3297"}],"wp:term":[{"taxonomy":"category","embeddable":true,"href":"http:\/\/projetscitoyens.francas71.org\/index.php?rest_route=%2Fwp%2Fv2%2Fcategories&post=3297"},{"taxonomy":"post_tag","embeddable":true,"href":"http:\/\/projetscitoyens.francas71.org\/index.php?rest_route=%2Fwp%2Fv2%2Ftags&post=3297"}],"curies":[{"name":"wp","href":"https:\/\/api.w.org\/{rel}","templated":true}]}}