{"id":3299,"date":"2021-07-15T10:18:08","date_gmt":"2021-07-15T09:18:08","guid":{"rendered":"http:\/\/projetscitoyens.francas71.org\/?p=3299"},"modified":"2021-07-15T10:18:08","modified_gmt":"2021-07-15T09:18:08","slug":"ateliers-radio-a-vonges-21-en-fevrier-2021-2-4","status":"publish","type":"post","link":"http:\/\/projetscitoyens.francas71.org\/?p=3299","title":{"rendered":"Ateliers radio \u00e0 Vonges (21) en f\u00e9vrier 2021 (2\/4)"},"content":{"rendered":"\n<h4 class=\"has-vivid-red-color has-text-color wp-block-heading\">Durant 4 journ\u00e9es, sur \nles vacances d\u2019hiver 2021, le studio radio s\u2019est install\u00e9 sur l\u2019accueil \njeunes de Vonges (21). L\u2019occasion pour les ados d\u2019enregistrer une \nmultitude d\u2019\u00e9missions sur des sujets divers.<\/h4>\n\n\n\n<p>Des ateliers propos\u00e9s par les Francas de C\u00f4te d\u2019Or, dans le cadre du  partenariat avec le Conseil D\u00e9partemental de C\u00f4te d\u2019Or (les \u00ab\u00a0<a href=\"https:\/\/www.cotedor.fr\/votre-service\/jeunesse-education\/accompagnement-et-aides-pour-les-jeunes\/la-prevention-jeunesse-en\" onclick=\"return TrackClick('https%3A%2F%2Fwww.cotedor.fr%2Fvotre-service%2Fjeunesse-education%2Faccompagnement-et-aides-pour-les-jeunes%2Fla-prevention-jeunesse-en','ateliers+jeunes')\">ateliers jeunes<\/a>\u00ab\u00a0)<\/p>\n\n\n\n<p><strong>Deuxi\u00e8me post avec les \u00e9missions enregistr\u00e9es le mardi 16 f\u00e9vrier<\/strong><\/p>\n\n\n\n<figure class=\"wp-block-audio\"><audio controls src=\"http:\/\/projetscitoyens.francas71.org\/wp-content\/uploads\/2021\/07\/Vonges-21-mardi-16-f\u00e9vrier-Mat.mp3\"><\/audio><figcaption> Atelier du mardi 16 f\u00e9vrier \u2013 groupe 1 <br><\/figcaption><\/figure>\n\n\n\n<figure class=\"wp-block-audio\"><audio controls src=\"http:\/\/projetscitoyens.francas71.org\/wp-content\/uploads\/2021\/07\/Vonges-21-mardi-16-fevrier-Kobalade.mp3\"><\/audio><figcaption>  Atelier du mardi 16 f\u00e9vrier \u2013 groupe 2<br><\/figcaption><\/figure>\n\n\n\n<figure class=\"wp-block-audio\"><audio controls src=\"http:\/\/projetscitoyens.francas71.org\/wp-content\/uploads\/2021\/07\/Vonges-21-mardi-16-f\u00e9vrier-Joyca.mp3\"><\/audio><figcaption>  Atelier du mardi 16 f\u00e9vrier \u2013 groupe 3<br><\/figcaption><\/figure>\n\n\n\n<figure class=\"wp-block-image size-large\"><img loading=\"lazy\" decoding=\"async\" width=\"640\" height=\"360\" data-attachment-id=\"3286\" data-permalink=\"http:\/\/projetscitoyens.francas71.org\/?attachment_id=3286\" data-orig-file=\"https:\/\/i0.wp.com\/projetscitoyens.francas71.org\/wp-content\/uploads\/2021\/07\/vonges-02.jpg?fit=889%2C500\" data-orig-size=\"889,500\" data-comments-opened=\"1\" data-image-meta=\"{&quot;aperture&quot;:&quot;0&quot;,&quot;credit&quot;:&quot;&quot;,&quot;camera&quot;:&quot;&quot;,&quot;caption&quot;:&quot;&quot;,&quot;created_timestamp&quot;:&quot;0&quot;,&quot;copyright&quot;:&quot;&quot;,&quot;focal_length&quot;:&quot;0&quot;,&quot;iso&quot;:&quot;0&quot;,&quot;shutter_speed&quot;:&quot;0&quot;,&quot;title&quot;:&quot;&quot;,&quot;orientation&quot;:&quot;0&quot;}\" data-image-title=\"vonges 02\" data-image-description=\"\" data-image-caption=\"\" data-medium-file=\"https:\/\/i0.wp.com\/projetscitoyens.francas71.org\/wp-content\/uploads\/2021\/07\/vonges-02.jpg?fit=300%2C169\" data-large-file=\"https:\/\/i0.wp.com\/projetscitoyens.francas71.org\/wp-content\/uploads\/2021\/07\/vonges-02.jpg?fit=640%2C360\" tabindex=\"0\" role=\"button\" src=\"https:\/\/i0.wp.com\/projetscitoyens.francas71.org\/wp-content\/uploads\/2021\/07\/vonges-02.jpg?resize=640%2C360\" alt=\"\" class=\"wp-image-3286\" srcset=\"https:\/\/i0.wp.com\/projetscitoyens.francas71.org\/wp-content\/uploads\/2021\/07\/vonges-02.jpg?w=889 889w, https:\/\/i0.wp.com\/projetscitoyens.francas71.org\/wp-content\/uploads\/2021\/07\/vonges-02.jpg?resize=300%2C169 300w, https:\/\/i0.wp.com\/projetscitoyens.francas71.org\/wp-content\/uploads\/2021\/07\/vonges-02.jpg?resize=768%2C432 768w, https:\/\/i0.wp.com\/projetscitoyens.francas71.org\/wp-content\/uploads\/2021\/07\/vonges-02.jpg?resize=480%2C270 480w\" sizes=\"(max-width: 640px) 100vw, 640px\" data-recalc-dims=\"1\" \/><\/figure>\n\n\n\n<figure class=\"wp-block-image size-large\"><img loading=\"lazy\" decoding=\"async\" width=\"500\" height=\"889\" data-attachment-id=\"3287\" data-permalink=\"http:\/\/projetscitoyens.francas71.org\/?attachment_id=3287\" data-orig-file=\"https:\/\/i0.wp.com\/projetscitoyens.francas71.org\/wp-content\/uploads\/2021\/07\/vonges-03.jpg?fit=500%2C889\" data-orig-size=\"500,889\" data-comments-opened=\"1\" data-image-meta=\"{&quot;aperture&quot;:&quot;0&quot;,&quot;credit&quot;:&quot;&quot;,&quot;camera&quot;:&quot;&quot;,&quot;caption&quot;:&quot;&quot;,&quot;created_timestamp&quot;:&quot;0&quot;,&quot;copyright&quot;:&quot;&quot;,&quot;focal_length&quot;:&quot;0&quot;,&quot;iso&quot;:&quot;0&quot;,&quot;shutter_speed&quot;:&quot;0&quot;,&quot;title&quot;:&quot;&quot;,&quot;orientation&quot;:&quot;0&quot;}\" data-image-title=\"vonges 03\" data-image-description=\"\" data-image-caption=\"\" data-medium-file=\"https:\/\/i0.wp.com\/projetscitoyens.francas71.org\/wp-content\/uploads\/2021\/07\/vonges-03.jpg?fit=169%2C300\" data-large-file=\"https:\/\/i0.wp.com\/projetscitoyens.francas71.org\/wp-content\/uploads\/2021\/07\/vonges-03.jpg?fit=500%2C889\" tabindex=\"0\" role=\"button\" src=\"https:\/\/i0.wp.com\/projetscitoyens.francas71.org\/wp-content\/uploads\/2021\/07\/vonges-03.jpg?resize=500%2C889\" alt=\"\" class=\"wp-image-3287\" srcset=\"https:\/\/i0.wp.com\/projetscitoyens.francas71.org\/wp-content\/uploads\/2021\/07\/vonges-03.jpg?w=500 500w, https:\/\/i0.wp.com\/projetscitoyens.francas71.org\/wp-content\/uploads\/2021\/07\/vonges-03.jpg?resize=169%2C300 169w, https:\/\/i0.wp.com\/projetscitoyens.francas71.org\/wp-content\/uploads\/2021\/07\/vonges-03.jpg?resize=152%2C270 152w\" sizes=\"(max-width: 500px) 100vw, 500px\" data-recalc-dims=\"1\" \/><\/figure>\n","protected":false},"excerpt":{"rendered":"<p>Durant 4 journ\u00e9es, sur les vacances d\u2019hiver 2021, le studio radio s\u2019est install\u00e9 sur l\u2019accueil jeunes de Vonges (21). L\u2019occasion pour les ados d\u2019enregistrer une multitude d\u2019\u00e9missions sur des sujets divers. Des ateliers propos\u00e9s par les Francas de C\u00f4te d\u2019Or, dans le cadre du partenariat avec le Conseil D\u00e9partemental de C\u00f4te d\u2019Or (les \u00ab\u00a0ateliers jeunes\u00ab\u00a0) Deuxi\u00e8me post avec les \u00e9missions enregistr\u00e9es le mardi 16 f\u00e9vrier<\/p>\n","protected":false},"author":1,"featured_media":3284,"comment_status":"open","ping_status":"open","sticky":false,"template":"","format":"standard","meta":{"jetpack_post_was_ever_published":false,"_jetpack_newsletter_access":"","_jetpack_dont_email_post_to_subs":false,"_jetpack_newsletter_tier_id":0,"_jetpack_memberships_contains_paywalled_content":false,"_jetpack_memberships_contains_paid_content":false,"footnotes":"","jetpack_publicize_message":"","jetpack_publicize_feature_enabled":true,"jetpack_social_post_already_shared":true,"jetpack_social_options":{"image_generator_settings":{"template":"highway","enabled":false},"version":2}},"categories":[241,214],"tags":[193,192,72,277,181],"class_list":["post-3299","post","type-post","status-publish","format-standard","has-post-thumbnail","hentry","category-actualites","category-la-radio","tag-ados","tag-expression","tag-jeunes","tag-musique","tag-radio"],"jetpack_publicize_connections":[],"jetpack_featured_media_url":"https:\/\/i0.wp.com\/projetscitoyens.francas71.org\/wp-content\/uploads\/2021\/07\/vonges-13.jpg?fit=889%2C500","jetpack_sharing_enabled":true,"jetpack_shortlink":"https:\/\/wp.me\/p6M0zG-Rd","jetpack-related-posts":[],"jetpack_likes_enabled":true,"_links":{"self":[{"href":"http:\/\/projetscitoyens.francas71.org\/index.php?rest_route=\/wp\/v2\/posts\/3299"}],"collection":[{"href":"http:\/\/projetscitoyens.francas71.org\/index.php?rest_route=\/wp\/v2\/posts"}],"about":[{"href":"http:\/\/projetscitoyens.francas71.org\/index.php?rest_route=\/wp\/v2\/types\/post"}],"author":[{"embeddable":true,"href":"http:\/\/projetscitoyens.francas71.org\/index.php?rest_route=\/wp\/v2\/users\/1"}],"replies":[{"embeddable":true,"href":"http:\/\/projetscitoyens.francas71.org\/index.php?rest_route=%2Fwp%2Fv2%2Fcomments&post=3299"}],"version-history":[{"count":1,"href":"http:\/\/projetscitoyens.francas71.org\/index.php?rest_route=\/wp\/v2\/posts\/3299\/revisions"}],"predecessor-version":[{"id":3300,"href":"http:\/\/projetscitoyens.francas71.org\/index.php?rest_route=\/wp\/v2\/posts\/3299\/revisions\/3300"}],"wp:featuredmedia":[{"embeddable":true,"href":"http:\/\/projetscitoyens.francas71.org\/index.php?rest_route=\/wp\/v2\/media\/3284"}],"wp:attachment":[{"href":"http:\/\/projetscitoyens.francas71.org\/index.php?rest_route=%2Fwp%2Fv2%2Fmedia&parent=3299"}],"wp:term":[{"taxonomy":"category","embeddable":true,"href":"http:\/\/projetscitoyens.francas71.org\/index.php?rest_route=%2Fwp%2Fv2%2Fcategories&post=3299"},{"taxonomy":"post_tag","embeddable":true,"href":"http:\/\/projetscitoyens.francas71.org\/index.php?rest_route=%2Fwp%2Fv2%2Ftags&post=3299"}],"curies":[{"name":"wp","href":"https:\/\/api.w.org\/{rel}","templated":true}]}}