{"id":3346,"date":"2021-07-26T14:11:08","date_gmt":"2021-07-26T13:11:08","guid":{"rendered":"http:\/\/projetscitoyens.francas71.org\/?p=3346"},"modified":"2021-07-26T14:11:08","modified_gmt":"2021-07-26T13:11:08","slug":"seance-de-debats-radiophoniques-au-clas-de-gevrey-chambertin-21","status":"publish","type":"post","link":"http:\/\/projetscitoyens.francas71.org\/?p=3346","title":{"rendered":"S\u00e9ance de d\u00e9bats radiophoniques au CLAS de Gevrey-Chambertin (21)"},"content":{"rendered":"\n<p>Le mercredi 23 juin 2021, les enfants du Contrat Local d&rsquo;Accompagnement Scolaire (CLAS) de la Communaut\u00e9 de Communes de Gevrey-Chambertin et de Nuits St Georges ont enregistr\u00e9 8 d\u00e9bats courts.<\/p>\n\n\n\n<p>Tous les d\u00e9bats \u00e9taient enregistr\u00e9s dans le cadre de l&rsquo;atelier radio rendu possible gr\u00e2ce au soutien du Conseil D\u00e9partemental de C\u00f4te d&rsquo;Or<\/p>\n\n\n\n<figure class=\"wp-block-audio\"><audio controls src=\"http:\/\/projetscitoyens.francas71.org\/wp-content\/uploads\/2021\/07\/Gevrey-mercredi-23-juin-debat-1-serie-DA.mp3\"><\/audio><figcaption>1er d\u00e9bat : les s\u00e9ries et les dessins anim\u00e9s<br><\/figcaption><\/figure>\n\n\n\n<figure class=\"wp-block-audio\"><audio controls src=\"http:\/\/projetscitoyens.francas71.org\/wp-content\/uploads\/2021\/07\/Gevrey-mercredi-23-juin-debat-2-livre.mp3\"><\/audio><figcaption>2\u00e8me d\u00e9bat : le livre et la lecture<br><\/figcaption><\/figure>\n\n\n\n<figure class=\"wp-block-audio\"><audio controls src=\"http:\/\/projetscitoyens.francas71.org\/wp-content\/uploads\/2021\/07\/Gevrey-mercredi-23-juin-debat-3-reseaux.mp3\"><\/audio><figcaption>3\u00e8me d\u00e9bat : les r\u00e9seaux sociaux<br><\/figcaption><\/figure>\n\n\n\n<figure class=\"wp-block-audio\"><audio controls src=\"http:\/\/projetscitoyens.francas71.org\/wp-content\/uploads\/2021\/07\/Gevrey-mercredi-23-juin-debat-4-covid.mp3\"><\/audio><figcaption>4\u00e8me d\u00e9bat : la crise sanitaire du Covid<br><\/figcaption><\/figure>\n\n\n\n<figure class=\"wp-block-image size-large\"><img loading=\"lazy\" decoding=\"async\" width=\"640\" height=\"360\" data-attachment-id=\"3343\" data-permalink=\"http:\/\/projetscitoyens.francas71.org\/?attachment_id=3343\" data-orig-file=\"https:\/\/i0.wp.com\/projetscitoyens.francas71.org\/wp-content\/uploads\/2021\/07\/gevrey-02.jpg?fit=889%2C500\" data-orig-size=\"889,500\" data-comments-opened=\"1\" data-image-meta=\"{&quot;aperture&quot;:&quot;0&quot;,&quot;credit&quot;:&quot;&quot;,&quot;camera&quot;:&quot;&quot;,&quot;caption&quot;:&quot;&quot;,&quot;created_timestamp&quot;:&quot;0&quot;,&quot;copyright&quot;:&quot;&quot;,&quot;focal_length&quot;:&quot;0&quot;,&quot;iso&quot;:&quot;0&quot;,&quot;shutter_speed&quot;:&quot;0&quot;,&quot;title&quot;:&quot;&quot;,&quot;orientation&quot;:&quot;0&quot;}\" data-image-title=\"gevrey 02\" data-image-description=\"\" data-image-caption=\"\" data-medium-file=\"https:\/\/i0.wp.com\/projetscitoyens.francas71.org\/wp-content\/uploads\/2021\/07\/gevrey-02.jpg?fit=300%2C169\" data-large-file=\"https:\/\/i0.wp.com\/projetscitoyens.francas71.org\/wp-content\/uploads\/2021\/07\/gevrey-02.jpg?fit=640%2C360\" tabindex=\"0\" role=\"button\" src=\"https:\/\/i0.wp.com\/projetscitoyens.francas71.org\/wp-content\/uploads\/2021\/07\/gevrey-02.jpg?resize=640%2C360\" alt=\"\" class=\"wp-image-3343\" srcset=\"https:\/\/i0.wp.com\/projetscitoyens.francas71.org\/wp-content\/uploads\/2021\/07\/gevrey-02.jpg?w=889 889w, https:\/\/i0.wp.com\/projetscitoyens.francas71.org\/wp-content\/uploads\/2021\/07\/gevrey-02.jpg?resize=300%2C169 300w, https:\/\/i0.wp.com\/projetscitoyens.francas71.org\/wp-content\/uploads\/2021\/07\/gevrey-02.jpg?resize=768%2C432 768w, https:\/\/i0.wp.com\/projetscitoyens.francas71.org\/wp-content\/uploads\/2021\/07\/gevrey-02.jpg?resize=480%2C270 480w\" sizes=\"(max-width: 640px) 100vw, 640px\" data-recalc-dims=\"1\" \/><\/figure>\n\n\n\n<figure class=\"wp-block-audio\"><audio controls src=\"http:\/\/projetscitoyens.francas71.org\/wp-content\/uploads\/2021\/07\/Gevrey-mercredi-23-juin-debat-5-jeux-videos.mp3\"><\/audio><figcaption>5\u00e8me d\u00e9bat : les jeux vid\u00e9os<br><\/figcaption><\/figure>\n\n\n\n<figure class=\"wp-block-audio\"><audio controls src=\"http:\/\/projetscitoyens.francas71.org\/wp-content\/uploads\/2021\/07\/Gevrey-mercredi-23-juin-debat-6-viande.mp3\"><\/audio><figcaption>6\u00e8me d\u00e9bat : la consommation de viande<br><\/figcaption><\/figure>\n\n\n\n<figure class=\"wp-block-audio\"><audio controls src=\"http:\/\/projetscitoyens.francas71.org\/wp-content\/uploads\/2021\/07\/Gevrey-mercredi-23-juin-debat-7-musique.mp3\"><\/audio><figcaption>7\u00e8me d\u00e9bat : la musique<br><\/figcaption><\/figure>\n\n\n\n<figure class=\"wp-block-audio\"><audio controls src=\"http:\/\/projetscitoyens.francas71.org\/wp-content\/uploads\/2021\/07\/Gevrey-mercredi-23-juin-debat-8-arbres.mp3\"><\/audio><figcaption>8\u00e8me d\u00e9bat : la for\u00eat, les arbres<br><\/figcaption><\/figure>\n","protected":false},"excerpt":{"rendered":"<p>Le mercredi 23 juin 2021, les enfants du Contrat Local d&rsquo;Accompagnement Scolaire (CLAS) de la Communaut\u00e9 de Communes de Gevrey-Chambertin et de Nuits St Georges ont enregistr\u00e9 8 d\u00e9bats courts. Tous les d\u00e9bats \u00e9taient enregistr\u00e9s dans le cadre de l&rsquo;atelier radio rendu possible gr\u00e2ce au soutien du Conseil D\u00e9partemental de C\u00f4te d&rsquo;Or<\/p>\n","protected":false},"author":1,"featured_media":3341,"comment_status":"open","ping_status":"open","sticky":false,"template":"","format":"standard","meta":{"jetpack_post_was_ever_published":false,"_jetpack_newsletter_access":"","_jetpack_dont_email_post_to_subs":false,"_jetpack_newsletter_tier_id":0,"_jetpack_memberships_contains_paywalled_content":false,"_jetpack_memberships_contains_paid_content":false,"footnotes":"","jetpack_publicize_message":"","jetpack_publicize_feature_enabled":true,"jetpack_social_post_already_shared":true,"jetpack_social_options":{"image_generator_settings":{"template":"highway","enabled":false},"version":2}},"categories":[241,214],"tags":[279,245,146,53,192,72],"class_list":["post-3346","post","type-post","status-publish","format-standard","has-post-thumbnail","hentry","category-actualites","category-la-radio","tag-clas","tag-debats","tag-debats-denfants","tag-enfants","tag-expression","tag-jeunes"],"jetpack_publicize_connections":[],"jetpack_featured_media_url":"https:\/\/i0.wp.com\/projetscitoyens.francas71.org\/wp-content\/uploads\/2021\/07\/gevrey-neutre.jpg?fit=889%2C500","jetpack_sharing_enabled":true,"jetpack_shortlink":"https:\/\/wp.me\/p6M0zG-RY","jetpack-related-posts":[],"jetpack_likes_enabled":true,"_links":{"self":[{"href":"http:\/\/projetscitoyens.francas71.org\/index.php?rest_route=\/wp\/v2\/posts\/3346"}],"collection":[{"href":"http:\/\/projetscitoyens.francas71.org\/index.php?rest_route=\/wp\/v2\/posts"}],"about":[{"href":"http:\/\/projetscitoyens.francas71.org\/index.php?rest_route=\/wp\/v2\/types\/post"}],"author":[{"embeddable":true,"href":"http:\/\/projetscitoyens.francas71.org\/index.php?rest_route=\/wp\/v2\/users\/1"}],"replies":[{"embeddable":true,"href":"http:\/\/projetscitoyens.francas71.org\/index.php?rest_route=%2Fwp%2Fv2%2Fcomments&post=3346"}],"version-history":[{"count":1,"href":"http:\/\/projetscitoyens.francas71.org\/index.php?rest_route=\/wp\/v2\/posts\/3346\/revisions"}],"predecessor-version":[{"id":3347,"href":"http:\/\/projetscitoyens.francas71.org\/index.php?rest_route=\/wp\/v2\/posts\/3346\/revisions\/3347"}],"wp:featuredmedia":[{"embeddable":true,"href":"http:\/\/projetscitoyens.francas71.org\/index.php?rest_route=\/wp\/v2\/media\/3341"}],"wp:attachment":[{"href":"http:\/\/projetscitoyens.francas71.org\/index.php?rest_route=%2Fwp%2Fv2%2Fmedia&parent=3346"}],"wp:term":[{"taxonomy":"category","embeddable":true,"href":"http:\/\/projetscitoyens.francas71.org\/index.php?rest_route=%2Fwp%2Fv2%2Fcategories&post=3346"},{"taxonomy":"post_tag","embeddable":true,"href":"http:\/\/projetscitoyens.francas71.org\/index.php?rest_route=%2Fwp%2Fv2%2Ftags&post=3346"}],"curies":[{"name":"wp","href":"https:\/\/api.w.org\/{rel}","templated":true}]}}