{"id":3357,"date":"2021-07-28T09:21:33","date_gmt":"2021-07-28T08:21:33","guid":{"rendered":"http:\/\/projetscitoyens.francas71.org\/?p=3357"},"modified":"2021-07-28T09:22:28","modified_gmt":"2021-07-28T08:22:28","slug":"une-journee-au-centre-de-loisirs-jm-bouteloup-de-st-vallier","status":"publish","type":"post","link":"http:\/\/projetscitoyens.francas71.org\/?p=3357","title":{"rendered":"Une journ\u00e9e au centre de loisirs JM Bouteloup de St Vallier"},"content":{"rendered":"\n<h4 class=\"has-vivid-red-color has-text-color wp-block-heading\">Jeudi 8 juillet 2021, deuxi\u00e8me jour du centre de loisirs d&rsquo;\u00e9t\u00e9 \u00e0 <a href=\"https:\/\/www.mairie-saintvallier.fr\/index.php\/ENFANCE,ECOLES,VACANCES?idpage=110&amp;idmetacontenu=1553&amp;iddossiercontenu=127\" onclick=\"return TrackClick('https%3A%2F%2Fwww.mairie-saintvallier.fr%2Findex.php%2FENFANCE%2CECOLES%2CVACANCES%3Fidpage%3D110%26amp%3Bidmetacontenu%3D1553%26amp%3Biddossiercontenu%3D127','St+Vallier')\">St Vallier<\/a>. Installation du studio radio pour permettre aux enfants et aux parents de parler du centre et des vacances d&rsquo;\u00e9t\u00e9.<\/h4>\n\n\n\n<p>Un premier plateau avec Ruben, Morgan, Louka, Eva, Ilouna et Ilona, qui nous racontent leur journ\u00e9e au centre et les activit\u00e9s qu&rsquo;ils et elles pr\u00e9f\u00e8rent.<\/p>\n\n\n\n<figure class=\"wp-block-audio\"><audio controls src=\"http:\/\/projetscitoyens.francas71.org\/wp-content\/uploads\/2021\/07\/St-Vallier-8-juillet-groupe-1-le-centre-vu-par-les-enfants.mp3\"><\/audio><figcaption>le plateau des enfants<br><\/figcaption><\/figure>\n\n\n\n<p>Puis c&rsquo;est au tour des parents, accompagn\u00e9s de leur(s) enfant(s) qui nous racontent le centre, les vacances d&rsquo;\u00e9t\u00e9, et \u00e9ventuellement leurs souvenirs dans un centre de loisirs de leur jeunesse.<\/p>\n\n\n\n<figure class=\"wp-block-image size-large\"><img loading=\"lazy\" decoding=\"async\" width=\"640\" height=\"480\" data-attachment-id=\"3356\" data-permalink=\"http:\/\/projetscitoyens.francas71.org\/?attachment_id=3356\" data-orig-file=\"https:\/\/i0.wp.com\/projetscitoyens.francas71.org\/wp-content\/uploads\/2021\/07\/les-francas-radio.jpg?fit=820%2C615\" data-orig-size=\"820,615\" data-comments-opened=\"1\" data-image-meta=\"{&quot;aperture&quot;:&quot;0&quot;,&quot;credit&quot;:&quot;&quot;,&quot;camera&quot;:&quot;&quot;,&quot;caption&quot;:&quot;&quot;,&quot;created_timestamp&quot;:&quot;0&quot;,&quot;copyright&quot;:&quot;&quot;,&quot;focal_length&quot;:&quot;0&quot;,&quot;iso&quot;:&quot;0&quot;,&quot;shutter_speed&quot;:&quot;0&quot;,&quot;title&quot;:&quot;&quot;,&quot;orientation&quot;:&quot;0&quot;}\" data-image-title=\"les francas radio\" data-image-description=\"\" data-image-caption=\"\" data-medium-file=\"https:\/\/i0.wp.com\/projetscitoyens.francas71.org\/wp-content\/uploads\/2021\/07\/les-francas-radio.jpg?fit=300%2C225\" data-large-file=\"https:\/\/i0.wp.com\/projetscitoyens.francas71.org\/wp-content\/uploads\/2021\/07\/les-francas-radio.jpg?fit=640%2C480\" tabindex=\"0\" role=\"button\" src=\"https:\/\/i0.wp.com\/projetscitoyens.francas71.org\/wp-content\/uploads\/2021\/07\/les-francas-radio.jpg?resize=640%2C480\" alt=\"\" class=\"wp-image-3356\" srcset=\"https:\/\/i0.wp.com\/projetscitoyens.francas71.org\/wp-content\/uploads\/2021\/07\/les-francas-radio.jpg?w=820 820w, https:\/\/i0.wp.com\/projetscitoyens.francas71.org\/wp-content\/uploads\/2021\/07\/les-francas-radio.jpg?resize=300%2C225 300w, https:\/\/i0.wp.com\/projetscitoyens.francas71.org\/wp-content\/uploads\/2021\/07\/les-francas-radio.jpg?resize=768%2C576 768w, https:\/\/i0.wp.com\/projetscitoyens.francas71.org\/wp-content\/uploads\/2021\/07\/les-francas-radio.jpg?resize=360%2C270 360w\" sizes=\"(max-width: 640px) 100vw, 640px\" data-recalc-dims=\"1\" \/><\/figure>\n\n\n\n<figure class=\"wp-block-audio\"><audio controls src=\"http:\/\/projetscitoyens.francas71.org\/wp-content\/uploads\/2021\/07\/St-Vallier-8-juillet-groupe-2-parents-Fiona-Aline.mp3\"><\/audio><figcaption>1er duo : Fiona et Aline<br><\/figcaption><\/figure>\n\n\n\n<figure class=\"wp-block-audio\"><audio controls src=\"http:\/\/projetscitoyens.francas71.org\/wp-content\/uploads\/2021\/07\/St-Vallier-8-juillet-groupe-3-parents-Leana-Laura.mp3\"><\/audio><figcaption>2\u00e8me duo : L\u00e9ana et Laura<br><\/figcaption><\/figure>\n\n\n\n<figure class=\"wp-block-audio\"><audio controls src=\"http:\/\/projetscitoyens.francas71.org\/wp-content\/uploads\/2021\/07\/St-Vallier-8-juillet-groupe-4-parents-Flore-Eva.mp3\"><\/audio><figcaption>3\u00e8me duo : Flore et Eva<br><\/figcaption><\/figure>\n\n\n\n<figure class=\"wp-block-audio\"><audio controls src=\"http:\/\/projetscitoyens.francas71.org\/wp-content\/uploads\/2021\/07\/St-Vallier-8-juillet-groupe-5-parents-Ruben-Amandine.mp3\"><\/audio><figcaption>4\u00e8me duo : Ruben et Amandine<br><\/figcaption><\/figure>\n\n\n\n<figure class=\"wp-block-audio\"><audio controls src=\"http:\/\/projetscitoyens.francas71.org\/wp-content\/uploads\/2021\/07\/St-Vallier-8-juillet-groupe-6-parents-Flavio-Lorenzo-Aur\u00e9lie.mp3\"><\/audio><figcaption>un trio : Flavio, Lorenzo et Aur\u00e9lie<br><\/figcaption><\/figure>\n\n\n\n<figure class=\"wp-block-audio\"><audio controls src=\"http:\/\/projetscitoyens.francas71.org\/wp-content\/uploads\/2021\/07\/St-Vallier-8-juillet-groupe-7-parents-Elio-Solange.mp3\"><\/audio><figcaption>5\u00e8me duo : Solange et Elio<br><\/figcaption><\/figure>\n\n\n\n<figure class=\"wp-block-audio\"><audio controls src=\"http:\/\/projetscitoyens.francas71.org\/wp-content\/uploads\/2021\/07\/St-Vallier-8-juillet-groupe-8-parents-Lili-Richard.mp3\"><\/audio><figcaption>6\u00e8me duo : Lili et Richard<br><\/figcaption><\/figure>\n","protected":false},"excerpt":{"rendered":"<p>Jeudi 8 juillet 2021, deuxi\u00e8me jour du centre de loisirs d&rsquo;\u00e9t\u00e9 \u00e0 St Vallier. Installation du studio radio pour permettre aux enfants et aux parents de parler du centre et des vacances d&rsquo;\u00e9t\u00e9. Un premier plateau avec Ruben, Morgan, Louka, Eva, Ilouna et Ilona, qui nous racontent leur journ\u00e9e au centre et les activit\u00e9s qu&rsquo;ils et elles pr\u00e9f\u00e8rent. Puis c&rsquo;est au tour des parents, accompagn\u00e9s de leur(s) enfant(s) qui nous racontent le centre, les vacances d&rsquo;\u00e9t\u00e9, et \u00e9ventuellement leurs souvenirs&#8230;<\/p>\n<p class=\"read-more\"><a class=\"btn btn-default\" href=\"http:\/\/projetscitoyens.francas71.org\/?p=3357\" onclick=\"return TrackClick('http%3A%2F%2Fprojetscitoyens.francas71.org%2F%3Fp%3D3357','Lire+la+suite+Lire+la+suite')\">Lire la suite<span class=\"screen-reader-text\"> Lire la suite<\/span><\/a><\/p>\n","protected":false},"author":1,"featured_media":3215,"comment_status":"open","ping_status":"open","sticky":false,"template":"","format":"standard","meta":{"jetpack_post_was_ever_published":false,"_jetpack_newsletter_access":"","_jetpack_dont_email_post_to_subs":false,"_jetpack_newsletter_tier_id":0,"_jetpack_memberships_contains_paywalled_content":false,"_jetpack_memberships_contains_paid_content":false,"footnotes":"","jetpack_publicize_message":"","jetpack_publicize_feature_enabled":true,"jetpack_social_post_already_shared":true,"jetpack_social_options":{"image_generator_settings":{"template":"highway","enabled":false},"version":2}},"categories":[241,214],"tags":[26,53,222,192,248,281,282],"class_list":["post-3357","post","type-post","status-publish","format-standard","has-post-thumbnail","hentry","category-actualites","category-la-radio","tag-centre-de-loisirs","tag-enfants","tag-ete","tag-expression","tag-jeunesse","tag-parents","tag-souvenirs"],"jetpack_publicize_connections":[],"jetpack_featured_media_url":"https:\/\/i0.wp.com\/projetscitoyens.francas71.org\/wp-content\/uploads\/2021\/01\/image-radio.jpg?fit=488%2C311","jetpack_sharing_enabled":true,"jetpack_shortlink":"https:\/\/wp.me\/p6M0zG-S9","jetpack-related-posts":[],"jetpack_likes_enabled":true,"_links":{"self":[{"href":"http:\/\/projetscitoyens.francas71.org\/index.php?rest_route=\/wp\/v2\/posts\/3357"}],"collection":[{"href":"http:\/\/projetscitoyens.francas71.org\/index.php?rest_route=\/wp\/v2\/posts"}],"about":[{"href":"http:\/\/projetscitoyens.francas71.org\/index.php?rest_route=\/wp\/v2\/types\/post"}],"author":[{"embeddable":true,"href":"http:\/\/projetscitoyens.francas71.org\/index.php?rest_route=\/wp\/v2\/users\/1"}],"replies":[{"embeddable":true,"href":"http:\/\/projetscitoyens.francas71.org\/index.php?rest_route=%2Fwp%2Fv2%2Fcomments&post=3357"}],"version-history":[{"count":2,"href":"http:\/\/projetscitoyens.francas71.org\/index.php?rest_route=\/wp\/v2\/posts\/3357\/revisions"}],"predecessor-version":[{"id":3359,"href":"http:\/\/projetscitoyens.francas71.org\/index.php?rest_route=\/wp\/v2\/posts\/3357\/revisions\/3359"}],"wp:featuredmedia":[{"embeddable":true,"href":"http:\/\/projetscitoyens.francas71.org\/index.php?rest_route=\/wp\/v2\/media\/3215"}],"wp:attachment":[{"href":"http:\/\/projetscitoyens.francas71.org\/index.php?rest_route=%2Fwp%2Fv2%2Fmedia&parent=3357"}],"wp:term":[{"taxonomy":"category","embeddable":true,"href":"http:\/\/projetscitoyens.francas71.org\/index.php?rest_route=%2Fwp%2Fv2%2Fcategories&post=3357"},{"taxonomy":"post_tag","embeddable":true,"href":"http:\/\/projetscitoyens.francas71.org\/index.php?rest_route=%2Fwp%2Fv2%2Ftags&post=3357"}],"curies":[{"name":"wp","href":"https:\/\/api.w.org\/{rel}","templated":true}]}}