{"id":3380,"date":"2021-08-04T08:51:10","date_gmt":"2021-08-04T07:51:10","guid":{"rendered":"http:\/\/projetscitoyens.francas71.org\/?p=3380"},"modified":"2021-08-04T08:51:10","modified_gmt":"2021-08-04T07:51:10","slug":"le-club-jeunesse-de-chevigny-st-sauveur-sur-les-ondes","status":"publish","type":"post","link":"http:\/\/projetscitoyens.francas71.org\/?p=3380","title":{"rendered":"Le club jeunesse de Chevigny St Sauveur sur les ondes !"},"content":{"rendered":"\n<h4 class=\"has-vivid-red-color has-text-color wp-block-heading\">Sous un temps maussade, un groupe de 9 jeunes du club jeunesse du centre social et culturel Pierre Perret de <a href=\"https:\/\/www.facebook.com\/chevignysaintsauveur\/\" onclick=\"return TrackClick('https%3A%2F%2Fwww.facebook.com%2Fchevignysaintsauveur%2F','Chevigny+St+Sauveur')\">Chevigny St Sauveur<\/a> a pr\u00e9par\u00e9 une \u00e9mission de radio multi sujets.<\/h4>\n\n\n\n<p>Une r\u00e9flexion sur le r\u00e9chauffement climatique par Judica\u00ebl et Sh\u00e9ryne, une aventure rocambolesque de Patrick par Thomas et Bastien, un interm\u00e8de culinaire par Ana\u00efs et Manon, et une pr\u00e9sentation du monde des militaires par Alexis, Camille (fille) et Camille (gar\u00e7on)<\/p>\n\n\n\n<figure class=\"wp-block-audio\"><audio controls src=\"http:\/\/projetscitoyens.francas71.org\/wp-content\/uploads\/2021\/08\/chevigny-grande-emission.mp3\"><\/audio><\/figure>\n","protected":false},"excerpt":{"rendered":"<p>Sous un temps maussade, un groupe de 9 jeunes du club jeunesse du centre social et culturel Pierre Perret de Chevigny St Sauveur a pr\u00e9par\u00e9 une \u00e9mission de radio multi sujets. Une r\u00e9flexion sur le r\u00e9chauffement climatique par Judica\u00ebl et Sh\u00e9ryne, une aventure rocambolesque de Patrick par Thomas et Bastien, un interm\u00e8de culinaire par Ana\u00efs et Manon, et une pr\u00e9sentation du monde des militaires par Alexis, Camille (fille) et Camille (gar\u00e7on)<\/p>\n","protected":false},"author":1,"featured_media":3379,"comment_status":"open","ping_status":"open","sticky":false,"template":"","format":"standard","meta":{"jetpack_post_was_ever_published":false,"_jetpack_newsletter_access":"","_jetpack_dont_email_post_to_subs":false,"_jetpack_newsletter_tier_id":0,"_jetpack_memberships_contains_paywalled_content":false,"_jetpack_memberships_contains_paid_content":false,"footnotes":"","jetpack_publicize_message":"","jetpack_publicize_feature_enabled":true,"jetpack_social_post_already_shared":true,"jetpack_social_options":{"image_generator_settings":{"template":"highway","enabled":false},"version":2}},"categories":[241,214],"tags":[193,289,192,288,287,72],"class_list":["post-3380","post","type-post","status-publish","format-standard","has-post-thumbnail","hentry","category-actualites","category-la-radio","tag-ados","tag-environnement","tag-expression","tag-histoire","tag-imagination","tag-jeunes"],"jetpack_publicize_connections":[],"jetpack_featured_media_url":"https:\/\/i0.wp.com\/projetscitoyens.francas71.org\/wp-content\/uploads\/2021\/08\/generique-chevigny.jpg?fit=889%2C500","jetpack_sharing_enabled":true,"jetpack_shortlink":"https:\/\/wp.me\/p6M0zG-Sw","jetpack-related-posts":[],"jetpack_likes_enabled":true,"_links":{"self":[{"href":"http:\/\/projetscitoyens.francas71.org\/index.php?rest_route=\/wp\/v2\/posts\/3380"}],"collection":[{"href":"http:\/\/projetscitoyens.francas71.org\/index.php?rest_route=\/wp\/v2\/posts"}],"about":[{"href":"http:\/\/projetscitoyens.francas71.org\/index.php?rest_route=\/wp\/v2\/types\/post"}],"author":[{"embeddable":true,"href":"http:\/\/projetscitoyens.francas71.org\/index.php?rest_route=\/wp\/v2\/users\/1"}],"replies":[{"embeddable":true,"href":"http:\/\/projetscitoyens.francas71.org\/index.php?rest_route=%2Fwp%2Fv2%2Fcomments&post=3380"}],"version-history":[{"count":1,"href":"http:\/\/projetscitoyens.francas71.org\/index.php?rest_route=\/wp\/v2\/posts\/3380\/revisions"}],"predecessor-version":[{"id":3381,"href":"http:\/\/projetscitoyens.francas71.org\/index.php?rest_route=\/wp\/v2\/posts\/3380\/revisions\/3381"}],"wp:featuredmedia":[{"embeddable":true,"href":"http:\/\/projetscitoyens.francas71.org\/index.php?rest_route=\/wp\/v2\/media\/3379"}],"wp:attachment":[{"href":"http:\/\/projetscitoyens.francas71.org\/index.php?rest_route=%2Fwp%2Fv2%2Fmedia&parent=3380"}],"wp:term":[{"taxonomy":"category","embeddable":true,"href":"http:\/\/projetscitoyens.francas71.org\/index.php?rest_route=%2Fwp%2Fv2%2Fcategories&post=3380"},{"taxonomy":"post_tag","embeddable":true,"href":"http:\/\/projetscitoyens.francas71.org\/index.php?rest_route=%2Fwp%2Fv2%2Ftags&post=3380"}],"curies":[{"name":"wp","href":"https:\/\/api.w.org\/{rel}","templated":true}]}}