{"id":3387,"date":"2021-08-05T10:19:59","date_gmt":"2021-08-05T09:19:59","guid":{"rendered":"http:\/\/projetscitoyens.francas71.org\/?p=3387"},"modified":"2021-08-05T10:19:59","modified_gmt":"2021-08-05T09:19:59","slug":"les-ados-du-club-jeunesse-de-chevigny-st-sauveur-nous-racontent-des-histoires","status":"publish","type":"post","link":"http:\/\/projetscitoyens.francas71.org\/?p=3387","title":{"rendered":"Les ados du club jeunesse de Chevigny St Sauveur nous racontent des histoires"},"content":{"rendered":"\n<p>Pour la deuxi\u00e8me s\u00e9ance de l&rsquo;atelier web radio au club jeunesse du centre social et culturel de Chevigny St Sauveur, les ados ont invent\u00e9 des histoires fantastiques &#8230; il \u00e9tait une fois &#8230;<\/p>\n\n\n\n<p>Trois groupes, trois histoires invent\u00e9es \u00e0 partir des cartes du jeu \u00ab\u00a0il \u00e9tait une fois\u00a0\u00bb. Avec dans chaque groupe des cartes personnages, lieux, \u00e9v\u00e8nements, objets et action, et une carte fin. Et une obligation, inventer une histoire fantastique prenant en compte toutes les cartes.<\/p>\n\n\n\n<p>Premi\u00e8re \u00e9tape : pr\u00e9parer son histoire, d\u00e9velopper les personnages, r\u00e9diger le d\u00e9roulement<\/p>\n\n\n\n<figure class=\"wp-block-image size-large is-resized\"><img loading=\"lazy\" decoding=\"async\" data-attachment-id=\"3391\" data-permalink=\"http:\/\/projetscitoyens.francas71.org\/?attachment_id=3391\" data-orig-file=\"https:\/\/i0.wp.com\/projetscitoyens.francas71.org\/wp-content\/uploads\/2021\/08\/chevigny-06.jpg?fit=500%2C889\" data-orig-size=\"500,889\" data-comments-opened=\"1\" data-image-meta=\"{&quot;aperture&quot;:&quot;0&quot;,&quot;credit&quot;:&quot;&quot;,&quot;camera&quot;:&quot;&quot;,&quot;caption&quot;:&quot;&quot;,&quot;created_timestamp&quot;:&quot;0&quot;,&quot;copyright&quot;:&quot;&quot;,&quot;focal_length&quot;:&quot;0&quot;,&quot;iso&quot;:&quot;0&quot;,&quot;shutter_speed&quot;:&quot;0&quot;,&quot;title&quot;:&quot;&quot;,&quot;orientation&quot;:&quot;0&quot;}\" data-image-title=\"chevigny 06\" data-image-description=\"\" data-image-caption=\"\" data-medium-file=\"https:\/\/i0.wp.com\/projetscitoyens.francas71.org\/wp-content\/uploads\/2021\/08\/chevigny-06.jpg?fit=169%2C300\" data-large-file=\"https:\/\/i0.wp.com\/projetscitoyens.francas71.org\/wp-content\/uploads\/2021\/08\/chevigny-06.jpg?fit=500%2C889\" tabindex=\"0\" role=\"button\" src=\"https:\/\/i0.wp.com\/projetscitoyens.francas71.org\/wp-content\/uploads\/2021\/08\/chevigny-06.jpg?resize=259%2C461\" alt=\"\" class=\"wp-image-3391\" width=\"259\" height=\"461\" srcset=\"https:\/\/i0.wp.com\/projetscitoyens.francas71.org\/wp-content\/uploads\/2021\/08\/chevigny-06.jpg?w=500 500w, https:\/\/i0.wp.com\/projetscitoyens.francas71.org\/wp-content\/uploads\/2021\/08\/chevigny-06.jpg?resize=169%2C300 169w, https:\/\/i0.wp.com\/projetscitoyens.francas71.org\/wp-content\/uploads\/2021\/08\/chevigny-06.jpg?resize=152%2C270 152w\" sizes=\"(max-width: 259px) 100vw, 259px\" data-recalc-dims=\"1\" \/><\/figure>\n\n\n\n<figure class=\"wp-block-image size-large is-resized\"><img loading=\"lazy\" decoding=\"async\" data-attachment-id=\"3390\" data-permalink=\"http:\/\/projetscitoyens.francas71.org\/?attachment_id=3390\" data-orig-file=\"https:\/\/i0.wp.com\/projetscitoyens.francas71.org\/wp-content\/uploads\/2021\/08\/chevigny-05.jpg?fit=500%2C889\" data-orig-size=\"500,889\" data-comments-opened=\"1\" data-image-meta=\"{&quot;aperture&quot;:&quot;0&quot;,&quot;credit&quot;:&quot;&quot;,&quot;camera&quot;:&quot;&quot;,&quot;caption&quot;:&quot;&quot;,&quot;created_timestamp&quot;:&quot;0&quot;,&quot;copyright&quot;:&quot;&quot;,&quot;focal_length&quot;:&quot;0&quot;,&quot;iso&quot;:&quot;0&quot;,&quot;shutter_speed&quot;:&quot;0&quot;,&quot;title&quot;:&quot;&quot;,&quot;orientation&quot;:&quot;0&quot;}\" data-image-title=\"chevigny 05\" data-image-description=\"\" data-image-caption=\"\" data-medium-file=\"https:\/\/i0.wp.com\/projetscitoyens.francas71.org\/wp-content\/uploads\/2021\/08\/chevigny-05.jpg?fit=169%2C300\" data-large-file=\"https:\/\/i0.wp.com\/projetscitoyens.francas71.org\/wp-content\/uploads\/2021\/08\/chevigny-05.jpg?fit=500%2C889\" tabindex=\"0\" role=\"button\" src=\"https:\/\/i0.wp.com\/projetscitoyens.francas71.org\/wp-content\/uploads\/2021\/08\/chevigny-05.jpg?resize=261%2C465\" alt=\"\" class=\"wp-image-3390\" width=\"261\" height=\"465\" srcset=\"https:\/\/i0.wp.com\/projetscitoyens.francas71.org\/wp-content\/uploads\/2021\/08\/chevigny-05.jpg?w=500 500w, https:\/\/i0.wp.com\/projetscitoyens.francas71.org\/wp-content\/uploads\/2021\/08\/chevigny-05.jpg?resize=169%2C300 169w, https:\/\/i0.wp.com\/projetscitoyens.francas71.org\/wp-content\/uploads\/2021\/08\/chevigny-05.jpg?resize=152%2C270 152w\" sizes=\"(max-width: 261px) 100vw, 261px\" data-recalc-dims=\"1\" \/><\/figure>\n\n\n\n<figure class=\"wp-block-image size-large is-resized\"><img loading=\"lazy\" decoding=\"async\" data-attachment-id=\"3389\" data-permalink=\"http:\/\/projetscitoyens.francas71.org\/?attachment_id=3389\" data-orig-file=\"https:\/\/i0.wp.com\/projetscitoyens.francas71.org\/wp-content\/uploads\/2021\/08\/chevigny-07.jpg?fit=500%2C889\" data-orig-size=\"500,889\" data-comments-opened=\"1\" data-image-meta=\"{&quot;aperture&quot;:&quot;0&quot;,&quot;credit&quot;:&quot;&quot;,&quot;camera&quot;:&quot;&quot;,&quot;caption&quot;:&quot;&quot;,&quot;created_timestamp&quot;:&quot;0&quot;,&quot;copyright&quot;:&quot;&quot;,&quot;focal_length&quot;:&quot;0&quot;,&quot;iso&quot;:&quot;0&quot;,&quot;shutter_speed&quot;:&quot;0&quot;,&quot;title&quot;:&quot;&quot;,&quot;orientation&quot;:&quot;0&quot;}\" data-image-title=\"chevigny 07\" data-image-description=\"\" data-image-caption=\"\" data-medium-file=\"https:\/\/i0.wp.com\/projetscitoyens.francas71.org\/wp-content\/uploads\/2021\/08\/chevigny-07.jpg?fit=169%2C300\" data-large-file=\"https:\/\/i0.wp.com\/projetscitoyens.francas71.org\/wp-content\/uploads\/2021\/08\/chevigny-07.jpg?fit=500%2C889\" tabindex=\"0\" role=\"button\" src=\"https:\/\/i0.wp.com\/projetscitoyens.francas71.org\/wp-content\/uploads\/2021\/08\/chevigny-07.jpg?resize=261%2C464\" alt=\"\" class=\"wp-image-3389\" width=\"261\" height=\"464\" srcset=\"https:\/\/i0.wp.com\/projetscitoyens.francas71.org\/wp-content\/uploads\/2021\/08\/chevigny-07.jpg?w=500 500w, https:\/\/i0.wp.com\/projetscitoyens.francas71.org\/wp-content\/uploads\/2021\/08\/chevigny-07.jpg?resize=169%2C300 169w, https:\/\/i0.wp.com\/projetscitoyens.francas71.org\/wp-content\/uploads\/2021\/08\/chevigny-07.jpg?resize=152%2C270 152w\" sizes=\"(max-width: 261px) 100vw, 261px\" data-recalc-dims=\"1\" \/><\/figure>\n\n\n\n<p>Et enfin l&rsquo;enregistrement des trois histoires<br>\u00ab\u00a0Une sorci\u00e8re au bon coeur\u00a0\u00bb, par Ana\u00efs, Emma et Thomas<br>\u00ab\u00a0Un doigt en moins\u00a0\u00bb, par Cl\u00e9ment, Maeva, Evan et Daren<br>\u00ab\u00a0Le mendiant aux enfants perdus\u00a0\u00bb, par Judica\u00ebl, Sheryne, Camille et Hugo<\/p>\n\n\n\n<figure class=\"wp-block-audio\"><audio controls src=\"http:\/\/projetscitoyens.francas71.org\/wp-content\/uploads\/2021\/08\/chevigny-histoires-par-les-ados.mp3\"><\/audio><\/figure>\n\n\n\n<figure class=\"wp-block-image size-large\"><img loading=\"lazy\" decoding=\"async\" width=\"640\" height=\"480\" data-attachment-id=\"3383\" data-permalink=\"http:\/\/projetscitoyens.francas71.org\/?attachment_id=3383\" data-orig-file=\"https:\/\/i0.wp.com\/projetscitoyens.francas71.org\/wp-content\/uploads\/2021\/08\/chevigny-01.jpg?fit=667%2C500\" data-orig-size=\"667,500\" data-comments-opened=\"1\" data-image-meta=\"{&quot;aperture&quot;:&quot;0&quot;,&quot;credit&quot;:&quot;&quot;,&quot;camera&quot;:&quot;&quot;,&quot;caption&quot;:&quot;&quot;,&quot;created_timestamp&quot;:&quot;0&quot;,&quot;copyright&quot;:&quot;&quot;,&quot;focal_length&quot;:&quot;0&quot;,&quot;iso&quot;:&quot;0&quot;,&quot;shutter_speed&quot;:&quot;0&quot;,&quot;title&quot;:&quot;&quot;,&quot;orientation&quot;:&quot;0&quot;}\" data-image-title=\"chevigny 01\" data-image-description=\"\" data-image-caption=\"\" data-medium-file=\"https:\/\/i0.wp.com\/projetscitoyens.francas71.org\/wp-content\/uploads\/2021\/08\/chevigny-01.jpg?fit=300%2C225\" data-large-file=\"https:\/\/i0.wp.com\/projetscitoyens.francas71.org\/wp-content\/uploads\/2021\/08\/chevigny-01.jpg?fit=640%2C480\" tabindex=\"0\" role=\"button\" src=\"https:\/\/i0.wp.com\/projetscitoyens.francas71.org\/wp-content\/uploads\/2021\/08\/chevigny-01.jpg?resize=640%2C480\" alt=\"\" class=\"wp-image-3383\" srcset=\"https:\/\/i0.wp.com\/projetscitoyens.francas71.org\/wp-content\/uploads\/2021\/08\/chevigny-01.jpg?w=667 667w, https:\/\/i0.wp.com\/projetscitoyens.francas71.org\/wp-content\/uploads\/2021\/08\/chevigny-01.jpg?resize=300%2C225 300w, https:\/\/i0.wp.com\/projetscitoyens.francas71.org\/wp-content\/uploads\/2021\/08\/chevigny-01.jpg?resize=360%2C270 360w\" sizes=\"(max-width: 640px) 100vw, 640px\" data-recalc-dims=\"1\" \/><\/figure>\n","protected":false},"excerpt":{"rendered":"<p>Pour la deuxi\u00e8me s\u00e9ance de l&rsquo;atelier web radio au club jeunesse du centre social et culturel de Chevigny St Sauveur, les ados ont invent\u00e9 des histoires fantastiques &#8230; il \u00e9tait une fois &#8230; Trois groupes, trois histoires invent\u00e9es \u00e0 partir des cartes du jeu \u00ab\u00a0il \u00e9tait une fois\u00a0\u00bb. Avec dans chaque groupe des cartes personnages, lieux, \u00e9v\u00e8nements, objets et action, et une carte fin. Et une obligation, inventer une histoire fantastique prenant en compte toutes les cartes. Premi\u00e8re \u00e9tape :&#8230;<\/p>\n<p class=\"read-more\"><a class=\"btn btn-default\" href=\"http:\/\/projetscitoyens.francas71.org\/?p=3387\" onclick=\"return TrackClick('http%3A%2F%2Fprojetscitoyens.francas71.org%2F%3Fp%3D3387','Lire+la+suite+Lire+la+suite')\">Lire la suite<span class=\"screen-reader-text\"> Lire la suite<\/span><\/a><\/p>\n","protected":false},"author":1,"featured_media":3379,"comment_status":"open","ping_status":"open","sticky":false,"template":"","format":"standard","meta":{"jetpack_post_was_ever_published":false,"_jetpack_newsletter_access":"","_jetpack_dont_email_post_to_subs":false,"_jetpack_newsletter_tier_id":0,"_jetpack_memberships_contains_paywalled_content":false,"_jetpack_memberships_contains_paid_content":false,"footnotes":"","jetpack_publicize_message":"","jetpack_publicize_feature_enabled":true,"jetpack_social_post_already_shared":true,"jetpack_social_options":{"image_generator_settings":{"template":"highway","enabled":false},"version":2}},"categories":[241,214],"tags":[192,292,290,291,287,72],"class_list":["post-3387","post","type-post","status-publish","format-standard","has-post-thumbnail","hentry","category-actualites","category-la-radio","tag-expression","tag-fantastique","tag-histoires","tag-il-etait-une-fois","tag-imagination","tag-jeunes"],"jetpack_publicize_connections":[],"jetpack_featured_media_url":"https:\/\/i0.wp.com\/projetscitoyens.francas71.org\/wp-content\/uploads\/2021\/08\/generique-chevigny.jpg?fit=889%2C500","jetpack_sharing_enabled":true,"jetpack_shortlink":"https:\/\/wp.me\/p6M0zG-SD","jetpack-related-posts":[],"jetpack_likes_enabled":true,"_links":{"self":[{"href":"http:\/\/projetscitoyens.francas71.org\/index.php?rest_route=\/wp\/v2\/posts\/3387"}],"collection":[{"href":"http:\/\/projetscitoyens.francas71.org\/index.php?rest_route=\/wp\/v2\/posts"}],"about":[{"href":"http:\/\/projetscitoyens.francas71.org\/index.php?rest_route=\/wp\/v2\/types\/post"}],"author":[{"embeddable":true,"href":"http:\/\/projetscitoyens.francas71.org\/index.php?rest_route=\/wp\/v2\/users\/1"}],"replies":[{"embeddable":true,"href":"http:\/\/projetscitoyens.francas71.org\/index.php?rest_route=%2Fwp%2Fv2%2Fcomments&post=3387"}],"version-history":[{"count":2,"href":"http:\/\/projetscitoyens.francas71.org\/index.php?rest_route=\/wp\/v2\/posts\/3387\/revisions"}],"predecessor-version":[{"id":3392,"href":"http:\/\/projetscitoyens.francas71.org\/index.php?rest_route=\/wp\/v2\/posts\/3387\/revisions\/3392"}],"wp:featuredmedia":[{"embeddable":true,"href":"http:\/\/projetscitoyens.francas71.org\/index.php?rest_route=\/wp\/v2\/media\/3379"}],"wp:attachment":[{"href":"http:\/\/projetscitoyens.francas71.org\/index.php?rest_route=%2Fwp%2Fv2%2Fmedia&parent=3387"}],"wp:term":[{"taxonomy":"category","embeddable":true,"href":"http:\/\/projetscitoyens.francas71.org\/index.php?rest_route=%2Fwp%2Fv2%2Fcategories&post=3387"},{"taxonomy":"post_tag","embeddable":true,"href":"http:\/\/projetscitoyens.francas71.org\/index.php?rest_route=%2Fwp%2Fv2%2Ftags&post=3387"}],"curies":[{"name":"wp","href":"https:\/\/api.w.org\/{rel}","templated":true}]}}