{"id":339,"date":"2010-09-24T08:59:20","date_gmt":"2010-09-24T07:59:20","guid":{"rendered":"http:\/\/francas.loisirsdegrandir.org\/?p=339"},"modified":"2019-12-16T14:32:19","modified_gmt":"2019-12-16T13:32:19","slug":"voyage-dans-mes-droits-denfants","status":"publish","type":"post","link":"http:\/\/projetscitoyens.francas71.org\/?p=339","title":{"rendered":"Voyage dans mes droits d&rsquo;enfant"},"content":{"rendered":"<p style=\"text-align: left;\"><a href=\"https:\/\/i0.wp.com\/francas.loisirsdegrandir.org\/wp-content\/uploads\/2010\/09\/journee-droit-enfant-oct-101.jpg\" onclick=\"return TrackClick('http%3A%2F%2Ffrancas.loisirsdegrandir.org%2Fwp-content%2Fuploads%2F2010%2F09%2Fjournee-droit-enfant-oct-101.jpg','journee+droit+enfant+-+oct+10')\"><img loading=\"lazy\" decoding=\"async\" data-attachment-id=\"345\" data-permalink=\"http:\/\/projetscitoyens.francas71.org\/?attachment_id=345\" data-orig-file=\"https:\/\/i0.wp.com\/projetscitoyens.francas71.org\/wp-content\/uploads\/2010\/09\/journee-droit-enfant-oct-101.jpg?fit=%2C\" data-orig-size=\"\" data-comments-opened=\"1\" data-image-meta=\"[]\" data-image-title=\"journee droit enfant &#8211; oct 10\" data-image-description=\"\" data-image-caption=\"\" data-medium-file=\"https:\/\/i0.wp.com\/projetscitoyens.francas71.org\/wp-content\/uploads\/2010\/09\/journee-droit-enfant-oct-101.jpg?fit=300%2C300\" data-large-file=\"https:\/\/i0.wp.com\/projetscitoyens.francas71.org\/wp-content\/uploads\/2010\/09\/journee-droit-enfant-oct-101.jpg?fit=1024%2C1024\" tabindex=\"0\" role=\"button\" class=\"aligncenter size-full wp-image-345\" title=\"journee droit enfant - oct 10\" src=\"https:\/\/i0.wp.com\/francas.loisirsdegrandir.org\/wp-content\/uploads\/2010\/09\/journee-droit-enfant-oct-101.jpg?resize=350%2C652\" onclick=\"return TrackClick('http%3A%2F%2Ffrancas.loisirsdegrandir.org%2Fwp-content%2Fuploads%2F2010%2F09%2Fjournee-droit-enfant-oct-101.jpg','journee+droit+enfant+-+oct+10')\" alt=\"journee droit enfant - oct 10\" width=\"350\" height=\"652\" data-recalc-dims=\"1\" \/><\/a><br \/>\nUn voyage destin\u00e9 \u00e0 tous les groupes d&rsquo;enfants et d&rsquo;adolescents inscrits dans le concours d&rsquo;affiches \u00ab\u00a0Agis pour tes droits\u00a0\u00bb pour d\u00e9couvrir quelques facettes de la Convention Internationale des Droits de l&rsquo;Enfant.<br \/>\nUn carnet de voyage \u00e0 remplir en passant dans les diff\u00e9rentes \u00e9tapes, qui seront autant d&rsquo;ateliers ludiques.<br \/>\n<strong>Un lieu<\/strong> : Etang sur Arroux<br \/>\n<strong>Une date<\/strong> : mercredi 13 octobre 2010<br \/>\n<strong>Un horaire<\/strong> : de 14h \u00e0 17h (possibilit\u00e9 d&rsquo;arriver le matin)<br \/>\n<strong>Contact<\/strong> : Francas \/ 03 85 38 27 03<\/p>\n","protected":false},"excerpt":{"rendered":"<p>Un voyage destin\u00e9 \u00e0 tous les groupes d&rsquo;enfants et d&rsquo;adolescents inscrits dans le concours d&rsquo;affiches \u00ab\u00a0Agis pour tes droits\u00a0\u00bb pour d\u00e9couvrir quelques facettes de la Convention Internationale des Droits de l&rsquo;Enfant. Un carnet de voyage \u00e0 remplir en passant dans les diff\u00e9rentes \u00e9tapes, qui seront autant d&rsquo;ateliers ludiques. Un lieu : Etang sur Arroux Une date : mercredi 13 octobre 2010 Un horaire : de 14h \u00e0 17h (possibilit\u00e9 d&rsquo;arriver le matin) Contact : Francas \/ 03 85 38 27&#8230;<\/p>\n<p class=\"read-more\"><a class=\"btn btn-default\" href=\"http:\/\/projetscitoyens.francas71.org\/?p=339\" onclick=\"return TrackClick('http%3A%2F%2Fprojetscitoyens.francas71.org%2F%3Fp%3D339','Lire+la+suite+Lire+la+suite')\">Lire la suite<span class=\"screen-reader-text\"> Lire la suite<\/span><\/a><\/p>\n","protected":false},"author":2,"featured_media":0,"comment_status":"open","ping_status":"open","sticky":false,"template":"","format":"standard","meta":{"jetpack_post_was_ever_published":false,"_jetpack_newsletter_access":"","_jetpack_dont_email_post_to_subs":false,"_jetpack_newsletter_tier_id":0,"_jetpack_memberships_contains_paywalled_content":false,"_jetpack_memberships_contains_paid_content":false,"footnotes":"","jetpack_publicize_message":"","jetpack_publicize_feature_enabled":true,"jetpack_social_post_already_shared":false,"jetpack_social_options":{"image_generator_settings":{"template":"highway","enabled":false},"version":2}},"categories":[7],"tags":[],"class_list":["post-339","post","type-post","status-publish","format-standard","hentry","category-historique-agis-pour-tes-droits"],"jetpack_publicize_connections":[],"jetpack_featured_media_url":"","jetpack_sharing_enabled":true,"jetpack_shortlink":"https:\/\/wp.me\/p6M0zG-5t","jetpack-related-posts":[],"jetpack_likes_enabled":true,"_links":{"self":[{"href":"http:\/\/projetscitoyens.francas71.org\/index.php?rest_route=\/wp\/v2\/posts\/339"}],"collection":[{"href":"http:\/\/projetscitoyens.francas71.org\/index.php?rest_route=\/wp\/v2\/posts"}],"about":[{"href":"http:\/\/projetscitoyens.francas71.org\/index.php?rest_route=\/wp\/v2\/types\/post"}],"author":[{"embeddable":true,"href":"http:\/\/projetscitoyens.francas71.org\/index.php?rest_route=\/wp\/v2\/users\/2"}],"replies":[{"embeddable":true,"href":"http:\/\/projetscitoyens.francas71.org\/index.php?rest_route=%2Fwp%2Fv2%2Fcomments&post=339"}],"version-history":[{"count":2,"href":"http:\/\/projetscitoyens.francas71.org\/index.php?rest_route=\/wp\/v2\/posts\/339\/revisions"}],"predecessor-version":[{"id":368,"href":"http:\/\/projetscitoyens.francas71.org\/index.php?rest_route=\/wp\/v2\/posts\/339\/revisions\/368"}],"wp:attachment":[{"href":"http:\/\/projetscitoyens.francas71.org\/index.php?rest_route=%2Fwp%2Fv2%2Fmedia&parent=339"}],"wp:term":[{"taxonomy":"category","embeddable":true,"href":"http:\/\/projetscitoyens.francas71.org\/index.php?rest_route=%2Fwp%2Fv2%2Fcategories&post=339"},{"taxonomy":"post_tag","embeddable":true,"href":"http:\/\/projetscitoyens.francas71.org\/index.php?rest_route=%2Fwp%2Fv2%2Ftags&post=339"}],"curies":[{"name":"wp","href":"https:\/\/api.w.org\/{rel}","templated":true}]}}