{"id":3401,"date":"2021-09-10T16:47:30","date_gmt":"2021-09-10T15:47:30","guid":{"rendered":"http:\/\/projetscitoyens.francas71.org\/?p=3401"},"modified":"2021-09-10T16:47:30","modified_gmt":"2021-09-10T15:47:30","slug":"bouchees-doubles-a-la-mjc-de-lheritan-macon","status":"publish","type":"post","link":"http:\/\/projetscitoyens.francas71.org\/?p=3401","title":{"rendered":"\u00ab\u00a0Bouch\u00e9es Doubles\u00a0\u00bb \u00e0 la MJC de l&rsquo;H\u00e9ritan (M\u00e2con)"},"content":{"rendered":"\n<h3 class=\"has-vivid-red-color has-text-color wp-block-heading\">Le studio radio s&rsquo;installe \u00e0 la <a href=\"https:\/\/mjc-heritanmacon.org\/\" onclick=\"return TrackClick('https%3A%2F%2Fmjc-heritanmacon.org%2F','MJC+de+l%22H%C3%A9ritan')\">MJC de l&rsquo;H\u00e9ritan<\/a> pour proposer aux jeunes fr\u00e9quentant le lieu d&rsquo;enregistrer des podcasts audio. Quelques jeunes ont eu le courage de s&rsquo;installer sur le studio pour discuter sur diff\u00e9rents sujets.<\/h3>\n\n\n\n<p>Plateau 1 : Robin, In\u00e8s et Romane \u00e9voquent un souvenir de l&rsquo;\u00e9t\u00e9 et leur envie d&rsquo;apprendre l&rsquo;anglais<\/p>\n\n\n\n<figure class=\"wp-block-audio\"><audio controls src=\"http:\/\/projetscitoyens.francas71.org\/wp-content\/uploads\/2021\/09\/mardi-7-sept-groupe-1.mp3\"><\/audio><\/figure>\n\n\n\n<p>Plateau 2 : Elijah, 11 ans, nous propose des perspectives num\u00e9riques pour la vie dans 50 ans<\/p>\n\n\n\n<figure class=\"wp-block-audio\"><audio controls src=\"http:\/\/projetscitoyens.francas71.org\/wp-content\/uploads\/2021\/09\/mardi-7-sept-groupe-2.mp3\"><\/audio><\/figure>\n\n\n\n<p>Plateau 3 : Maria, 7 ans, \u00e9voque son \u00e9t\u00e9 en vacances<\/p>\n\n\n\n<figure class=\"wp-block-audio\"><audio controls src=\"http:\/\/projetscitoyens.francas71.org\/wp-content\/uploads\/2021\/09\/mardi-7-sept-groupe-3.mp3\"><\/audio><\/figure>\n\n\n\n<p>Plateau 4 : Ta\u00efla, 10 ans, nous parle aussi de ses vacances et de sa rentr\u00e9e<\/p>\n\n\n\n<figure class=\"wp-block-audio\"><audio controls src=\"http:\/\/projetscitoyens.francas71.org\/wp-content\/uploads\/2021\/09\/mardi-7-sept-groupe-4.mp3\"><\/audio><\/figure>\n\n\n\n<p>Plateau 5 : Augustin (14 ans) et Sevan (12 ans) nous proposent une chronique musicale pr\u00e9sentant des rappeurs<\/p>\n\n\n\n<figure class=\"wp-block-audio\"><audio controls src=\"http:\/\/projetscitoyens.francas71.org\/wp-content\/uploads\/2021\/09\/jeudi-9-sept-groupe-5.mp3\"><\/audio><\/figure>\n\n\n\n<p>Plateau 6 : Sirine, 11 ans, nous raconte sa premi\u00e8re s\u00e9ance de l&rsquo;atelier th\u00e9\u00e2tre \u00e0 la MJC<\/p>\n\n\n\n<figure class=\"wp-block-audio\"><audio controls src=\"http:\/\/projetscitoyens.francas71.org\/wp-content\/uploads\/2021\/09\/jeudi-9-sept-sirine.mp3\"><\/audio><\/figure>\n","protected":false},"excerpt":{"rendered":"<p>Le studio radio s&rsquo;installe \u00e0 la MJC de l&rsquo;H\u00e9ritan pour proposer aux jeunes fr\u00e9quentant le lieu d&rsquo;enregistrer des podcasts audio. Quelques jeunes ont eu le courage de s&rsquo;installer sur le studio pour discuter sur diff\u00e9rents sujets. Plateau 1 : Robin, In\u00e8s et Romane \u00e9voquent un souvenir de l&rsquo;\u00e9t\u00e9 et leur envie d&rsquo;apprendre l&rsquo;anglais Plateau 2 : Elijah, 11 ans, nous propose des perspectives num\u00e9riques pour la vie dans 50 ans Plateau 3 : Maria, 7 ans, \u00e9voque son \u00e9t\u00e9 en&#8230;<\/p>\n<p class=\"read-more\"><a class=\"btn btn-default\" href=\"http:\/\/projetscitoyens.francas71.org\/?p=3401\" onclick=\"return TrackClick('http%3A%2F%2Fprojetscitoyens.francas71.org%2F%3Fp%3D3401','Lire+la+suite+Lire+la+suite')\">Lire la suite<span class=\"screen-reader-text\"> Lire la suite<\/span><\/a><\/p>\n","protected":false},"author":1,"featured_media":3400,"comment_status":"open","ping_status":"open","sticky":false,"template":"","format":"standard","meta":{"jetpack_post_was_ever_published":false,"_jetpack_newsletter_access":"","_jetpack_dont_email_post_to_subs":false,"_jetpack_newsletter_tier_id":0,"_jetpack_memberships_contains_paywalled_content":false,"_jetpack_memberships_contains_paid_content":false,"footnotes":"","jetpack_publicize_message":"","jetpack_publicize_feature_enabled":true,"jetpack_social_post_already_shared":true,"jetpack_social_options":{"image_generator_settings":{"template":"highway","enabled":false},"version":2}},"categories":[241,214],"tags":[193,53,192,293,251],"class_list":["post-3401","post","type-post","status-publish","format-standard","has-post-thumbnail","hentry","category-actualites","category-la-radio","tag-ados","tag-enfants","tag-expression","tag-rap","tag-vacances"],"jetpack_publicize_connections":[],"jetpack_featured_media_url":"https:\/\/i0.wp.com\/projetscitoyens.francas71.org\/wp-content\/uploads\/2021\/09\/20210907_160405-copie-scaled.jpg?fit=2560%2C1440","jetpack_sharing_enabled":true,"jetpack_shortlink":"https:\/\/wp.me\/p6M0zG-SR","jetpack-related-posts":[],"jetpack_likes_enabled":true,"_links":{"self":[{"href":"http:\/\/projetscitoyens.francas71.org\/index.php?rest_route=\/wp\/v2\/posts\/3401"}],"collection":[{"href":"http:\/\/projetscitoyens.francas71.org\/index.php?rest_route=\/wp\/v2\/posts"}],"about":[{"href":"http:\/\/projetscitoyens.francas71.org\/index.php?rest_route=\/wp\/v2\/types\/post"}],"author":[{"embeddable":true,"href":"http:\/\/projetscitoyens.francas71.org\/index.php?rest_route=\/wp\/v2\/users\/1"}],"replies":[{"embeddable":true,"href":"http:\/\/projetscitoyens.francas71.org\/index.php?rest_route=%2Fwp%2Fv2%2Fcomments&post=3401"}],"version-history":[{"count":1,"href":"http:\/\/projetscitoyens.francas71.org\/index.php?rest_route=\/wp\/v2\/posts\/3401\/revisions"}],"predecessor-version":[{"id":3402,"href":"http:\/\/projetscitoyens.francas71.org\/index.php?rest_route=\/wp\/v2\/posts\/3401\/revisions\/3402"}],"wp:featuredmedia":[{"embeddable":true,"href":"http:\/\/projetscitoyens.francas71.org\/index.php?rest_route=\/wp\/v2\/media\/3400"}],"wp:attachment":[{"href":"http:\/\/projetscitoyens.francas71.org\/index.php?rest_route=%2Fwp%2Fv2%2Fmedia&parent=3401"}],"wp:term":[{"taxonomy":"category","embeddable":true,"href":"http:\/\/projetscitoyens.francas71.org\/index.php?rest_route=%2Fwp%2Fv2%2Fcategories&post=3401"},{"taxonomy":"post_tag","embeddable":true,"href":"http:\/\/projetscitoyens.francas71.org\/index.php?rest_route=%2Fwp%2Fv2%2Ftags&post=3401"}],"curies":[{"name":"wp","href":"https:\/\/api.w.org\/{rel}","templated":true}]}}