{"id":3407,"date":"2021-12-16T12:29:23","date_gmt":"2021-12-16T11:29:23","guid":{"rendered":"http:\/\/projetscitoyens.francas71.org\/?p=3407"},"modified":"2021-12-16T12:29:23","modified_gmt":"2021-12-16T11:29:23","slug":"les-ados-du-quartier-des-blanchettes-de-macon-realisent-leur-premier-podcast","status":"publish","type":"post","link":"http:\/\/projetscitoyens.francas71.org\/?p=3407","title":{"rendered":"Les ados du quartier des Blanchettes de M\u00e2con r\u00e9alisent leur premier podcast"},"content":{"rendered":"\n<p>Pour leur premi\u00e8re s\u00e9ance de l&rsquo;atelier radio les neufs adolescents et adolescentes pr\u00e9sents ont choisi d&rsquo;enregistrer un podcast sur le racisme et les diff\u00e9rences culturelles.<\/p>\n\n\n\n<figure class=\"wp-block-audio\"><audio controls src=\"http:\/\/projetscitoyens.francas71.org\/wp-content\/uploads\/2021\/12\/Emission-racisme-octobre-1.mp3\"><\/audio><figcaption>Podcast<\/figcaption><\/figure>\n\n\n\n<p><\/p>\n","protected":false},"excerpt":{"rendered":"<p>Pour leur premi\u00e8re s\u00e9ance de l&rsquo;atelier radio les neufs adolescents et adolescentes pr\u00e9sents ont choisi d&rsquo;enregistrer un podcast sur le racisme et les diff\u00e9rences culturelles.<\/p>\n","protected":false},"author":1,"featured_media":0,"comment_status":"open","ping_status":"open","sticky":false,"template":"","format":"standard","meta":{"jetpack_post_was_ever_published":false,"_jetpack_newsletter_access":"","_jetpack_dont_email_post_to_subs":false,"_jetpack_newsletter_tier_id":0,"_jetpack_memberships_contains_paywalled_content":false,"_jetpack_memberships_contains_paid_content":false,"footnotes":"","jetpack_publicize_message":"Les ados du quartier des Blanchettes de M\u00e2con r\u00e9alisent leur premier podcast sur le racisme et les diff\u00e9rences culturelles.","jetpack_publicize_feature_enabled":true,"jetpack_social_post_already_shared":true,"jetpack_social_options":{"image_generator_settings":{"template":"highway","enabled":false},"version":2}},"categories":[1],"tags":[],"class_list":["post-3407","post","type-post","status-publish","format-standard","hentry","category-non-classe"],"jetpack_publicize_connections":[],"jetpack_featured_media_url":"","jetpack_sharing_enabled":true,"jetpack_shortlink":"https:\/\/wp.me\/p6M0zG-SX","jetpack-related-posts":[],"jetpack_likes_enabled":true,"_links":{"self":[{"href":"http:\/\/projetscitoyens.francas71.org\/index.php?rest_route=\/wp\/v2\/posts\/3407"}],"collection":[{"href":"http:\/\/projetscitoyens.francas71.org\/index.php?rest_route=\/wp\/v2\/posts"}],"about":[{"href":"http:\/\/projetscitoyens.francas71.org\/index.php?rest_route=\/wp\/v2\/types\/post"}],"author":[{"embeddable":true,"href":"http:\/\/projetscitoyens.francas71.org\/index.php?rest_route=\/wp\/v2\/users\/1"}],"replies":[{"embeddable":true,"href":"http:\/\/projetscitoyens.francas71.org\/index.php?rest_route=%2Fwp%2Fv2%2Fcomments&post=3407"}],"version-history":[{"count":2,"href":"http:\/\/projetscitoyens.francas71.org\/index.php?rest_route=\/wp\/v2\/posts\/3407\/revisions"}],"predecessor-version":[{"id":3417,"href":"http:\/\/projetscitoyens.francas71.org\/index.php?rest_route=\/wp\/v2\/posts\/3407\/revisions\/3417"}],"wp:attachment":[{"href":"http:\/\/projetscitoyens.francas71.org\/index.php?rest_route=%2Fwp%2Fv2%2Fmedia&parent=3407"}],"wp:term":[{"taxonomy":"category","embeddable":true,"href":"http:\/\/projetscitoyens.francas71.org\/index.php?rest_route=%2Fwp%2Fv2%2Fcategories&post=3407"},{"taxonomy":"post_tag","embeddable":true,"href":"http:\/\/projetscitoyens.francas71.org\/index.php?rest_route=%2Fwp%2Fv2%2Ftags&post=3407"}],"curies":[{"name":"wp","href":"https:\/\/api.w.org\/{rel}","templated":true}]}}