{"id":3411,"date":"2021-12-16T12:39:42","date_gmt":"2021-12-16T11:39:42","guid":{"rendered":"http:\/\/projetscitoyens.francas71.org\/?p=3411"},"modified":"2021-12-16T12:41:03","modified_gmt":"2021-12-16T11:41:03","slug":"atelier-radio-avec-les-enfants-du-centre-de-loisirs-de-saint-vallier","status":"publish","type":"post","link":"http:\/\/projetscitoyens.francas71.org\/?p=3411","title":{"rendered":"Atelier radio avec les enfants du centre de loisirs de Saint Vallier."},"content":{"rendered":"\n<p>Les enfants du centre de loisirs ont d\u00e9couvert l&rsquo;atelier radio. Ils ont pu se familiariser avec le mat\u00e9riel, puis enregistrer des podcasts sur le th\u00e8me de l&rsquo;\u00e9cole et du centre de loisirs, par petit groupe. Une belle d\u00e9couverte pour ces enfants.<\/p>\n\n\n\n<figure class=\"wp-block-audio\"><audio controls src=\"http:\/\/projetscitoyens.francas71.org\/wp-content\/uploads\/2021\/12\/Saint-Vallier-17-11.mp3\"><\/audio><figcaption>Podcast du premier groupe<\/figcaption><\/figure>\n\n\n\n<figure class=\"wp-block-audio\"><audio controls src=\"http:\/\/projetscitoyens.francas71.org\/wp-content\/uploads\/2021\/12\/Saint-Vallier-17-11-groupe-2.mp3\"><\/audio><figcaption>Podcast du deuxi\u00e8me groupe<\/figcaption><\/figure>\n","protected":false},"excerpt":{"rendered":"<p>Les enfants du centre de loisirs ont d\u00e9couvert l&rsquo;atelier radio. Ils ont pu se familiariser avec le mat\u00e9riel, puis enregistrer des podcasts sur le th\u00e8me de l&rsquo;\u00e9cole et du centre de loisirs, par petit groupe. Une belle d\u00e9couverte pour ces enfants.<\/p>\n","protected":false},"author":1,"featured_media":3379,"comment_status":"open","ping_status":"open","sticky":false,"template":"","format":"standard","meta":{"jetpack_post_was_ever_published":false,"_jetpack_newsletter_access":"","_jetpack_dont_email_post_to_subs":false,"_jetpack_newsletter_tier_id":0,"_jetpack_memberships_contains_paywalled_content":false,"_jetpack_memberships_contains_paid_content":false,"footnotes":"","jetpack_publicize_message":"","jetpack_publicize_feature_enabled":true,"jetpack_social_post_already_shared":true,"jetpack_social_options":{"image_generator_settings":{"template":"highway","enabled":false},"version":2}},"categories":[214,1],"tags":[],"class_list":["post-3411","post","type-post","status-publish","format-standard","has-post-thumbnail","hentry","category-la-radio","category-non-classe"],"jetpack_publicize_connections":[],"jetpack_featured_media_url":"https:\/\/i0.wp.com\/projetscitoyens.francas71.org\/wp-content\/uploads\/2021\/08\/generique-chevigny.jpg?fit=889%2C500","jetpack_sharing_enabled":true,"jetpack_shortlink":"https:\/\/wp.me\/p6M0zG-T1","jetpack-related-posts":[],"jetpack_likes_enabled":true,"_links":{"self":[{"href":"http:\/\/projetscitoyens.francas71.org\/index.php?rest_route=\/wp\/v2\/posts\/3411"}],"collection":[{"href":"http:\/\/projetscitoyens.francas71.org\/index.php?rest_route=\/wp\/v2\/posts"}],"about":[{"href":"http:\/\/projetscitoyens.francas71.org\/index.php?rest_route=\/wp\/v2\/types\/post"}],"author":[{"embeddable":true,"href":"http:\/\/projetscitoyens.francas71.org\/index.php?rest_route=\/wp\/v2\/users\/1"}],"replies":[{"embeddable":true,"href":"http:\/\/projetscitoyens.francas71.org\/index.php?rest_route=%2Fwp%2Fv2%2Fcomments&post=3411"}],"version-history":[{"count":2,"href":"http:\/\/projetscitoyens.francas71.org\/index.php?rest_route=\/wp\/v2\/posts\/3411\/revisions"}],"predecessor-version":[{"id":3416,"href":"http:\/\/projetscitoyens.francas71.org\/index.php?rest_route=\/wp\/v2\/posts\/3411\/revisions\/3416"}],"wp:featuredmedia":[{"embeddable":true,"href":"http:\/\/projetscitoyens.francas71.org\/index.php?rest_route=\/wp\/v2\/media\/3379"}],"wp:attachment":[{"href":"http:\/\/projetscitoyens.francas71.org\/index.php?rest_route=%2Fwp%2Fv2%2Fmedia&parent=3411"}],"wp:term":[{"taxonomy":"category","embeddable":true,"href":"http:\/\/projetscitoyens.francas71.org\/index.php?rest_route=%2Fwp%2Fv2%2Fcategories&post=3411"},{"taxonomy":"post_tag","embeddable":true,"href":"http:\/\/projetscitoyens.francas71.org\/index.php?rest_route=%2Fwp%2Fv2%2Ftags&post=3411"}],"curies":[{"name":"wp","href":"https:\/\/api.w.org\/{rel}","templated":true}]}}