{"id":3468,"date":"2022-03-26T13:16:04","date_gmt":"2022-03-26T12:16:04","guid":{"rendered":"http:\/\/projetscitoyens.francas71.org\/?p=3468"},"modified":"2022-03-26T13:16:04","modified_gmt":"2022-03-26T12:16:04","slug":"le-qui-est-ce-de-lodyssee","status":"publish","type":"post","link":"http:\/\/projetscitoyens.francas71.org\/?p=3468","title":{"rendered":"Le Qui est-ce de l&rsquo;Odyss\u00e9e"},"content":{"rendered":"\n<h3 class=\"has-vivid-red-color has-text-color wp-block-heading\">Atelier d&rsquo;expression radiophonique au <a href=\"http:\/\/col71-copernic.ac-dijon.fr\/\" onclick=\"return TrackClick('http%3A%2F%2Fcol71-copernic.ac-dijon.fr%2F','coll%C3%A8ge+Copernic+de+St+Vallier')\">coll\u00e8ge Copernic de St Vallier<\/a> (71) pour la classe de 6\u00e8meF, autour du livre d&rsquo;Hom\u00e8re, \u00ab\u00a0l&rsquo;odyss\u00e9e\u00a0\u00bb. D\u00e9couvrez le livre et ses histoires extraordinaire \u00e0 travers le jeu Qui est-ce ? <\/h3>\n\n\n\n<p>Sur le mois de janvier 2022, les jeunes de la classe de fran\u00e7ais de Mme Brunel, les 6F, ont suivi un atelier d&rsquo;enregistrement audio. A partir du livre d&rsquo;Hom\u00e8re, par petits groupes, ils devaient inventer des questions pour faire d\u00e9couvrir les h\u00e9ros du livre. <\/p>\n\n\n\n<p>Trois enregistrements r\u00e9alis\u00e9s dans les conditions du direct, anim\u00e9s par les jeunes eux-m\u00eames &#8230; \u00e0 \u00e9couter sans mod\u00e9ration !<\/p>\n\n\n\n<figure class=\"wp-block-audio\"><audio controls src=\"http:\/\/projetscitoyens.francas71.org\/wp-content\/uploads\/2022\/03\/6F-31-janvier-emission-public-leo.mp3\"><\/audio><figcaption>Un premier podcast<\/figcaption><\/figure>\n\n\n\n<figure class=\"wp-block-audio\"><audio controls src=\"http:\/\/projetscitoyens.francas71.org\/wp-content\/uploads\/2022\/03\/6F-31-janvier-emission-public-pierre.mp3\"><\/audio><figcaption>Un deuxi\u00e8me podcast<\/figcaption><\/figure>\n\n\n\n<figure class=\"wp-block-audio\"><audio controls src=\"http:\/\/projetscitoyens.francas71.org\/wp-content\/uploads\/2022\/03\/6F-31-janvier-emission-public-marius.mp3\"><\/audio><figcaption>Un troisi\u00e8me podcast<\/figcaption><\/figure>\n","protected":false},"excerpt":{"rendered":"<p>Atelier d&rsquo;expression radiophonique au coll\u00e8ge Copernic de St Vallier (71) pour la classe de 6\u00e8meF, autour du livre d&rsquo;Hom\u00e8re, \u00ab\u00a0l&rsquo;odyss\u00e9e\u00a0\u00bb. D\u00e9couvrez le livre et ses histoires extraordinaire \u00e0 travers le jeu Qui est-ce ? Sur le mois de janvier 2022, les jeunes de la classe de fran\u00e7ais de Mme Brunel, les 6F, ont suivi un atelier d&rsquo;enregistrement audio. A partir du livre d&rsquo;Hom\u00e8re, par petits groupes, ils devaient inventer des questions pour faire d\u00e9couvrir les h\u00e9ros du livre. Trois enregistrements&#8230;<\/p>\n<p class=\"read-more\"><a class=\"btn btn-default\" href=\"http:\/\/projetscitoyens.francas71.org\/?p=3468\" onclick=\"return TrackClick('http%3A%2F%2Fprojetscitoyens.francas71.org%2F%3Fp%3D3468','Lire+la+suite+Lire+la+suite')\">Lire la suite<span class=\"screen-reader-text\"> Lire la suite<\/span><\/a><\/p>\n","protected":false},"author":1,"featured_media":3495,"comment_status":"open","ping_status":"open","sticky":false,"template":"","format":"standard","meta":{"jetpack_post_was_ever_published":false,"_jetpack_newsletter_access":"","_jetpack_dont_email_post_to_subs":false,"_jetpack_newsletter_tier_id":0,"_jetpack_memberships_contains_paywalled_content":false,"_jetpack_memberships_contains_paid_content":false,"footnotes":"","jetpack_publicize_message":"","jetpack_publicize_feature_enabled":true,"jetpack_social_post_already_shared":true,"jetpack_social_options":{"image_generator_settings":{"template":"highway","enabled":false},"version":2}},"categories":[214],"tags":[123,254,192,207,297],"class_list":["post-3468","post","type-post","status-publish","format-standard","has-post-thumbnail","hentry","category-la-radio","tag-education","tag-emi","tag-expression","tag-medias","tag-spme"],"jetpack_publicize_connections":[],"jetpack_featured_media_url":"https:\/\/i0.wp.com\/projetscitoyens.francas71.org\/wp-content\/uploads\/2022\/03\/Odysseus-siren_Parthenope_the_mythological_founder_of_Naples.jpg?fit=492%2C379","jetpack_sharing_enabled":true,"jetpack_shortlink":"https:\/\/wp.me\/p6M0zG-TW","jetpack-related-posts":[],"jetpack_likes_enabled":true,"_links":{"self":[{"href":"http:\/\/projetscitoyens.francas71.org\/index.php?rest_route=\/wp\/v2\/posts\/3468"}],"collection":[{"href":"http:\/\/projetscitoyens.francas71.org\/index.php?rest_route=\/wp\/v2\/posts"}],"about":[{"href":"http:\/\/projetscitoyens.francas71.org\/index.php?rest_route=\/wp\/v2\/types\/post"}],"author":[{"embeddable":true,"href":"http:\/\/projetscitoyens.francas71.org\/index.php?rest_route=\/wp\/v2\/users\/1"}],"replies":[{"embeddable":true,"href":"http:\/\/projetscitoyens.francas71.org\/index.php?rest_route=%2Fwp%2Fv2%2Fcomments&post=3468"}],"version-history":[{"count":3,"href":"http:\/\/projetscitoyens.francas71.org\/index.php?rest_route=\/wp\/v2\/posts\/3468\/revisions"}],"predecessor-version":[{"id":3485,"href":"http:\/\/projetscitoyens.francas71.org\/index.php?rest_route=\/wp\/v2\/posts\/3468\/revisions\/3485"}],"wp:featuredmedia":[{"embeddable":true,"href":"http:\/\/projetscitoyens.francas71.org\/index.php?rest_route=\/wp\/v2\/media\/3495"}],"wp:attachment":[{"href":"http:\/\/projetscitoyens.francas71.org\/index.php?rest_route=%2Fwp%2Fv2%2Fmedia&parent=3468"}],"wp:term":[{"taxonomy":"category","embeddable":true,"href":"http:\/\/projetscitoyens.francas71.org\/index.php?rest_route=%2Fwp%2Fv2%2Fcategories&post=3468"},{"taxonomy":"post_tag","embeddable":true,"href":"http:\/\/projetscitoyens.francas71.org\/index.php?rest_route=%2Fwp%2Fv2%2Ftags&post=3468"}],"curies":[{"name":"wp","href":"https:\/\/api.w.org\/{rel}","templated":true}]}}