{"id":3471,"date":"2022-03-24T16:18:09","date_gmt":"2022-03-24T15:18:09","guid":{"rendered":"http:\/\/projetscitoyens.francas71.org\/?p=3471"},"modified":"2022-03-24T16:18:09","modified_gmt":"2022-03-24T15:18:09","slug":"atelier-radio-au-college-jean-moulin-de-montceau-les-mines","status":"publish","type":"post","link":"http:\/\/projetscitoyens.francas71.org\/?p=3471","title":{"rendered":"Atelier radio au coll\u00e8ge Jean Moulin de Montceau les Mines"},"content":{"rendered":"\n<p>Les \u00e9l\u00e8ves d&rsquo;une classe de quatri\u00e8me ont r\u00e9alis\u00e9 un atelier radio de quatre s\u00e9ances. Ce projet a \u00e9t\u00e9 initi\u00e9 par Madame Weider, professeur du coll\u00e8ge. <\/p>\n\n\n\n<p>Une \u00e9mission collective a \u00e9t\u00e9 r\u00e9alis\u00e9 par la classe, sur des sujets choisis et travaill\u00e9s par les \u00e9l\u00e8ves. L&rsquo;\u00e9mission \u00e9voque l&rsquo;actualit\u00e9 en Ukraine, le football, les voitures, l&rsquo;amiti\u00e9, les anim\u00e9s, le rap et le paranormal.<\/p>\n\n\n\n<figure class=\"wp-block-audio\"><audio controls src=\"http:\/\/projetscitoyens.francas71.org\/wp-content\/uploads\/2022\/03\/Emission-Madame-Weider.mp3\"><\/audio><figcaption>Emission collective de la classe de quatri\u00e8me.<\/figcaption><\/figure>\n\n\n\n<figure class=\"wp-block-audio\"><audio controls src=\"http:\/\/projetscitoyens.francas71.org\/wp-content\/uploads\/2022\/03\/Groupe-1.mp3\"><\/audio><figcaption>Podcast du premier groupe.<\/figcaption><\/figure>\n\n\n\n<figure class=\"wp-block-audio\"><audio controls src=\"http:\/\/projetscitoyens.francas71.org\/wp-content\/uploads\/2022\/03\/Groupe-2-.mp3\"><\/audio><figcaption>Podcast du deuxi\u00e8me groupe.<\/figcaption><\/figure>\n\n\n\n<figure class=\"wp-block-audio\"><audio controls src=\"http:\/\/projetscitoyens.francas71.org\/wp-content\/uploads\/2022\/03\/Groupe-3.mp3\"><\/audio><figcaption>Podcast du troisi\u00e8me groupe.<\/figcaption><\/figure>\n\n\n\n<figure class=\"wp-block-audio\"><audio controls src=\"http:\/\/projetscitoyens.francas71.org\/wp-content\/uploads\/2022\/03\/Groupe-4.mp3\"><\/audio><figcaption>Podcast du quatri\u00e8me groupe.<\/figcaption><\/figure>\n\n\n\n<figure class=\"wp-block-audio\"><audio controls src=\"http:\/\/projetscitoyens.francas71.org\/wp-content\/uploads\/2022\/03\/Groupe-5.mp3\"><\/audio><figcaption>Podcast du cinqui\u00e8me groupe.<\/figcaption><\/figure>\n\n\n\n<figure class=\"wp-block-audio\"><audio controls src=\"http:\/\/projetscitoyens.francas71.org\/wp-content\/uploads\/2022\/03\/Groupe-6.mp3\"><\/audio><figcaption>Podcast du sixi\u00e8me groupe.<\/figcaption><\/figure>\n\n\n\n<figure class=\"wp-block-audio\"><audio controls src=\"http:\/\/projetscitoyens.francas71.org\/wp-content\/uploads\/2022\/03\/Groupe-7.mp3\"><\/audio><figcaption>Podcast du septi\u00e8me groupe.<\/figcaption><\/figure>\n","protected":false},"excerpt":{"rendered":"<p>Les \u00e9l\u00e8ves d&rsquo;une classe de quatri\u00e8me ont r\u00e9alis\u00e9 un atelier radio de quatre s\u00e9ances. Ce projet a \u00e9t\u00e9 initi\u00e9 par Madame Weider, professeur du coll\u00e8ge. Une \u00e9mission collective a \u00e9t\u00e9 r\u00e9alis\u00e9 par la classe, sur des sujets choisis et travaill\u00e9s par les \u00e9l\u00e8ves. L&rsquo;\u00e9mission \u00e9voque l&rsquo;actualit\u00e9 en Ukraine, le football, les voitures, l&rsquo;amiti\u00e9, les anim\u00e9s, le rap et le paranormal.<\/p>\n","protected":false},"author":1,"featured_media":3372,"comment_status":"open","ping_status":"open","sticky":false,"template":"","format":"standard","meta":{"jetpack_post_was_ever_published":false,"_jetpack_newsletter_access":"","_jetpack_dont_email_post_to_subs":false,"_jetpack_newsletter_tier_id":0,"_jetpack_memberships_contains_paywalled_content":false,"_jetpack_memberships_contains_paid_content":false,"footnotes":"","jetpack_publicize_message":"","jetpack_publicize_feature_enabled":true,"jetpack_social_post_already_shared":true,"jetpack_social_options":{"image_generator_settings":{"template":"highway","enabled":false},"version":2}},"categories":[214],"tags":[],"class_list":["post-3471","post","type-post","status-publish","format-standard","has-post-thumbnail","hentry","category-la-radio"],"jetpack_publicize_connections":[],"jetpack_featured_media_url":"https:\/\/i0.wp.com\/projetscitoyens.francas71.org\/wp-content\/uploads\/2021\/08\/generique.jpg?fit=889%2C500","jetpack_sharing_enabled":true,"jetpack_shortlink":"https:\/\/wp.me\/p6M0zG-TZ","jetpack-related-posts":[],"jetpack_likes_enabled":true,"_links":{"self":[{"href":"http:\/\/projetscitoyens.francas71.org\/index.php?rest_route=\/wp\/v2\/posts\/3471"}],"collection":[{"href":"http:\/\/projetscitoyens.francas71.org\/index.php?rest_route=\/wp\/v2\/posts"}],"about":[{"href":"http:\/\/projetscitoyens.francas71.org\/index.php?rest_route=\/wp\/v2\/types\/post"}],"author":[{"embeddable":true,"href":"http:\/\/projetscitoyens.francas71.org\/index.php?rest_route=\/wp\/v2\/users\/1"}],"replies":[{"embeddable":true,"href":"http:\/\/projetscitoyens.francas71.org\/index.php?rest_route=%2Fwp%2Fv2%2Fcomments&post=3471"}],"version-history":[{"count":1,"href":"http:\/\/projetscitoyens.francas71.org\/index.php?rest_route=\/wp\/v2\/posts\/3471\/revisions"}],"predecessor-version":[{"id":3480,"href":"http:\/\/projetscitoyens.francas71.org\/index.php?rest_route=\/wp\/v2\/posts\/3471\/revisions\/3480"}],"wp:featuredmedia":[{"embeddable":true,"href":"http:\/\/projetscitoyens.francas71.org\/index.php?rest_route=\/wp\/v2\/media\/3372"}],"wp:attachment":[{"href":"http:\/\/projetscitoyens.francas71.org\/index.php?rest_route=%2Fwp%2Fv2%2Fmedia&parent=3471"}],"wp:term":[{"taxonomy":"category","embeddable":true,"href":"http:\/\/projetscitoyens.francas71.org\/index.php?rest_route=%2Fwp%2Fv2%2Fcategories&post=3471"},{"taxonomy":"post_tag","embeddable":true,"href":"http:\/\/projetscitoyens.francas71.org\/index.php?rest_route=%2Fwp%2Fv2%2Ftags&post=3471"}],"curies":[{"name":"wp","href":"https:\/\/api.w.org\/{rel}","templated":true}]}}