{"id":3488,"date":"2022-03-26T13:14:16","date_gmt":"2022-03-26T12:14:16","guid":{"rendered":"http:\/\/projetscitoyens.francas71.org\/?p=3488"},"modified":"2022-03-26T13:14:16","modified_gmt":"2022-03-26T12:14:16","slug":"copernic-en-livre-emission-litteraire-des-3emeb","status":"publish","type":"post","link":"http:\/\/projetscitoyens.francas71.org\/?p=3488","title":{"rendered":"Copernic en Livre &#8211; \u00e9mission litt\u00e9raire des 3\u00e8meB"},"content":{"rendered":"\n<h3 class=\"has-luminous-vivid-orange-color has-text-color wp-block-heading\">Discussions autour de livres lus par les jeunes de la classe de 3\u00e8meB du <a href=\"http:\/\/col71-copernic.ac-dijon.fr\/\" onclick=\"return TrackClick('http%3A%2F%2Fcol71-copernic.ac-dijon.fr%2F','coll%C3%A8ge+Copernic+de+St+Vallier')\">coll\u00e8ge Copernic de St Vallier <\/a>(71).<\/h3>\n\n\n\n<p>Chaque jeune devait lire une autobiographie, puis en r\u00e9aliser une pr\u00e9sentation succincte et enfin en discuter avec d&rsquo;autres jeunes. Cela a permis d&rsquo;enregistrer plusieurs petites \u00e9missions litt\u00e9raires, dont certaines anim\u00e9es directement par les jeunes.  Un projet conduit par Mme Brunel, professeure de fran\u00e7ais. <\/p>\n\n\n\n<figure class=\"wp-block-audio\"><audio controls src=\"http:\/\/projetscitoyens.francas71.org\/wp-content\/uploads\/2022\/03\/3B-3-fevrier-emission-cerena-selena-valentin-janne-les-ados.mp3\"><\/audio><figcaption>Podcast avec Cerena, Selena, Valentin et Janne &#8211; l&rsquo;adolescence<br><\/figcaption><\/figure>\n\n\n\n<figure class=\"wp-block-audio\"><audio controls src=\"http:\/\/projetscitoyens.francas71.org\/wp-content\/uploads\/2022\/03\/3B-3-fevrier-emission-charlie-leana-enzo-lola-guerre.mp3\"><\/audio><figcaption>Podcast avec Charlie, Leana, Enzo et Lola &#8211; la 2de Guerre Mondiale<br><\/figcaption><\/figure>\n\n\n\n<figure class=\"wp-block-audio\"><audio controls src=\"http:\/\/projetscitoyens.francas71.org\/wp-content\/uploads\/2022\/03\/3B-3-fevrier-emission-oceane-ilona-arthur-anoa-guerre.mp3\"><\/audio><figcaption>Podcast avec Ilona, Oc\u00e9ane, Arthur et Anoa &#8211; la guerre<br><\/figcaption><\/figure>\n\n\n\n<figure class=\"wp-block-audio\"><audio controls src=\"http:\/\/projetscitoyens.francas71.org\/wp-content\/uploads\/2022\/03\/3B-3-fevrier-emission-okan-lucas-laura-ados.mp3\"><\/audio><figcaption>Podcast avec Okan, Lucas et Laura &#8211; l&rsquo;adolescence<br><\/figcaption><\/figure>\n\n\n\n<figure class=\"wp-block-audio\"><audio controls src=\"http:\/\/projetscitoyens.francas71.org\/wp-content\/uploads\/2022\/03\/3B-3-fevrier-emission-sandro-celia-pays-dailleurs.mp3\"><\/audio><figcaption>Podcast avec Sandro et Celia &#8211; les pays d&rsquo;ailleurs<br><\/figcaption><\/figure>\n\n\n\n<figure class=\"wp-block-audio\"><audio controls src=\"http:\/\/projetscitoyens.francas71.org\/wp-content\/uploads\/2022\/03\/3B-3-fevrier-emission-tristan-camille-matthieu-famille.mp3\"><\/audio><figcaption>Podcast avec Tristan, Camille et Matthieu &#8211; la famille<br><\/figcaption><\/figure>\n\n\n\n<figure class=\"wp-block-audio\"><audio controls src=\"http:\/\/projetscitoyens.francas71.org\/wp-content\/uploads\/2022\/03\/3B-3-fevrier-emission-axele-alexis-loan-guerre.mp3\"><\/audio><figcaption>Podcast avec Axele, Alexis et Loan &#8211; la guerre<\/figcaption><\/figure>\n","protected":false},"excerpt":{"rendered":"<p>Discussions autour de livres lus par les jeunes de la classe de 3\u00e8meB du coll\u00e8ge Copernic de St Vallier (71). Chaque jeune devait lire une autobiographie, puis en r\u00e9aliser une pr\u00e9sentation succincte et enfin en discuter avec d&rsquo;autres jeunes. Cela a permis d&rsquo;enregistrer plusieurs petites \u00e9missions litt\u00e9raires, dont certaines anim\u00e9es directement par les jeunes. Un projet conduit par Mme Brunel, professeure de fran\u00e7ais.<\/p>\n","protected":false},"author":1,"featured_media":3379,"comment_status":"open","ping_status":"open","sticky":false,"template":"","format":"standard","meta":{"jetpack_post_was_ever_published":false,"_jetpack_newsletter_access":"","_jetpack_dont_email_post_to_subs":false,"_jetpack_newsletter_tier_id":0,"_jetpack_memberships_contains_paywalled_content":false,"_jetpack_memberships_contains_paid_content":false,"footnotes":"","jetpack_publicize_message":"","jetpack_publicize_feature_enabled":true,"jetpack_social_post_already_shared":true,"jetpack_social_options":{"image_generator_settings":{"template":"highway","enabled":false},"version":2}},"categories":[241,214],"tags":[299,123,254,298,207,297],"class_list":["post-3488","post","type-post","status-publish","format-standard","has-post-thumbnail","hentry","category-actualites","category-la-radio","tag-critique","tag-education","tag-emi","tag-livre","tag-medias","tag-spme"],"jetpack_publicize_connections":[],"jetpack_featured_media_url":"https:\/\/i0.wp.com\/projetscitoyens.francas71.org\/wp-content\/uploads\/2021\/08\/generique-chevigny.jpg?fit=889%2C500","jetpack_sharing_enabled":true,"jetpack_shortlink":"https:\/\/wp.me\/p6M0zG-Ug","jetpack-related-posts":[],"jetpack_likes_enabled":true,"_links":{"self":[{"href":"http:\/\/projetscitoyens.francas71.org\/index.php?rest_route=\/wp\/v2\/posts\/3488"}],"collection":[{"href":"http:\/\/projetscitoyens.francas71.org\/index.php?rest_route=\/wp\/v2\/posts"}],"about":[{"href":"http:\/\/projetscitoyens.francas71.org\/index.php?rest_route=\/wp\/v2\/types\/post"}],"author":[{"embeddable":true,"href":"http:\/\/projetscitoyens.francas71.org\/index.php?rest_route=\/wp\/v2\/users\/1"}],"replies":[{"embeddable":true,"href":"http:\/\/projetscitoyens.francas71.org\/index.php?rest_route=%2Fwp%2Fv2%2Fcomments&post=3488"}],"version-history":[{"count":3,"href":"http:\/\/projetscitoyens.francas71.org\/index.php?rest_route=\/wp\/v2\/posts\/3488\/revisions"}],"predecessor-version":[{"id":3492,"href":"http:\/\/projetscitoyens.francas71.org\/index.php?rest_route=\/wp\/v2\/posts\/3488\/revisions\/3492"}],"wp:featuredmedia":[{"embeddable":true,"href":"http:\/\/projetscitoyens.francas71.org\/index.php?rest_route=\/wp\/v2\/media\/3379"}],"wp:attachment":[{"href":"http:\/\/projetscitoyens.francas71.org\/index.php?rest_route=%2Fwp%2Fv2%2Fmedia&parent=3488"}],"wp:term":[{"taxonomy":"category","embeddable":true,"href":"http:\/\/projetscitoyens.francas71.org\/index.php?rest_route=%2Fwp%2Fv2%2Fcategories&post=3488"},{"taxonomy":"post_tag","embeddable":true,"href":"http:\/\/projetscitoyens.francas71.org\/index.php?rest_route=%2Fwp%2Fv2%2Ftags&post=3488"}],"curies":[{"name":"wp","href":"https:\/\/api.w.org\/{rel}","templated":true}]}}