{"id":3491,"date":"2022-03-25T08:42:49","date_gmt":"2022-03-25T07:42:49","guid":{"rendered":"http:\/\/projetscitoyens.francas71.org\/?p=3491"},"modified":"2022-03-26T13:13:46","modified_gmt":"2022-03-26T12:13:46","slug":"copernic-en-livre-emission-litteraire-des-3emed","status":"publish","type":"post","link":"http:\/\/projetscitoyens.francas71.org\/?p=3491","title":{"rendered":"Copernic en Livre &#8211; \u00e9mission litt\u00e9raire des 3\u00e8meD"},"content":{"rendered":"\n<h3 class=\"has-luminous-vivid-orange-color has-text-color wp-block-heading\">Discussions autour de livres lus par les jeunes de la classe de 3\u00e8meD du <a href=\"http:\/\/col71-copernic.ac-dijon.fr\/\" onclick=\"return TrackClick('http%3A%2F%2Fcol71-copernic.ac-dijon.fr%2F','coll%C3%A8ge+Copernic+de+St+Vallier')\">coll\u00e8ge Copernic de St Vallier <\/a>(71).<\/h3>\n\n\n\n<p> Chaque jeune devait lire une autobiographie, puis en r\u00e9aliser une  pr\u00e9sentation succincte et enfin en discuter avec d&rsquo;autres jeunes. Cela a  permis d&rsquo;enregistrer plusieurs petites \u00e9missions litt\u00e9raires, dont  certaines anim\u00e9es directement par les jeunes. Un projet conduit par Mme Brunel, professeure de fran\u00e7ais.<\/p>\n\n\n\n<figure class=\"wp-block-audio\"><audio controls src=\"http:\/\/projetscitoyens.francas71.org\/wp-content\/uploads\/2022\/03\/3D-3-fevrier-emission-eileen-jules-lilian-lisa.mp3\"><\/audio><figcaption>Podcast avec Eileen, Jules, Lilian et Lisa<br><\/figcaption><\/figure>\n\n\n\n<figure class=\"wp-block-audio\"><audio controls src=\"http:\/\/projetscitoyens.francas71.org\/wp-content\/uploads\/2022\/03\/3D-3-fevrier-emission-joao-oceane-manuel-guerre.mp3\"><\/audio><figcaption>Podcast avec Joao, Oc\u00e9ane et Manuel<br><\/figcaption><\/figure>\n\n\n\n<figure class=\"wp-block-audio\"><audio controls src=\"http:\/\/projetscitoyens.francas71.org\/wp-content\/uploads\/2022\/03\/3D-3-fevrier-emission-lisa-maya-louane-anne-franck.mp3\"><\/audio><figcaption>Podcast avec Lisa, Maya et Louane &#8211; le Journal d&rsquo;Anne Franck<br><\/figcaption><\/figure>\n\n\n\n<figure class=\"wp-block-audio\"><audio controls src=\"http:\/\/projetscitoyens.francas71.org\/wp-content\/uploads\/2022\/03\/3D-3-fevrier-emission-mathis-guerre.mp3\"><\/audio><figcaption>Podcast avec Mathis &#8211; la guerre<br><\/figcaption><\/figure>\n\n\n\n<figure class=\"wp-block-audio\"><audio controls src=\"http:\/\/projetscitoyens.francas71.org\/wp-content\/uploads\/2022\/03\/3D-3-fevrier-emission-pierrick-lean-matteo-guerre.mp3\"><\/audio><figcaption>Podcast avec Pierrick, Lean et Matteo &#8211; la guerre<br><\/figcaption><\/figure>\n\n\n\n<figure class=\"wp-block-audio\"><audio controls src=\"http:\/\/projetscitoyens.francas71.org\/wp-content\/uploads\/2022\/03\/3D-3-fevrier-emission-roxane-oriane-beatrice-maeva-ados.mp3\"><\/audio><figcaption>Podcast avec Roxane, Oriane, B\u00e9atrice et Ma\u00e9va &#8211; l&rsquo;adolescence<br><\/figcaption><\/figure>\n\n\n\n<figure class=\"wp-block-audio\"><audio controls src=\"http:\/\/projetscitoyens.francas71.org\/wp-content\/uploads\/2022\/03\/3D-3-fevrier-emission-shana-mathys-leo-lucille-ados.mp3\"><\/audio><figcaption>Podcast avec Shana, Mathys, L\u00e9o et Lucille &#8211; l&rsquo;adolescence<\/figcaption><\/figure>\n","protected":false},"excerpt":{"rendered":"<p>Discussions autour de livres lus par les jeunes de la classe de 3\u00e8meD du coll\u00e8ge Copernic de St Vallier (71). Chaque jeune devait lire une autobiographie, puis en r\u00e9aliser une pr\u00e9sentation succincte et enfin en discuter avec d&rsquo;autres jeunes. Cela a permis d&rsquo;enregistrer plusieurs petites \u00e9missions litt\u00e9raires, dont certaines anim\u00e9es directement par les jeunes. Un projet conduit par Mme Brunel, professeure de fran\u00e7ais.<\/p>\n","protected":false},"author":1,"featured_media":3379,"comment_status":"open","ping_status":"open","sticky":false,"template":"","format":"standard","meta":{"jetpack_post_was_ever_published":false,"_jetpack_newsletter_access":"","_jetpack_dont_email_post_to_subs":false,"_jetpack_newsletter_tier_id":0,"_jetpack_memberships_contains_paywalled_content":false,"_jetpack_memberships_contains_paid_content":false,"footnotes":"","jetpack_publicize_message":"","jetpack_publicize_feature_enabled":true,"jetpack_social_post_already_shared":true,"jetpack_social_options":{"image_generator_settings":{"template":"highway","enabled":false},"version":2}},"categories":[241,214],"tags":[123,254,192,298,207,297],"class_list":["post-3491","post","type-post","status-publish","format-standard","has-post-thumbnail","hentry","category-actualites","category-la-radio","tag-education","tag-emi","tag-expression","tag-livre","tag-medias","tag-spme"],"jetpack_publicize_connections":[],"jetpack_featured_media_url":"https:\/\/i0.wp.com\/projetscitoyens.francas71.org\/wp-content\/uploads\/2021\/08\/generique-chevigny.jpg?fit=889%2C500","jetpack_sharing_enabled":true,"jetpack_shortlink":"https:\/\/wp.me\/p6M0zG-Uj","jetpack-related-posts":[],"jetpack_likes_enabled":true,"_links":{"self":[{"href":"http:\/\/projetscitoyens.francas71.org\/index.php?rest_route=\/wp\/v2\/posts\/3491"}],"collection":[{"href":"http:\/\/projetscitoyens.francas71.org\/index.php?rest_route=\/wp\/v2\/posts"}],"about":[{"href":"http:\/\/projetscitoyens.francas71.org\/index.php?rest_route=\/wp\/v2\/types\/post"}],"author":[{"embeddable":true,"href":"http:\/\/projetscitoyens.francas71.org\/index.php?rest_route=\/wp\/v2\/users\/1"}],"replies":[{"embeddable":true,"href":"http:\/\/projetscitoyens.francas71.org\/index.php?rest_route=%2Fwp%2Fv2%2Fcomments&post=3491"}],"version-history":[{"count":2,"href":"http:\/\/projetscitoyens.francas71.org\/index.php?rest_route=\/wp\/v2\/posts\/3491\/revisions"}],"predecessor-version":[{"id":3494,"href":"http:\/\/projetscitoyens.francas71.org\/index.php?rest_route=\/wp\/v2\/posts\/3491\/revisions\/3494"}],"wp:featuredmedia":[{"embeddable":true,"href":"http:\/\/projetscitoyens.francas71.org\/index.php?rest_route=\/wp\/v2\/media\/3379"}],"wp:attachment":[{"href":"http:\/\/projetscitoyens.francas71.org\/index.php?rest_route=%2Fwp%2Fv2%2Fmedia&parent=3491"}],"wp:term":[{"taxonomy":"category","embeddable":true,"href":"http:\/\/projetscitoyens.francas71.org\/index.php?rest_route=%2Fwp%2Fv2%2Fcategories&post=3491"},{"taxonomy":"post_tag","embeddable":true,"href":"http:\/\/projetscitoyens.francas71.org\/index.php?rest_route=%2Fwp%2Fv2%2Ftags&post=3491"}],"curies":[{"name":"wp","href":"https:\/\/api.w.org\/{rel}","templated":true}]}}