{"id":3497,"date":"2022-04-13T12:53:08","date_gmt":"2022-04-13T11:53:08","guid":{"rendered":"http:\/\/projetscitoyens.francas71.org\/?p=3497"},"modified":"2022-04-13T12:53:08","modified_gmt":"2022-04-13T11:53:08","slug":"liberte-egalite-fraternite-ne-jamais-renoncer","status":"publish","type":"post","link":"http:\/\/projetscitoyens.francas71.org\/?p=3497","title":{"rendered":"Libert\u00e9, Egalit\u00e9, Fraternit\u00e9, ne jamais renoncer !"},"content":{"rendered":"\n<h3 class=\"has-vivid-red-color has-text-color wp-block-heading\">Suite aux r\u00e9sultats du 1er tour des \u00e9lections pr\u00e9sidentielles de ce dimanche 10 avril, les Francas prennent position et s&rsquo;adressent aux militants de l&rsquo;enfance et de la jeunesse<\/h3>\n\n\n\n<p>Retrouver <a href=\"http:\/\/projetscitoyens.francas71.org\/wp-content\/uploads\/2022\/04\/CP-elections-2022-liberte_egalite_fraternite_ne_jamais_renoncer_.pdf\" onclick=\"return TrackClick('http%3A%2F%2Fprojetscitoyens.francas71.org%2Fwp-content%2Fuploads%2F2022%2F04%2FCP-elections-2022-liberte_egalite_fraternite_ne_jamais_renoncer_.pdf','le+texte+national')\">le texte national<\/a> diffus\u00e9 en direction des militants de l&rsquo;enfance, de l&rsquo;\u00e9ducation et de la jeunesse<\/p>\n\n\n\n<p><\/p>\n","protected":false},"excerpt":{"rendered":"<p>Suite aux r\u00e9sultats du 1er tour des \u00e9lections pr\u00e9sidentielles de ce dimanche 10 avril, les Francas prennent position et s&rsquo;adressent aux militants de l&rsquo;enfance et de la jeunesse Retrouver le texte national diffus\u00e9 en direction des militants de l&rsquo;enfance, de l&rsquo;\u00e9ducation et de la jeunesse<\/p>\n","protected":false},"author":1,"featured_media":3501,"comment_status":"open","ping_status":"open","sticky":false,"template":"","format":"standard","meta":{"jetpack_post_was_ever_published":false,"_jetpack_newsletter_access":"","_jetpack_dont_email_post_to_subs":false,"_jetpack_newsletter_tier_id":0,"_jetpack_memberships_contains_paywalled_content":false,"_jetpack_memberships_contains_paid_content":false,"footnotes":"","jetpack_publicize_message":"","jetpack_publicize_feature_enabled":true,"jetpack_social_post_already_shared":true,"jetpack_social_options":{"image_generator_settings":{"template":"highway","enabled":false},"version":2}},"categories":[241],"tags":[150,302,300,303,301,211],"class_list":["post-3497","post","type-post","status-publish","format-standard","has-post-thumbnail","hentry","category-actualites","tag-citoyennete","tag-egalite","tag-election","tag-fraternite","tag-liberte","tag-vivre-ensemble"],"jetpack_publicize_connections":[],"jetpack_featured_media_url":"https:\/\/i0.wp.com\/projetscitoyens.francas71.org\/wp-content\/uploads\/2022\/04\/DOSSIER_liberte_egalite_fraternite_117345601_Drupal_0.jpg?fit=1400%2C875","jetpack_sharing_enabled":true,"jetpack_shortlink":"https:\/\/wp.me\/p6M0zG-Up","jetpack-related-posts":[],"jetpack_likes_enabled":true,"_links":{"self":[{"href":"http:\/\/projetscitoyens.francas71.org\/index.php?rest_route=\/wp\/v2\/posts\/3497"}],"collection":[{"href":"http:\/\/projetscitoyens.francas71.org\/index.php?rest_route=\/wp\/v2\/posts"}],"about":[{"href":"http:\/\/projetscitoyens.francas71.org\/index.php?rest_route=\/wp\/v2\/types\/post"}],"author":[{"embeddable":true,"href":"http:\/\/projetscitoyens.francas71.org\/index.php?rest_route=\/wp\/v2\/users\/1"}],"replies":[{"embeddable":true,"href":"http:\/\/projetscitoyens.francas71.org\/index.php?rest_route=%2Fwp%2Fv2%2Fcomments&post=3497"}],"version-history":[{"count":2,"href":"http:\/\/projetscitoyens.francas71.org\/index.php?rest_route=\/wp\/v2\/posts\/3497\/revisions"}],"predecessor-version":[{"id":3500,"href":"http:\/\/projetscitoyens.francas71.org\/index.php?rest_route=\/wp\/v2\/posts\/3497\/revisions\/3500"}],"wp:featuredmedia":[{"embeddable":true,"href":"http:\/\/projetscitoyens.francas71.org\/index.php?rest_route=\/wp\/v2\/media\/3501"}],"wp:attachment":[{"href":"http:\/\/projetscitoyens.francas71.org\/index.php?rest_route=%2Fwp%2Fv2%2Fmedia&parent=3497"}],"wp:term":[{"taxonomy":"category","embeddable":true,"href":"http:\/\/projetscitoyens.francas71.org\/index.php?rest_route=%2Fwp%2Fv2%2Fcategories&post=3497"},{"taxonomy":"post_tag","embeddable":true,"href":"http:\/\/projetscitoyens.francas71.org\/index.php?rest_route=%2Fwp%2Fv2%2Ftags&post=3497"}],"curies":[{"name":"wp","href":"https:\/\/api.w.org\/{rel}","templated":true}]}}