{"id":3503,"date":"2022-05-05T15:52:09","date_gmt":"2022-05-05T14:52:09","guid":{"rendered":"http:\/\/projetscitoyens.francas71.org\/?p=3503"},"modified":"2022-05-05T15:52:09","modified_gmt":"2022-05-05T14:52:09","slug":"emission-de-radio-des-eleves-de-quatrieme-du-college-de-lugny","status":"publish","type":"post","link":"http:\/\/projetscitoyens.francas71.org\/?p=3503","title":{"rendered":"Emission de radio des \u00e9l\u00e8ves de quatri\u00e8me du coll\u00e8ge de Lugny"},"content":{"rendered":"\n<p>Un groupe de quatri\u00e8me du coll\u00e8ge de Lugny vous pr\u00e9sente leur \u00e9mission sur le th\u00e8me : mieux se former et s&rsquo;informer pour vivre ensemble. Vous d\u00e9couvrirez des informations sur les r\u00e9seaux sociaux, des conseils et de nombreux invit\u00e9s.<\/p>\n\n\n\n<figure class=\"wp-block-audio\"><audio controls src=\"http:\/\/projetscitoyens.francas71.org\/wp-content\/uploads\/2022\/05\/Lugny-Emission-Finale.mp3\"><\/audio><figcaption>Mieux se former et s&rsquo;informer pour vivre ensemble.<\/figcaption><\/figure>\n\n\n\n<p><\/p>\n","protected":false},"excerpt":{"rendered":"<p>Un groupe de quatri\u00e8me du coll\u00e8ge de Lugny vous pr\u00e9sente leur \u00e9mission sur le th\u00e8me : mieux se former et s&rsquo;informer pour vivre ensemble. Vous d\u00e9couvrirez des informations sur les r\u00e9seaux sociaux, des conseils et de nombreux invit\u00e9s.<\/p>\n","protected":false},"author":1,"featured_media":3372,"comment_status":"open","ping_status":"open","sticky":false,"template":"","format":"standard","meta":{"jetpack_post_was_ever_published":false,"_jetpack_newsletter_access":"","_jetpack_dont_email_post_to_subs":false,"_jetpack_newsletter_tier_id":0,"_jetpack_memberships_contains_paywalled_content":false,"_jetpack_memberships_contains_paid_content":false,"footnotes":"","jetpack_publicize_message":"","jetpack_publicize_feature_enabled":true,"jetpack_social_post_already_shared":true,"jetpack_social_options":{"image_generator_settings":{"template":"highway","enabled":false},"version":2}},"categories":[214],"tags":[],"class_list":["post-3503","post","type-post","status-publish","format-standard","has-post-thumbnail","hentry","category-la-radio"],"jetpack_publicize_connections":[],"jetpack_featured_media_url":"https:\/\/i0.wp.com\/projetscitoyens.francas71.org\/wp-content\/uploads\/2021\/08\/generique.jpg?fit=889%2C500","jetpack_sharing_enabled":true,"jetpack_shortlink":"https:\/\/wp.me\/p6M0zG-Uv","jetpack-related-posts":[],"jetpack_likes_enabled":true,"_links":{"self":[{"href":"http:\/\/projetscitoyens.francas71.org\/index.php?rest_route=\/wp\/v2\/posts\/3503"}],"collection":[{"href":"http:\/\/projetscitoyens.francas71.org\/index.php?rest_route=\/wp\/v2\/posts"}],"about":[{"href":"http:\/\/projetscitoyens.francas71.org\/index.php?rest_route=\/wp\/v2\/types\/post"}],"author":[{"embeddable":true,"href":"http:\/\/projetscitoyens.francas71.org\/index.php?rest_route=\/wp\/v2\/users\/1"}],"replies":[{"embeddable":true,"href":"http:\/\/projetscitoyens.francas71.org\/index.php?rest_route=%2Fwp%2Fv2%2Fcomments&post=3503"}],"version-history":[{"count":1,"href":"http:\/\/projetscitoyens.francas71.org\/index.php?rest_route=\/wp\/v2\/posts\/3503\/revisions"}],"predecessor-version":[{"id":3505,"href":"http:\/\/projetscitoyens.francas71.org\/index.php?rest_route=\/wp\/v2\/posts\/3503\/revisions\/3505"}],"wp:featuredmedia":[{"embeddable":true,"href":"http:\/\/projetscitoyens.francas71.org\/index.php?rest_route=\/wp\/v2\/media\/3372"}],"wp:attachment":[{"href":"http:\/\/projetscitoyens.francas71.org\/index.php?rest_route=%2Fwp%2Fv2%2Fmedia&parent=3503"}],"wp:term":[{"taxonomy":"category","embeddable":true,"href":"http:\/\/projetscitoyens.francas71.org\/index.php?rest_route=%2Fwp%2Fv2%2Fcategories&post=3503"},{"taxonomy":"post_tag","embeddable":true,"href":"http:\/\/projetscitoyens.francas71.org\/index.php?rest_route=%2Fwp%2Fv2%2Ftags&post=3503"}],"curies":[{"name":"wp","href":"https:\/\/api.w.org\/{rel}","templated":true}]}}