{"id":3515,"date":"2022-06-17T08:41:07","date_gmt":"2022-06-17T07:41:07","guid":{"rendered":"http:\/\/projetscitoyens.francas71.org\/?p=3515"},"modified":"2022-06-17T08:41:07","modified_gmt":"2022-06-17T07:41:07","slug":"devenir-animateur-radio","status":"publish","type":"post","link":"http:\/\/projetscitoyens.francas71.org\/?p=3515","title":{"rendered":"Devenir animateur radio !"},"content":{"rendered":"\n<h3 class=\"has-vivid-red-color has-text-color wp-block-heading\">Il y a quelques jours, 6 animatrices et animateurs de <a href=\"https:\/\/www.uniscite.fr\/antenne\/macon-2\/\" onclick=\"return TrackClick('https%3A%2F%2Fwww.uniscite.fr%2Fantenne%2Fmacon-2%2F','l%22association+Uniscit%C3%A9+de+Sa%C3%B4ne+et+Loire')\">l&rsquo;association Uniscit\u00e9 de Sa\u00f4ne et Loire<\/a> ont d\u00e9couvert la radio. Ils se sont transform\u00e9s, le temps d&rsquo;une journ\u00e9e, en animatrice et animateur radio.<\/h3>\n\n\n\n<p>Trois sujets, trois mani\u00e8re de prendre la parole, trois ambiances, \u00e0 retrouver dans les podcasts suivants.<\/p>\n\n\n\n<figure class=\"wp-block-image size-large\"><img loading=\"lazy\" decoding=\"async\" width=\"640\" height=\"360\" data-attachment-id=\"3514\" data-permalink=\"http:\/\/projetscitoyens.francas71.org\/?attachment_id=3514\" data-orig-file=\"https:\/\/i0.wp.com\/projetscitoyens.francas71.org\/wp-content\/uploads\/2022\/06\/pierre-et-lea.jpg?fit=889%2C500\" data-orig-size=\"889,500\" data-comments-opened=\"1\" data-image-meta=\"{&quot;aperture&quot;:&quot;0&quot;,&quot;credit&quot;:&quot;&quot;,&quot;camera&quot;:&quot;&quot;,&quot;caption&quot;:&quot;&quot;,&quot;created_timestamp&quot;:&quot;0&quot;,&quot;copyright&quot;:&quot;&quot;,&quot;focal_length&quot;:&quot;0&quot;,&quot;iso&quot;:&quot;0&quot;,&quot;shutter_speed&quot;:&quot;0&quot;,&quot;title&quot;:&quot;&quot;,&quot;orientation&quot;:&quot;0&quot;}\" data-image-title=\"pierre et lea\" data-image-description=\"\" data-image-caption=\"\" data-medium-file=\"https:\/\/i0.wp.com\/projetscitoyens.francas71.org\/wp-content\/uploads\/2022\/06\/pierre-et-lea.jpg?fit=300%2C169\" data-large-file=\"https:\/\/i0.wp.com\/projetscitoyens.francas71.org\/wp-content\/uploads\/2022\/06\/pierre-et-lea.jpg?fit=640%2C360\" tabindex=\"0\" role=\"button\" src=\"https:\/\/i0.wp.com\/projetscitoyens.francas71.org\/wp-content\/uploads\/2022\/06\/pierre-et-lea.jpg?resize=640%2C360\" alt=\"\" class=\"wp-image-3514\" srcset=\"https:\/\/i0.wp.com\/projetscitoyens.francas71.org\/wp-content\/uploads\/2022\/06\/pierre-et-lea.jpg?w=889 889w, https:\/\/i0.wp.com\/projetscitoyens.francas71.org\/wp-content\/uploads\/2022\/06\/pierre-et-lea.jpg?resize=300%2C169 300w, https:\/\/i0.wp.com\/projetscitoyens.francas71.org\/wp-content\/uploads\/2022\/06\/pierre-et-lea.jpg?resize=768%2C432 768w, https:\/\/i0.wp.com\/projetscitoyens.francas71.org\/wp-content\/uploads\/2022\/06\/pierre-et-lea.jpg?resize=480%2C270 480w\" sizes=\"(max-width: 640px) 100vw, 640px\" data-recalc-dims=\"1\" \/><\/figure>\n\n\n\n<figure class=\"wp-block-audio\"><audio controls src=\"http:\/\/projetscitoyens.francas71.org\/wp-content\/uploads\/2022\/06\/pierre-et-lea.mp3\"><\/audio><figcaption>L\u00e9a et Pierre<br>invitation au voyage<br><\/figcaption><\/figure>\n\n\n\n<figure class=\"wp-block-image size-large\"><img loading=\"lazy\" decoding=\"async\" width=\"640\" height=\"360\" data-attachment-id=\"3512\" data-permalink=\"http:\/\/projetscitoyens.francas71.org\/?attachment_id=3512\" data-orig-file=\"https:\/\/i0.wp.com\/projetscitoyens.francas71.org\/wp-content\/uploads\/2022\/06\/malo-et-solene.jpg?fit=889%2C500\" data-orig-size=\"889,500\" data-comments-opened=\"1\" data-image-meta=\"{&quot;aperture&quot;:&quot;0&quot;,&quot;credit&quot;:&quot;&quot;,&quot;camera&quot;:&quot;&quot;,&quot;caption&quot;:&quot;&quot;,&quot;created_timestamp&quot;:&quot;0&quot;,&quot;copyright&quot;:&quot;&quot;,&quot;focal_length&quot;:&quot;0&quot;,&quot;iso&quot;:&quot;0&quot;,&quot;shutter_speed&quot;:&quot;0&quot;,&quot;title&quot;:&quot;&quot;,&quot;orientation&quot;:&quot;0&quot;}\" data-image-title=\"malo et solene\" data-image-description=\"\" data-image-caption=\"\" data-medium-file=\"https:\/\/i0.wp.com\/projetscitoyens.francas71.org\/wp-content\/uploads\/2022\/06\/malo-et-solene.jpg?fit=300%2C169\" data-large-file=\"https:\/\/i0.wp.com\/projetscitoyens.francas71.org\/wp-content\/uploads\/2022\/06\/malo-et-solene.jpg?fit=640%2C360\" tabindex=\"0\" role=\"button\" src=\"https:\/\/i0.wp.com\/projetscitoyens.francas71.org\/wp-content\/uploads\/2022\/06\/malo-et-solene.jpg?resize=640%2C360\" alt=\"\" class=\"wp-image-3512\" srcset=\"https:\/\/i0.wp.com\/projetscitoyens.francas71.org\/wp-content\/uploads\/2022\/06\/malo-et-solene.jpg?w=889 889w, https:\/\/i0.wp.com\/projetscitoyens.francas71.org\/wp-content\/uploads\/2022\/06\/malo-et-solene.jpg?resize=300%2C169 300w, https:\/\/i0.wp.com\/projetscitoyens.francas71.org\/wp-content\/uploads\/2022\/06\/malo-et-solene.jpg?resize=768%2C432 768w, https:\/\/i0.wp.com\/projetscitoyens.francas71.org\/wp-content\/uploads\/2022\/06\/malo-et-solene.jpg?resize=480%2C270 480w\" sizes=\"(max-width: 640px) 100vw, 640px\" data-recalc-dims=\"1\" \/><\/figure>\n\n\n\n<figure class=\"wp-block-audio\"><audio controls src=\"http:\/\/projetscitoyens.francas71.org\/wp-content\/uploads\/2022\/06\/malo-et-solene.mp3\"><\/audio><figcaption>Malo et Sol\u00e8ne<br>La radio qui roule<br><\/figcaption><\/figure>\n\n\n\n<figure class=\"wp-block-image size-large\"><img loading=\"lazy\" decoding=\"async\" width=\"640\" height=\"360\" data-attachment-id=\"3513\" data-permalink=\"http:\/\/projetscitoyens.francas71.org\/?attachment_id=3513\" data-orig-file=\"https:\/\/i0.wp.com\/projetscitoyens.francas71.org\/wp-content\/uploads\/2022\/06\/margot-et-julien.jpg?fit=889%2C500\" data-orig-size=\"889,500\" data-comments-opened=\"1\" data-image-meta=\"{&quot;aperture&quot;:&quot;0&quot;,&quot;credit&quot;:&quot;&quot;,&quot;camera&quot;:&quot;&quot;,&quot;caption&quot;:&quot;&quot;,&quot;created_timestamp&quot;:&quot;0&quot;,&quot;copyright&quot;:&quot;&quot;,&quot;focal_length&quot;:&quot;0&quot;,&quot;iso&quot;:&quot;0&quot;,&quot;shutter_speed&quot;:&quot;0&quot;,&quot;title&quot;:&quot;&quot;,&quot;orientation&quot;:&quot;0&quot;}\" data-image-title=\"margot et julien\" data-image-description=\"\" data-image-caption=\"\" data-medium-file=\"https:\/\/i0.wp.com\/projetscitoyens.francas71.org\/wp-content\/uploads\/2022\/06\/margot-et-julien.jpg?fit=300%2C169\" data-large-file=\"https:\/\/i0.wp.com\/projetscitoyens.francas71.org\/wp-content\/uploads\/2022\/06\/margot-et-julien.jpg?fit=640%2C360\" tabindex=\"0\" role=\"button\" src=\"https:\/\/i0.wp.com\/projetscitoyens.francas71.org\/wp-content\/uploads\/2022\/06\/margot-et-julien.jpg?resize=640%2C360\" alt=\"\" class=\"wp-image-3513\" srcset=\"https:\/\/i0.wp.com\/projetscitoyens.francas71.org\/wp-content\/uploads\/2022\/06\/margot-et-julien.jpg?w=889 889w, https:\/\/i0.wp.com\/projetscitoyens.francas71.org\/wp-content\/uploads\/2022\/06\/margot-et-julien.jpg?resize=300%2C169 300w, https:\/\/i0.wp.com\/projetscitoyens.francas71.org\/wp-content\/uploads\/2022\/06\/margot-et-julien.jpg?resize=768%2C432 768w, https:\/\/i0.wp.com\/projetscitoyens.francas71.org\/wp-content\/uploads\/2022\/06\/margot-et-julien.jpg?resize=480%2C270 480w\" sizes=\"(max-width: 640px) 100vw, 640px\" data-recalc-dims=\"1\" \/><\/figure>\n\n\n\n<figure class=\"wp-block-audio\"><audio controls src=\"http:\/\/projetscitoyens.francas71.org\/wp-content\/uploads\/2022\/06\/julien-et-manon.mp3\"><\/audio><figcaption>Margot et Julien<br>Chronique de la colocation<br><\/figcaption><\/figure>\n","protected":false},"excerpt":{"rendered":"<p>Il y a quelques jours, 6 animatrices et animateurs de l&rsquo;association Uniscit\u00e9 de Sa\u00f4ne et Loire ont d\u00e9couvert la radio. Ils se sont transform\u00e9s, le temps d&rsquo;une journ\u00e9e, en animatrice et animateur radio. Trois sujets, trois mani\u00e8re de prendre la parole, trois ambiances, \u00e0 retrouver dans les podcasts suivants.<\/p>\n","protected":false},"author":1,"featured_media":3379,"comment_status":"open","ping_status":"open","sticky":false,"template":"","format":"standard","meta":{"jetpack_post_was_ever_published":false,"_jetpack_newsletter_access":"","_jetpack_dont_email_post_to_subs":false,"_jetpack_newsletter_tier_id":0,"_jetpack_memberships_contains_paywalled_content":false,"_jetpack_memberships_contains_paid_content":false,"footnotes":"","jetpack_publicize_message":"","jetpack_publicize_feature_enabled":true,"jetpack_social_post_already_shared":true,"jetpack_social_options":{"image_generator_settings":{"template":"highway","enabled":false},"version":2}},"categories":[241,120,214],"tags":[129,287,72,304],"class_list":["post-3515","post","type-post","status-publish","format-standard","has-post-thumbnail","hentry","category-actualites","category-engagement-des-jeunes","category-la-radio","tag-engagement","tag-imagination","tag-jeunes","tag-volontaires"],"jetpack_publicize_connections":[],"jetpack_featured_media_url":"https:\/\/i0.wp.com\/projetscitoyens.francas71.org\/wp-content\/uploads\/2021\/08\/generique-chevigny.jpg?fit=889%2C500","jetpack_sharing_enabled":true,"jetpack_shortlink":"https:\/\/wp.me\/p6M0zG-UH","jetpack-related-posts":[],"jetpack_likes_enabled":true,"_links":{"self":[{"href":"http:\/\/projetscitoyens.francas71.org\/index.php?rest_route=\/wp\/v2\/posts\/3515"}],"collection":[{"href":"http:\/\/projetscitoyens.francas71.org\/index.php?rest_route=\/wp\/v2\/posts"}],"about":[{"href":"http:\/\/projetscitoyens.francas71.org\/index.php?rest_route=\/wp\/v2\/types\/post"}],"author":[{"embeddable":true,"href":"http:\/\/projetscitoyens.francas71.org\/index.php?rest_route=\/wp\/v2\/users\/1"}],"replies":[{"embeddable":true,"href":"http:\/\/projetscitoyens.francas71.org\/index.php?rest_route=%2Fwp%2Fv2%2Fcomments&post=3515"}],"version-history":[{"count":1,"href":"http:\/\/projetscitoyens.francas71.org\/index.php?rest_route=\/wp\/v2\/posts\/3515\/revisions"}],"predecessor-version":[{"id":3516,"href":"http:\/\/projetscitoyens.francas71.org\/index.php?rest_route=\/wp\/v2\/posts\/3515\/revisions\/3516"}],"wp:featuredmedia":[{"embeddable":true,"href":"http:\/\/projetscitoyens.francas71.org\/index.php?rest_route=\/wp\/v2\/media\/3379"}],"wp:attachment":[{"href":"http:\/\/projetscitoyens.francas71.org\/index.php?rest_route=%2Fwp%2Fv2%2Fmedia&parent=3515"}],"wp:term":[{"taxonomy":"category","embeddable":true,"href":"http:\/\/projetscitoyens.francas71.org\/index.php?rest_route=%2Fwp%2Fv2%2Fcategories&post=3515"},{"taxonomy":"post_tag","embeddable":true,"href":"http:\/\/projetscitoyens.francas71.org\/index.php?rest_route=%2Fwp%2Fv2%2Ftags&post=3515"}],"curies":[{"name":"wp","href":"https:\/\/api.w.org\/{rel}","templated":true}]}}