{"id":3538,"date":"2022-09-05T09:13:47","date_gmt":"2022-09-05T08:13:47","guid":{"rendered":"http:\/\/projetscitoyens.francas71.org\/?p=3538"},"modified":"2022-09-05T09:13:47","modified_gmt":"2022-09-05T08:13:47","slug":"presentation-du-conseil-de-vie-lyceenne-par-les-jeunes-du-lycee-marey-21","status":"publish","type":"post","link":"http:\/\/projetscitoyens.francas71.org\/?p=3538","title":{"rendered":"Pr\u00e9sentation du Conseil de Vie Lyc\u00e9enne par les jeunes du Lyc\u00e9e Marey (21)"},"content":{"rendered":"\n<p>6 jeunes lyc\u00e9ens du Lyc\u00e9e Etienne-Jules Marey \u00e0 Beaune, se sont essay\u00e9s \u00e0 l&rsquo;\u00e9mission radio pour nous parler de l&rsquo;importance du CVL, avec leur engagement et leurs projets.<\/p>\n\n\n\n<figure class=\"wp-block-audio\"><audio controls src=\"http:\/\/projetscitoyens.francas71.org\/wp-content\/uploads\/2022\/09\/Presentation-CVL-lyc\u00e9e-Marey-3105.mp3\"><\/audio><\/figure>\n\n\n\n<p><\/p>\n","protected":false},"excerpt":{"rendered":"<p>6 jeunes lyc\u00e9ens du Lyc\u00e9e Etienne-Jules Marey \u00e0 Beaune, se sont essay\u00e9s \u00e0 l&rsquo;\u00e9mission radio pour nous parler de l&rsquo;importance du CVL, avec leur engagement et leurs projets.<\/p>\n","protected":false},"author":1,"featured_media":3541,"comment_status":"open","ping_status":"open","sticky":false,"template":"","format":"standard","meta":{"jetpack_post_was_ever_published":false,"_jetpack_newsletter_access":"","_jetpack_dont_email_post_to_subs":false,"_jetpack_newsletter_tier_id":0,"_jetpack_memberships_contains_paywalled_content":false,"_jetpack_memberships_contains_paid_content":false,"footnotes":"","jetpack_publicize_message":"","jetpack_publicize_feature_enabled":true,"jetpack_social_post_already_shared":true,"jetpack_social_options":{"image_generator_settings":{"template":"highway","enabled":false},"version":2}},"categories":[214],"tags":[255,53,248,78,124,304],"class_list":["post-3538","post","type-post","status-publish","format-standard","has-post-thumbnail","hentry","category-la-radio","tag-education-medias","tag-enfants","tag-jeunesse","tag-lycee","tag-projets","tag-volontaires"],"jetpack_publicize_connections":[],"jetpack_featured_media_url":"https:\/\/i0.wp.com\/projetscitoyens.francas71.org\/wp-content\/uploads\/2022\/09\/CVL-MAREY-2-scaled.jpg?fit=2560%2C1920","jetpack_sharing_enabled":true,"jetpack_shortlink":"https:\/\/wp.me\/p6M0zG-V4","jetpack-related-posts":[],"jetpack_likes_enabled":true,"_links":{"self":[{"href":"http:\/\/projetscitoyens.francas71.org\/index.php?rest_route=\/wp\/v2\/posts\/3538"}],"collection":[{"href":"http:\/\/projetscitoyens.francas71.org\/index.php?rest_route=\/wp\/v2\/posts"}],"about":[{"href":"http:\/\/projetscitoyens.francas71.org\/index.php?rest_route=\/wp\/v2\/types\/post"}],"author":[{"embeddable":true,"href":"http:\/\/projetscitoyens.francas71.org\/index.php?rest_route=\/wp\/v2\/users\/1"}],"replies":[{"embeddable":true,"href":"http:\/\/projetscitoyens.francas71.org\/index.php?rest_route=%2Fwp%2Fv2%2Fcomments&post=3538"}],"version-history":[{"count":1,"href":"http:\/\/projetscitoyens.francas71.org\/index.php?rest_route=\/wp\/v2\/posts\/3538\/revisions"}],"predecessor-version":[{"id":3540,"href":"http:\/\/projetscitoyens.francas71.org\/index.php?rest_route=\/wp\/v2\/posts\/3538\/revisions\/3540"}],"wp:featuredmedia":[{"embeddable":true,"href":"http:\/\/projetscitoyens.francas71.org\/index.php?rest_route=\/wp\/v2\/media\/3541"}],"wp:attachment":[{"href":"http:\/\/projetscitoyens.francas71.org\/index.php?rest_route=%2Fwp%2Fv2%2Fmedia&parent=3538"}],"wp:term":[{"taxonomy":"category","embeddable":true,"href":"http:\/\/projetscitoyens.francas71.org\/index.php?rest_route=%2Fwp%2Fv2%2Fcategories&post=3538"},{"taxonomy":"post_tag","embeddable":true,"href":"http:\/\/projetscitoyens.francas71.org\/index.php?rest_route=%2Fwp%2Fv2%2Ftags&post=3538"}],"curies":[{"name":"wp","href":"https:\/\/api.w.org\/{rel}","templated":true}]}}