{"id":3576,"date":"2022-09-06T09:29:17","date_gmt":"2022-09-06T08:29:17","guid":{"rendered":"http:\/\/projetscitoyens.francas71.org\/?p=3576"},"modified":"2022-09-06T09:29:17","modified_gmt":"2022-09-06T08:29:17","slug":"festivites-du-13-juillet-2022-a-clenay","status":"publish","type":"post","link":"http:\/\/projetscitoyens.francas71.org\/?p=3576","title":{"rendered":"Festivit\u00e9s du 13 Juillet 2022 \u00e0 Clenay"},"content":{"rendered":"\n<p>Anthony, Paul, Tom, Arthur, Jeanne, Clara, Maelie et C\u00e9leste, des enfants de Cl\u00e9nay se sont form\u00e9s pendant 3 jours pour devenir des animateurs radios. Lors du 13 juillet 2022, ils ont \u00e9t\u00e9 des reporters de qualit\u00e9 pendant les festivit\u00e9s. Retrouvez ici, leurs interviews : <\/p>\n\n\n\n<figure class=\"wp-block-audio\"><audio controls src=\"http:\/\/projetscitoyens.francas71.org\/wp-content\/uploads\/2022\/09\/Enfants-Clenay-interview-MAIRE.mp3\"><\/audio><figcaption>Mr le Maire <\/figcaption><\/figure>\n\n\n\n<figure class=\"wp-block-audio\"><audio controls src=\"http:\/\/projetscitoyens.francas71.org\/wp-content\/uploads\/2022\/09\/\u00e9mission-cl\u00e9nay-9.mp3\"><\/audio><figcaption>Participants, habitant de Cl\u00e9nay<\/figcaption><\/figure>\n\n\n\n<figure class=\"wp-block-audio\"><audio controls src=\"http:\/\/projetscitoyens.francas71.org\/wp-content\/uploads\/2022\/09\/emission-cl\u00e9nay-8.mp3\"><\/audio><figcaption>Participants, habitant de Cl\u00e9nay<\/figcaption><\/figure>\n\n\n\n<figure class=\"wp-block-audio\"><audio controls src=\"http:\/\/projetscitoyens.francas71.org\/wp-content\/uploads\/2022\/09\/emission-cl\u00e9nay-7.mp3\"><\/audio><figcaption> Participants, habitant de Cl\u00e9nay <\/figcaption><\/figure>\n\n\n\n<figure class=\"wp-block-audio\"><audio controls src=\"http:\/\/projetscitoyens.francas71.org\/wp-content\/uploads\/2022\/09\/emi4-giraudet.mp3\"><\/audio><figcaption> Participants, habitant de Cl\u00e9nay <\/figcaption><\/figure>\n\n\n\n<figure class=\"wp-block-audio\"><audio controls src=\"http:\/\/projetscitoyens.francas71.org\/wp-content\/uploads\/2022\/09\/emi2-damien-vernay.mp3\"><\/audio><figcaption> Participants, habitant de Cl\u00e9nay <\/figcaption><\/figure>\n\n\n\n<figure class=\"wp-block-audio\"><audio controls src=\"http:\/\/projetscitoyens.francas71.org\/wp-content\/uploads\/2022\/09\/emi-louis-6.mp3\"><\/audio><figcaption> Participants, habitant de Cl\u00e9nay <\/figcaption><\/figure>\n\n\n\n<figure class=\"wp-block-audio\"><audio controls src=\"http:\/\/projetscitoyens.francas71.org\/wp-content\/uploads\/2022\/09\/emi-charky-laurent-emi1.mp3\"><\/audio><figcaption> Participants, habitant de Cl\u00e9nay <\/figcaption><\/figure>\n\n\n\n<figure class=\"wp-block-audio\"><audio controls src=\"http:\/\/projetscitoyens.francas71.org\/wp-content\/uploads\/2022\/09\/emi-5-himbert-et-giraudet.mp3\"><\/audio><figcaption> Participants, habitant de Cl\u00e9nay <\/figcaption><\/figure>\n\n\n\n<figure class=\"wp-block-audio\"><audio controls src=\"http:\/\/projetscitoyens.francas71.org\/wp-content\/uploads\/2022\/09\/emi-3-delphine.mp3\"><\/audio><figcaption> Participants, habitant de Cl\u00e9nay <\/figcaption><\/figure>\n","protected":false},"excerpt":{"rendered":"<p>Anthony, Paul, Tom, Arthur, Jeanne, Clara, Maelie et C\u00e9leste, des enfants de Cl\u00e9nay se sont form\u00e9s pendant 3 jours pour devenir des animateurs radios. Lors du 13 juillet 2022, ils ont \u00e9t\u00e9 des reporters de qualit\u00e9 pendant les festivit\u00e9s. Retrouvez ici, leurs interviews :<\/p>\n","protected":false},"author":1,"featured_media":3575,"comment_status":"open","ping_status":"open","sticky":false,"template":"","format":"standard","meta":{"jetpack_post_was_ever_published":false,"_jetpack_newsletter_access":"","_jetpack_dont_email_post_to_subs":false,"_jetpack_newsletter_tier_id":0,"_jetpack_memberships_contains_paywalled_content":false,"_jetpack_memberships_contains_paid_content":false,"footnotes":"","jetpack_publicize_message":"","jetpack_publicize_feature_enabled":true,"jetpack_social_post_already_shared":true,"jetpack_social_options":{"image_generator_settings":{"template":"highway","enabled":false},"version":2}},"categories":[214],"tags":[309,255,53,60,248,162],"class_list":["post-3576","post","type-post","status-publish","format-standard","has-post-thumbnail","hentry","category-la-radio","tag-education-2","tag-education-medias","tag-enfants","tag-formation","tag-jeunesse","tag-projets-denfants"],"jetpack_publicize_connections":[],"jetpack_featured_media_url":"https:\/\/i0.wp.com\/projetscitoyens.francas71.org\/wp-content\/uploads\/2022\/09\/clenay-2-scaled.jpg?fit=2560%2C1919","jetpack_sharing_enabled":true,"jetpack_shortlink":"https:\/\/wp.me\/p6M0zG-VG","jetpack-related-posts":[],"jetpack_likes_enabled":true,"_links":{"self":[{"href":"http:\/\/projetscitoyens.francas71.org\/index.php?rest_route=\/wp\/v2\/posts\/3576"}],"collection":[{"href":"http:\/\/projetscitoyens.francas71.org\/index.php?rest_route=\/wp\/v2\/posts"}],"about":[{"href":"http:\/\/projetscitoyens.francas71.org\/index.php?rest_route=\/wp\/v2\/types\/post"}],"author":[{"embeddable":true,"href":"http:\/\/projetscitoyens.francas71.org\/index.php?rest_route=\/wp\/v2\/users\/1"}],"replies":[{"embeddable":true,"href":"http:\/\/projetscitoyens.francas71.org\/index.php?rest_route=%2Fwp%2Fv2%2Fcomments&post=3576"}],"version-history":[{"count":1,"href":"http:\/\/projetscitoyens.francas71.org\/index.php?rest_route=\/wp\/v2\/posts\/3576\/revisions"}],"predecessor-version":[{"id":3577,"href":"http:\/\/projetscitoyens.francas71.org\/index.php?rest_route=\/wp\/v2\/posts\/3576\/revisions\/3577"}],"wp:featuredmedia":[{"embeddable":true,"href":"http:\/\/projetscitoyens.francas71.org\/index.php?rest_route=\/wp\/v2\/media\/3575"}],"wp:attachment":[{"href":"http:\/\/projetscitoyens.francas71.org\/index.php?rest_route=%2Fwp%2Fv2%2Fmedia&parent=3576"}],"wp:term":[{"taxonomy":"category","embeddable":true,"href":"http:\/\/projetscitoyens.francas71.org\/index.php?rest_route=%2Fwp%2Fv2%2Fcategories&post=3576"},{"taxonomy":"post_tag","embeddable":true,"href":"http:\/\/projetscitoyens.francas71.org\/index.php?rest_route=%2Fwp%2Fv2%2Ftags&post=3576"}],"curies":[{"name":"wp","href":"https:\/\/api.w.org\/{rel}","templated":true}]}}