{"id":3585,"date":"2022-09-16T15:25:41","date_gmt":"2022-09-16T14:25:41","guid":{"rendered":"http:\/\/projetscitoyens.francas71.org\/?p=3585"},"modified":"2022-09-16T15:25:41","modified_gmt":"2022-09-16T14:25:41","slug":"le-service-national-universel-session2022-a-autun","status":"publish","type":"post","link":"http:\/\/projetscitoyens.francas71.org\/?p=3585","title":{"rendered":"Le Service National Universel session2022 \u00e0 Autun"},"content":{"rendered":"\n<p>Nous sommes all\u00e9s rencontrer les jeunes volontaires du SNU d&rsquo;Autun. Ces \u00e9missions parlent de leur engagement, pourquoi l&rsquo;ont-ils fait, de leurs meilleurs souvenirs et de dr\u00f4les d&rsquo;anecdotes.<\/p>\n\n\n\n<p>Merci \u00e0 la participation de qualit\u00e9 de Pierre, Valentin, Alex, David, Lola, Jade, Ana\u00efs, Julie, Lisa, Marion, Fatima, Tom, Emilie, M\u00e9lanie, Sascha, Estelle et Emilie. Des jeunes citoyens engag\u00e9s de 15 \u00e0 17 ans.<\/p>\n\n\n\n<figure class=\"wp-block-audio\"><audio controls src=\"http:\/\/projetscitoyens.francas71.org\/wp-content\/uploads\/2022\/09\/snu-juillet-22-emission1.mp3\"><\/audio><\/figure>\n\n\n\n<figure class=\"wp-block-audio\"><audio controls src=\"http:\/\/projetscitoyens.francas71.org\/wp-content\/uploads\/2022\/09\/David-SNU-EM2.mp3\"><\/audio><\/figure>\n\n\n\n<figure class=\"wp-block-audio\"><audio controls src=\"http:\/\/projetscitoyens.francas71.org\/wp-content\/uploads\/2022\/09\/Marion-fatima-Tom-Emilie-SNU-EM3.mp3\"><\/audio><\/figure>\n\n\n\n<figure class=\"wp-block-audio\"><audio controls src=\"http:\/\/projetscitoyens.francas71.org\/wp-content\/uploads\/2022\/09\/estelle-emilie-sasha-melanie-snu-EM4.mp3\"><\/audio><\/figure>\n","protected":false},"excerpt":{"rendered":"<p>Nous sommes all\u00e9s rencontrer les jeunes volontaires du SNU d&rsquo;Autun. Ces \u00e9missions parlent de leur engagement, pourquoi l&rsquo;ont-ils fait, de leurs meilleurs souvenirs et de dr\u00f4les d&rsquo;anecdotes. Merci \u00e0 la participation de qualit\u00e9 de Pierre, Valentin, Alex, David, Lola, Jade, Ana\u00efs, Julie, Lisa, Marion, Fatima, Tom, Emilie, M\u00e9lanie, Sascha, Estelle et Emilie. Des jeunes citoyens engag\u00e9s de 15 \u00e0 17 ans.<\/p>\n","protected":false},"author":1,"featured_media":3587,"comment_status":"open","ping_status":"open","sticky":false,"template":"","format":"standard","meta":{"jetpack_post_was_ever_published":false,"_jetpack_newsletter_access":"","_jetpack_dont_email_post_to_subs":false,"_jetpack_newsletter_tier_id":0,"_jetpack_memberships_contains_paywalled_content":false,"_jetpack_memberships_contains_paid_content":false,"footnotes":"","jetpack_publicize_message":"","jetpack_publicize_feature_enabled":true,"jetpack_social_post_already_shared":true,"jetpack_social_options":{"image_generator_settings":{"template":"highway","enabled":false},"version":2}},"categories":[214],"tags":[173,123,129,248,310,272],"class_list":["post-3585","post","type-post","status-publish","format-standard","has-post-thumbnail","hentry","category-la-radio","tag-citoyen","tag-education","tag-engagement","tag-jeunesse","tag-media","tag-snu"],"jetpack_publicize_connections":[],"jetpack_featured_media_url":"https:\/\/i0.wp.com\/projetscitoyens.francas71.org\/wp-content\/uploads\/2022\/09\/IMG_0483-2-scaled.jpg?fit=1920%2C2560","jetpack_sharing_enabled":true,"jetpack_shortlink":"https:\/\/wp.me\/p6M0zG-VP","jetpack-related-posts":[],"jetpack_likes_enabled":true,"_links":{"self":[{"href":"http:\/\/projetscitoyens.francas71.org\/index.php?rest_route=\/wp\/v2\/posts\/3585"}],"collection":[{"href":"http:\/\/projetscitoyens.francas71.org\/index.php?rest_route=\/wp\/v2\/posts"}],"about":[{"href":"http:\/\/projetscitoyens.francas71.org\/index.php?rest_route=\/wp\/v2\/types\/post"}],"author":[{"embeddable":true,"href":"http:\/\/projetscitoyens.francas71.org\/index.php?rest_route=\/wp\/v2\/users\/1"}],"replies":[{"embeddable":true,"href":"http:\/\/projetscitoyens.francas71.org\/index.php?rest_route=%2Fwp%2Fv2%2Fcomments&post=3585"}],"version-history":[{"count":2,"href":"http:\/\/projetscitoyens.francas71.org\/index.php?rest_route=\/wp\/v2\/posts\/3585\/revisions"}],"predecessor-version":[{"id":3588,"href":"http:\/\/projetscitoyens.francas71.org\/index.php?rest_route=\/wp\/v2\/posts\/3585\/revisions\/3588"}],"wp:featuredmedia":[{"embeddable":true,"href":"http:\/\/projetscitoyens.francas71.org\/index.php?rest_route=\/wp\/v2\/media\/3587"}],"wp:attachment":[{"href":"http:\/\/projetscitoyens.francas71.org\/index.php?rest_route=%2Fwp%2Fv2%2Fmedia&parent=3585"}],"wp:term":[{"taxonomy":"category","embeddable":true,"href":"http:\/\/projetscitoyens.francas71.org\/index.php?rest_route=%2Fwp%2Fv2%2Fcategories&post=3585"},{"taxonomy":"post_tag","embeddable":true,"href":"http:\/\/projetscitoyens.francas71.org\/index.php?rest_route=%2Fwp%2Fv2%2Ftags&post=3585"}],"curies":[{"name":"wp","href":"https:\/\/api.w.org\/{rel}","templated":true}]}}