{"id":3608,"date":"2023-04-13T11:46:09","date_gmt":"2023-04-13T10:46:09","guid":{"rendered":"http:\/\/projetscitoyens.francas71.org\/?p=3608"},"modified":"2023-04-13T11:46:09","modified_gmt":"2023-04-13T10:46:09","slug":"la-voix-de-lource","status":"publish","type":"post","link":"http:\/\/projetscitoyens.francas71.org\/?p=3608","title":{"rendered":"La Voix de l&rsquo;Ource"},"content":{"rendered":"\n<p><strong>Semaine de la presse et des m\u00e9dias \u00e0 l&rsquo;\u00e9cole 2023, les \u00e9l\u00e8ves de la classe de CM1\/CM2 de l&rsquo;\u00e9cole primaire Claude L\u00e9vi-Strauss \u00e0 Recey sur Ource prennent la parole !<\/strong><\/p>\n\n\n\n<p>Plusieurs s\u00e9ances de travail ont permis aux enfants de la classe de pr\u00e9parer des podcasts sur plusieurs sujets diff\u00e9rents :<br>> la pr\u00e9sentation de l&rsquo;Aire Terrestre Educative<br>> l&rsquo;histoire de certains personnages c\u00e9l\u00e8bres ayant v\u00e9cus sur la commune<br>> l&rsquo;interview du r\u00e9dacteur en chef de<a href=\"https:\/\/www.lechatillonnaisetlauxois.fr\/\" onclick=\"return TrackClick('https%3A%2F%2Fwww.lechatillonnaisetlauxois.fr%2F','l%22hebdo+Le+Ch%C3%A2tillonnais+et+l%22Auxois')\"> l&rsquo;hebdo Le Ch\u00e2tillonnais et l&rsquo;Auxois<\/a><\/p>\n\n\n\n<h4 class=\"has-vivid-purple-color has-text-color wp-block-heading\"><strong>Les personnages c\u00e9l\u00e8bres de notre commune<\/strong><\/h4>\n\n\n\n<p>Deux podcasts pr\u00e9sentant plusieurs personnages.<\/p>\n\n\n\n<figure class=\"wp-block-audio\"><audio controls src=\"http:\/\/projetscitoyens.francas71.org\/wp-content\/uploads\/2023\/04\/Recey-emission-1-rue-1.mp3\"><\/audio><figcaption>1er plateau : Chlo\u00e9, Ylan, Manon et Laurent Schembri (maire)<br><\/figcaption><\/figure>\n\n\n\n<figure class=\"wp-block-audio\"><audio controls src=\"http:\/\/projetscitoyens.francas71.org\/wp-content\/uploads\/2023\/04\/Recey-emission-2-rue-2.mp3\"><\/audio><figcaption>2\u00e8me plateau : Trimi, Paul, Math\u00e9o, Orph\u00e9o et Didier Rodet (Francas)<br><\/figcaption><\/figure>\n\n\n\n<h4 class=\"has-vivid-purple-color has-text-color wp-block-heading\">L&rsquo;aire Terrestre Educative<\/h4>\n\n\n\n<p>Pr\u00e9sentation par des enfants de la d\u00e9marche \u00e9ducative de d\u00e9couverte de l&rsquo;environnement port\u00e9e par<a href=\"https:\/\/www.ofb.gouv.fr\/les-aires-terrestres-educatives\" onclick=\"return TrackClick('https%3A%2F%2Fwww.ofb.gouv.fr%2Fles-aires-terrestres-educatives','l%22Office+Fran%C3%A7ais+de+la+Biodiversit%C3%A9')\"> l&rsquo;Office Fran\u00e7ais de la Biodiversit\u00e9<\/a> sur toute la France. Avec une installation sur la commune de Recey sur Ource<\/p>\n\n\n\n<figure class=\"wp-block-audio\"><audio controls src=\"http:\/\/projetscitoyens.francas71.org\/wp-content\/uploads\/2023\/04\/Recey-emission-3-ATE-1.mp3\"><\/audio><figcaption>1er plateau : Oriane, Alison, Nina et Albane<br><\/figcaption><\/figure>\n\n\n\n<figure class=\"wp-block-audio\"><audio controls src=\"http:\/\/projetscitoyens.francas71.org\/wp-content\/uploads\/2023\/04\/Recey-emission-4-ATE-2.mp3\"><\/audio><figcaption>2\u00e8me plateau : Emilien, Eliott, Louis et Victor<br><\/figcaption><\/figure>\n\n\n\n<p>En conclusion de cette semaine exceptionnelle, deux interviews sp\u00e9ciales ont \u00e9t\u00e9 enregistr\u00e9es : <br>> David Vermassen, r\u00e9dacteur en chef de l&rsquo;hebdo le Ch\u00e2tillonnais et l&rsquo;Auxois, le plus ancien hebdo de France<br>> Mme Rougy, la professeure de la classe<\/p>\n\n\n\n<figure class=\"wp-block-audio\"><audio controls src=\"http:\/\/projetscitoyens.francas71.org\/wp-content\/uploads\/2023\/04\/Recey-interview-hebdo.mp3\"><\/audio><figcaption>Interview de David Vermassen, par Maya, Margot, Elya et Agathe<br><\/figcaption><\/figure>\n\n\n\n<figure class=\"wp-block-audio\"><audio controls src=\"http:\/\/projetscitoyens.francas71.org\/wp-content\/uploads\/2023\/04\/Recey-interview-Mme-Rougy.mp3\"><\/audio><figcaption>Interview de Mme Rougy par tous les enfants<br><\/figcaption><\/figure>\n\n\n\n<figure class=\"wp-block-image size-large\"><img loading=\"lazy\" decoding=\"async\" width=\"640\" height=\"360\" data-attachment-id=\"3613\" data-permalink=\"http:\/\/projetscitoyens.francas71.org\/?attachment_id=3613\" data-orig-file=\"https:\/\/i0.wp.com\/projetscitoyens.francas71.org\/wp-content\/uploads\/2023\/04\/recey-01.jpg?fit=889%2C500\" data-orig-size=\"889,500\" data-comments-opened=\"1\" data-image-meta=\"{&quot;aperture&quot;:&quot;0&quot;,&quot;credit&quot;:&quot;&quot;,&quot;camera&quot;:&quot;&quot;,&quot;caption&quot;:&quot;&quot;,&quot;created_timestamp&quot;:&quot;0&quot;,&quot;copyright&quot;:&quot;&quot;,&quot;focal_length&quot;:&quot;0&quot;,&quot;iso&quot;:&quot;0&quot;,&quot;shutter_speed&quot;:&quot;0&quot;,&quot;title&quot;:&quot;&quot;,&quot;orientation&quot;:&quot;0&quot;}\" data-image-title=\"recey-01\" data-image-description=\"\" data-image-caption=\"\" data-medium-file=\"https:\/\/i0.wp.com\/projetscitoyens.francas71.org\/wp-content\/uploads\/2023\/04\/recey-01.jpg?fit=300%2C169\" data-large-file=\"https:\/\/i0.wp.com\/projetscitoyens.francas71.org\/wp-content\/uploads\/2023\/04\/recey-01.jpg?fit=640%2C360\" tabindex=\"0\" role=\"button\" src=\"https:\/\/i0.wp.com\/projetscitoyens.francas71.org\/wp-content\/uploads\/2023\/04\/recey-01.jpg?resize=640%2C360\" alt=\"\" class=\"wp-image-3613\" srcset=\"https:\/\/i0.wp.com\/projetscitoyens.francas71.org\/wp-content\/uploads\/2023\/04\/recey-01.jpg?w=889 889w, https:\/\/i0.wp.com\/projetscitoyens.francas71.org\/wp-content\/uploads\/2023\/04\/recey-01.jpg?resize=300%2C169 300w, https:\/\/i0.wp.com\/projetscitoyens.francas71.org\/wp-content\/uploads\/2023\/04\/recey-01.jpg?resize=768%2C432 768w, https:\/\/i0.wp.com\/projetscitoyens.francas71.org\/wp-content\/uploads\/2023\/04\/recey-01.jpg?resize=480%2C270 480w\" sizes=\"(max-width: 640px) 100vw, 640px\" data-recalc-dims=\"1\" \/><\/figure>\n\n\n\n<figure class=\"wp-block-image size-large\"><img loading=\"lazy\" decoding=\"async\" width=\"640\" height=\"360\" data-attachment-id=\"3614\" data-permalink=\"http:\/\/projetscitoyens.francas71.org\/?attachment_id=3614\" data-orig-file=\"https:\/\/i0.wp.com\/projetscitoyens.francas71.org\/wp-content\/uploads\/2023\/04\/recey-02.jpg?fit=889%2C500\" data-orig-size=\"889,500\" data-comments-opened=\"1\" data-image-meta=\"{&quot;aperture&quot;:&quot;0&quot;,&quot;credit&quot;:&quot;&quot;,&quot;camera&quot;:&quot;&quot;,&quot;caption&quot;:&quot;&quot;,&quot;created_timestamp&quot;:&quot;0&quot;,&quot;copyright&quot;:&quot;&quot;,&quot;focal_length&quot;:&quot;0&quot;,&quot;iso&quot;:&quot;0&quot;,&quot;shutter_speed&quot;:&quot;0&quot;,&quot;title&quot;:&quot;&quot;,&quot;orientation&quot;:&quot;0&quot;}\" data-image-title=\"recey-02\" data-image-description=\"\" data-image-caption=\"\" data-medium-file=\"https:\/\/i0.wp.com\/projetscitoyens.francas71.org\/wp-content\/uploads\/2023\/04\/recey-02.jpg?fit=300%2C169\" data-large-file=\"https:\/\/i0.wp.com\/projetscitoyens.francas71.org\/wp-content\/uploads\/2023\/04\/recey-02.jpg?fit=640%2C360\" tabindex=\"0\" role=\"button\" src=\"https:\/\/i0.wp.com\/projetscitoyens.francas71.org\/wp-content\/uploads\/2023\/04\/recey-02.jpg?resize=640%2C360\" alt=\"\" class=\"wp-image-3614\" srcset=\"https:\/\/i0.wp.com\/projetscitoyens.francas71.org\/wp-content\/uploads\/2023\/04\/recey-02.jpg?w=889 889w, https:\/\/i0.wp.com\/projetscitoyens.francas71.org\/wp-content\/uploads\/2023\/04\/recey-02.jpg?resize=300%2C169 300w, https:\/\/i0.wp.com\/projetscitoyens.francas71.org\/wp-content\/uploads\/2023\/04\/recey-02.jpg?resize=768%2C432 768w, https:\/\/i0.wp.com\/projetscitoyens.francas71.org\/wp-content\/uploads\/2023\/04\/recey-02.jpg?resize=480%2C270 480w\" sizes=\"(max-width: 640px) 100vw, 640px\" data-recalc-dims=\"1\" \/><\/figure>\n\n\n\n<figure class=\"wp-block-image size-large\"><img loading=\"lazy\" decoding=\"async\" width=\"640\" height=\"360\" data-attachment-id=\"3615\" data-permalink=\"http:\/\/projetscitoyens.francas71.org\/?attachment_id=3615\" data-orig-file=\"https:\/\/i0.wp.com\/projetscitoyens.francas71.org\/wp-content\/uploads\/2023\/04\/rue-1.jpg?fit=889%2C500\" data-orig-size=\"889,500\" data-comments-opened=\"1\" data-image-meta=\"{&quot;aperture&quot;:&quot;0&quot;,&quot;credit&quot;:&quot;&quot;,&quot;camera&quot;:&quot;&quot;,&quot;caption&quot;:&quot;&quot;,&quot;created_timestamp&quot;:&quot;0&quot;,&quot;copyright&quot;:&quot;&quot;,&quot;focal_length&quot;:&quot;0&quot;,&quot;iso&quot;:&quot;0&quot;,&quot;shutter_speed&quot;:&quot;0&quot;,&quot;title&quot;:&quot;&quot;,&quot;orientation&quot;:&quot;0&quot;}\" data-image-title=\"rue-1\" data-image-description=\"\" data-image-caption=\"\" data-medium-file=\"https:\/\/i0.wp.com\/projetscitoyens.francas71.org\/wp-content\/uploads\/2023\/04\/rue-1.jpg?fit=300%2C169\" data-large-file=\"https:\/\/i0.wp.com\/projetscitoyens.francas71.org\/wp-content\/uploads\/2023\/04\/rue-1.jpg?fit=640%2C360\" tabindex=\"0\" role=\"button\" src=\"https:\/\/i0.wp.com\/projetscitoyens.francas71.org\/wp-content\/uploads\/2023\/04\/rue-1.jpg?resize=640%2C360\" alt=\"\" class=\"wp-image-3615\" srcset=\"https:\/\/i0.wp.com\/projetscitoyens.francas71.org\/wp-content\/uploads\/2023\/04\/rue-1.jpg?w=889 889w, https:\/\/i0.wp.com\/projetscitoyens.francas71.org\/wp-content\/uploads\/2023\/04\/rue-1.jpg?resize=300%2C169 300w, https:\/\/i0.wp.com\/projetscitoyens.francas71.org\/wp-content\/uploads\/2023\/04\/rue-1.jpg?resize=768%2C432 768w, https:\/\/i0.wp.com\/projetscitoyens.francas71.org\/wp-content\/uploads\/2023\/04\/rue-1.jpg?resize=480%2C270 480w\" sizes=\"(max-width: 640px) 100vw, 640px\" data-recalc-dims=\"1\" \/><\/figure>\n\n\n\n<figure class=\"wp-block-image size-large\"><img loading=\"lazy\" decoding=\"async\" width=\"640\" height=\"360\" data-attachment-id=\"3616\" data-permalink=\"http:\/\/projetscitoyens.francas71.org\/?attachment_id=3616\" data-orig-file=\"https:\/\/i0.wp.com\/projetscitoyens.francas71.org\/wp-content\/uploads\/2023\/04\/rue-2.jpg?fit=889%2C500\" data-orig-size=\"889,500\" data-comments-opened=\"1\" data-image-meta=\"{&quot;aperture&quot;:&quot;0&quot;,&quot;credit&quot;:&quot;&quot;,&quot;camera&quot;:&quot;&quot;,&quot;caption&quot;:&quot;&quot;,&quot;created_timestamp&quot;:&quot;0&quot;,&quot;copyright&quot;:&quot;&quot;,&quot;focal_length&quot;:&quot;0&quot;,&quot;iso&quot;:&quot;0&quot;,&quot;shutter_speed&quot;:&quot;0&quot;,&quot;title&quot;:&quot;&quot;,&quot;orientation&quot;:&quot;0&quot;}\" data-image-title=\"rue-2\" data-image-description=\"\" data-image-caption=\"\" data-medium-file=\"https:\/\/i0.wp.com\/projetscitoyens.francas71.org\/wp-content\/uploads\/2023\/04\/rue-2.jpg?fit=300%2C169\" data-large-file=\"https:\/\/i0.wp.com\/projetscitoyens.francas71.org\/wp-content\/uploads\/2023\/04\/rue-2.jpg?fit=640%2C360\" tabindex=\"0\" role=\"button\" src=\"https:\/\/i0.wp.com\/projetscitoyens.francas71.org\/wp-content\/uploads\/2023\/04\/rue-2.jpg?resize=640%2C360\" alt=\"\" class=\"wp-image-3616\" srcset=\"https:\/\/i0.wp.com\/projetscitoyens.francas71.org\/wp-content\/uploads\/2023\/04\/rue-2.jpg?w=889 889w, https:\/\/i0.wp.com\/projetscitoyens.francas71.org\/wp-content\/uploads\/2023\/04\/rue-2.jpg?resize=300%2C169 300w, https:\/\/i0.wp.com\/projetscitoyens.francas71.org\/wp-content\/uploads\/2023\/04\/rue-2.jpg?resize=768%2C432 768w, https:\/\/i0.wp.com\/projetscitoyens.francas71.org\/wp-content\/uploads\/2023\/04\/rue-2.jpg?resize=480%2C270 480w\" sizes=\"(max-width: 640px) 100vw, 640px\" data-recalc-dims=\"1\" \/><\/figure>\n","protected":false},"excerpt":{"rendered":"<p>Semaine de la presse et des m\u00e9dias \u00e0 l&rsquo;\u00e9cole 2023, les \u00e9l\u00e8ves de la classe de CM1\/CM2 de l&rsquo;\u00e9cole primaire Claude L\u00e9vi-Strauss \u00e0 Recey sur Ource prennent la parole ! Plusieurs s\u00e9ances de travail ont permis aux enfants de la classe de pr\u00e9parer des podcasts sur plusieurs sujets diff\u00e9rents :> la pr\u00e9sentation de l&rsquo;Aire Terrestre Educative> l&rsquo;histoire de certains personnages c\u00e9l\u00e8bres ayant v\u00e9cus sur la commune> l&rsquo;interview du r\u00e9dacteur en chef de l&rsquo;hebdo Le Ch\u00e2tillonnais et l&rsquo;Auxois Les personnages c\u00e9l\u00e8bres&#8230;<\/p>\n<p class=\"read-more\"><a class=\"btn btn-default\" href=\"http:\/\/projetscitoyens.francas71.org\/?p=3608\" onclick=\"return TrackClick('http%3A%2F%2Fprojetscitoyens.francas71.org%2F%3Fp%3D3608','Lire+la+suite+Lire+la+suite')\">Lire la suite<span class=\"screen-reader-text\"> Lire la suite<\/span><\/a><\/p>\n","protected":false},"author":1,"featured_media":3612,"comment_status":"open","ping_status":"open","sticky":false,"template":"","format":"standard","meta":{"jetpack_post_was_ever_published":false,"_jetpack_newsletter_access":"","_jetpack_dont_email_post_to_subs":false,"_jetpack_newsletter_tier_id":0,"_jetpack_memberships_contains_paywalled_content":false,"_jetpack_memberships_contains_paid_content":false,"footnotes":"","jetpack_publicize_message":"","jetpack_publicize_feature_enabled":true,"jetpack_social_post_already_shared":true,"jetpack_social_options":{"image_generator_settings":{"template":"highway","enabled":false},"version":2}},"categories":[241,214],"tags":[47,289,207,212,143,297],"class_list":["post-3608","post","type-post","status-publish","format-standard","has-post-thumbnail","hentry","category-actualites","category-la-radio","tag-ecole","tag-environnement","tag-medias","tag-patrimoine","tag-rural","tag-spme"],"jetpack_publicize_connections":[],"jetpack_featured_media_url":"https:\/\/i0.wp.com\/projetscitoyens.francas71.org\/wp-content\/uploads\/2023\/04\/03.jpg?fit=979%2C500","jetpack_sharing_enabled":true,"jetpack_shortlink":"https:\/\/wp.me\/p6M0zG-Wc","jetpack-related-posts":[],"jetpack_likes_enabled":true,"_links":{"self":[{"href":"http:\/\/projetscitoyens.francas71.org\/index.php?rest_route=\/wp\/v2\/posts\/3608"}],"collection":[{"href":"http:\/\/projetscitoyens.francas71.org\/index.php?rest_route=\/wp\/v2\/posts"}],"about":[{"href":"http:\/\/projetscitoyens.francas71.org\/index.php?rest_route=\/wp\/v2\/types\/post"}],"author":[{"embeddable":true,"href":"http:\/\/projetscitoyens.francas71.org\/index.php?rest_route=\/wp\/v2\/users\/1"}],"replies":[{"embeddable":true,"href":"http:\/\/projetscitoyens.francas71.org\/index.php?rest_route=%2Fwp%2Fv2%2Fcomments&post=3608"}],"version-history":[{"count":4,"href":"http:\/\/projetscitoyens.francas71.org\/index.php?rest_route=\/wp\/v2\/posts\/3608\/revisions"}],"predecessor-version":[{"id":3617,"href":"http:\/\/projetscitoyens.francas71.org\/index.php?rest_route=\/wp\/v2\/posts\/3608\/revisions\/3617"}],"wp:featuredmedia":[{"embeddable":true,"href":"http:\/\/projetscitoyens.francas71.org\/index.php?rest_route=\/wp\/v2\/media\/3612"}],"wp:attachment":[{"href":"http:\/\/projetscitoyens.francas71.org\/index.php?rest_route=%2Fwp%2Fv2%2Fmedia&parent=3608"}],"wp:term":[{"taxonomy":"category","embeddable":true,"href":"http:\/\/projetscitoyens.francas71.org\/index.php?rest_route=%2Fwp%2Fv2%2Fcategories&post=3608"},{"taxonomy":"post_tag","embeddable":true,"href":"http:\/\/projetscitoyens.francas71.org\/index.php?rest_route=%2Fwp%2Fv2%2Ftags&post=3608"}],"curies":[{"name":"wp","href":"https:\/\/api.w.org\/{rel}","templated":true}]}}