{"id":3621,"date":"2023-04-24T13:24:22","date_gmt":"2023-04-24T12:24:22","guid":{"rendered":"http:\/\/projetscitoyens.francas71.org\/?p=3621"},"modified":"2023-04-24T13:24:22","modified_gmt":"2023-04-24T12:24:22","slug":"dhanse-avec-ta-difference-college-prudhon-a-cluny","status":"publish","type":"post","link":"http:\/\/projetscitoyens.francas71.org\/?p=3621","title":{"rendered":"D\u2019HANSE AVEC TA DIFFERENCE &#8211; coll\u00e8ge Prud&rsquo;hon \u00e0 Cluny"},"content":{"rendered":"\n<h3 class=\"has-vivid-red-color has-text-color wp-block-heading\"><strong><em>23 mars\u00a0: Grande journ\u00e9e de cl\u00f4ture du projet\u00a0au <a href=\"https:\/\/col71-prudhon.ac-dijon.fr\/spip.php?article247\" onclick=\"return TrackClick('https%3A%2F%2Fcol71-prudhon.ac-dijon.fr%2Fspip.php%3Farticle247','Coll%C3%A8ge+Pierre+Paul+Prud%22hon+de+Cluny')\">Coll\u00e8ge Pierre Paul Prud&rsquo;hon de Cluny<\/a><\/em><\/strong><\/h3>\n\n\n\n<p>Quelle journ\u00e9e\u00a0!! Jeudi 23 mars, le coll\u00e8ge \u00e9tait en  effervescence. Le matin, les \u00e9l\u00e8ves de 6\u00e83 et les jeunes de l\u2019IME,  accompagn\u00e9s d\u2019adultes du foyer de vie Les luminaires, ont dans\u00e9 devant  un nombre impressionnant de spectateurs. Il y avait toutes les autres  classes de 6\u00e8, les parents, les adultes du coll\u00e8ge, une classe de CM2 de  l\u2019\u00e9cole de Massilly et une classe de premi\u00e8re du lyc\u00e9e, ainsi que de de  nombreuses personnalit\u00e9s invit\u00e9es. Que d\u2019\u00e9motions, que  d\u2019applaudissements\u00a0! <\/p>\n\n\n\n<p>L\u2019apr\u00e8s-midi \u00e9tait une demi-journ\u00e9e consacr\u00e9e au sport  adapt\u00e9. La FFSA, F\u00e9d\u00e9ration Fran\u00e7aise du Sport Adapt\u00e9 a propos\u00e9 \u00e0 tous  les \u00e9l\u00e8ves de 6\u00e8, ainsi qu\u2019aux jeunes de l\u2019IME, aux \u00e9l\u00e8ves de la classe  Ulis, et aux \u00e9l\u00e8ves de l\u2019EREA de Charnay, de se m\u00e9langer pour constituer  de petits groupes. Tout l\u2019apr\u00e8s-midi, les \u00e9l\u00e8ves ont particip\u00e9 \u00e0 des  ateliers sportifs dont les r\u00e8gles \u00e9taient adapt\u00e9es pour que toute  personne en situation de handicap puisse participer. Les animateurs  utilisaient de nombreux codes couleur, des \u00e9l\u00e9ments visuels pour compter  les points (utile lorsque la m\u00e9moire ne le permet pas), les distances,  largeurs et longueurs \u00e9taient adapt\u00e9es au cas par cas, ainsi que le  mat\u00e9riel pour ne pas risquer de se blesser. L\u00e0 encore, un vrai temps  pour le vivre-ensemble. Les diff\u00e9rences ne se voyaient plus. Entraide,  \u00e9quipe et solidarit\u00e9 \u00e9taient au rendez-vous.<\/p>\n\n\n\n<p>Et bien s\u00fbr, la web radio, anim\u00e9e par l\u2019association Francas  de Sa\u00f4ne et Loire \u00e9tait pr\u00e9sente toute la journ\u00e9e. Un studio radio  install\u00e9 dans le gymnase n\u2019a pas perdu une miette de la restitution de  danse et l\u2019apr\u00e8s-midi, les micro-trottoirs ont recueilli t\u00e9moignages et  ressentis des uns et des autres. Nous conserverons ainsi de belles  traces de cet \u00e9v\u00e9nement unique\u00a0! Merci \u00e0 tous les acteurs sans lesquels  cette journ\u00e9e n\u2019aurait jamais pu se d\u00e9rouler aussi magnifiquement.<\/p>\n\n\n\n<figure class=\"wp-block-audio\"><audio controls src=\"http:\/\/projetscitoyens.francas71.org\/wp-content\/uploads\/2023\/04\/01-Podcast-Matin-Mix\u00e9.mp3\"><\/audio><figcaption>Reportage sur la matin\u00e9e<br><\/figcaption><\/figure>\n\n\n\n<figure class=\"wp-block-audio\"><audio controls src=\"http:\/\/projetscitoyens.francas71.org\/wp-content\/uploads\/2023\/04\/02-Podcast-Apres-midi-Mix\u00e9.mp3\"><\/audio><figcaption>Reportage sur l&rsquo;apr\u00e8s-midi<br><\/figcaption><\/figure>\n","protected":false},"excerpt":{"rendered":"<p>23 mars\u00a0: Grande journ\u00e9e de cl\u00f4ture du projet\u00a0au Coll\u00e8ge Pierre Paul Prud&rsquo;hon de Cluny Quelle journ\u00e9e\u00a0!! Jeudi 23 mars, le coll\u00e8ge \u00e9tait en effervescence. Le matin, les \u00e9l\u00e8ves de 6\u00e83 et les jeunes de l\u2019IME, accompagn\u00e9s d\u2019adultes du foyer de vie Les luminaires, ont dans\u00e9 devant un nombre impressionnant de spectateurs. Il y avait toutes les autres classes de 6\u00e8, les parents, les adultes du coll\u00e8ge, une classe de CM2 de l\u2019\u00e9cole de Massilly et une classe de premi\u00e8re du&#8230;<\/p>\n<p class=\"read-more\"><a class=\"btn btn-default\" href=\"http:\/\/projetscitoyens.francas71.org\/?p=3621\" onclick=\"return TrackClick('http%3A%2F%2Fprojetscitoyens.francas71.org%2F%3Fp%3D3621','Lire+la+suite+Lire+la+suite')\">Lire la suite<span class=\"screen-reader-text\"> Lire la suite<\/span><\/a><\/p>\n","protected":false},"author":1,"featured_media":3622,"comment_status":"open","ping_status":"open","sticky":false,"template":"","format":"standard","meta":{"jetpack_post_was_ever_published":false,"_jetpack_newsletter_access":"","_jetpack_dont_email_post_to_subs":false,"_jetpack_newsletter_tier_id":0,"_jetpack_memberships_contains_paywalled_content":false,"_jetpack_memberships_contains_paid_content":false,"footnotes":"","jetpack_publicize_message":"","jetpack_publicize_feature_enabled":true,"jetpack_social_post_already_shared":true,"jetpack_social_options":{"image_generator_settings":{"template":"highway","enabled":false},"version":2}},"categories":[241,214],"tags":[318,316,123,317,313,315,314],"class_list":["post-3621","post","type-post","status-publish","format-standard","has-post-thumbnail","hentry","category-actualites","category-la-radio","tag-ambition","tag-danse","tag-education","tag-folie","tag-handicap","tag-rencontre","tag-sport-adapte"],"jetpack_publicize_connections":[],"jetpack_featured_media_url":"https:\/\/i0.wp.com\/projetscitoyens.francas71.org\/wp-content\/uploads\/2023\/04\/radio-scaled.jpg?fit=2560%2C1920","jetpack_sharing_enabled":true,"jetpack_shortlink":"https:\/\/wp.me\/p6M0zG-Wp","jetpack-related-posts":[],"jetpack_likes_enabled":true,"_links":{"self":[{"href":"http:\/\/projetscitoyens.francas71.org\/index.php?rest_route=\/wp\/v2\/posts\/3621"}],"collection":[{"href":"http:\/\/projetscitoyens.francas71.org\/index.php?rest_route=\/wp\/v2\/posts"}],"about":[{"href":"http:\/\/projetscitoyens.francas71.org\/index.php?rest_route=\/wp\/v2\/types\/post"}],"author":[{"embeddable":true,"href":"http:\/\/projetscitoyens.francas71.org\/index.php?rest_route=\/wp\/v2\/users\/1"}],"replies":[{"embeddable":true,"href":"http:\/\/projetscitoyens.francas71.org\/index.php?rest_route=%2Fwp%2Fv2%2Fcomments&post=3621"}],"version-history":[{"count":1,"href":"http:\/\/projetscitoyens.francas71.org\/index.php?rest_route=\/wp\/v2\/posts\/3621\/revisions"}],"predecessor-version":[{"id":3623,"href":"http:\/\/projetscitoyens.francas71.org\/index.php?rest_route=\/wp\/v2\/posts\/3621\/revisions\/3623"}],"wp:featuredmedia":[{"embeddable":true,"href":"http:\/\/projetscitoyens.francas71.org\/index.php?rest_route=\/wp\/v2\/media\/3622"}],"wp:attachment":[{"href":"http:\/\/projetscitoyens.francas71.org\/index.php?rest_route=%2Fwp%2Fv2%2Fmedia&parent=3621"}],"wp:term":[{"taxonomy":"category","embeddable":true,"href":"http:\/\/projetscitoyens.francas71.org\/index.php?rest_route=%2Fwp%2Fv2%2Fcategories&post=3621"},{"taxonomy":"post_tag","embeddable":true,"href":"http:\/\/projetscitoyens.francas71.org\/index.php?rest_route=%2Fwp%2Fv2%2Ftags&post=3621"}],"curies":[{"name":"wp","href":"https:\/\/api.w.org\/{rel}","templated":true}]}}