{"id":3645,"date":"2023-06-14T17:00:08","date_gmt":"2023-06-14T16:00:08","guid":{"rendered":"http:\/\/projetscitoyens.francas71.org\/?p=3645"},"modified":"2023-06-14T17:00:08","modified_gmt":"2023-06-14T16:00:08","slug":"les-6emes-e-de-copernic-vous-donnent-envie-de-lire","status":"publish","type":"post","link":"http:\/\/projetscitoyens.francas71.org\/?p=3645","title":{"rendered":"Les 6\u00e8mes E de Copernic vous donnent envie de lire !"},"content":{"rendered":"\n<h3 class=\"has-vivid-red-color has-text-color wp-block-heading\">En cours de fran\u00e7ais, avec leur professeure Claire BRUNEL, la classe de 6\u00e8me E du coll\u00e8ge Copernic de <a href=\"https:\/\/www.mairie-saintvallier.fr\/\" onclick=\"return TrackClick('https%3A%2F%2Fwww.mairie-saintvallier.fr%2F','St+Vallier')\">St Vallier<\/a> (71) s&rsquo;est plong\u00e9e dans plusieurs livres. Apr\u00e8s avoir lu au moins un livre, le jeu radiophonique consistait \u00e0 les pr\u00e9senter pour nous donner envie de les lire.<\/h3>\n\n\n\n<p>Un livre, un groupe d&rsquo;\u00e9l\u00e8ves, et plusieurs mani\u00e8res de pr\u00e9senter le livre : en faire un r\u00e9sum\u00e9, \u00e0 l&rsquo;aide d&rsquo;un ab\u00e9c\u00e9daire des mots les plus importants, en associant des objets.<\/p>\n\n\n\n<p><strong>1er groupe<\/strong> compos\u00e9 de Eole, Mah\u00e9, Gabriel, Mickael et Selina.<br>Le livre : \u00ab\u00a0<a href=\"https:\/\/fr.wikipedia.org\/wiki\/Strom_(s%C3%A9rie_litt%C3%A9raire)\" onclick=\"return TrackClick('https%3A%2F%2Ffr.wikipedia.org%2Fwiki%2FStrom_%28s%25C3%25A9rie_litt%25C3%25A9raire%29','Strom')\">Strom<\/a>\u00a0\u00bb de Emmanuelle et Beno\u00eet de Saint Chamas<\/p>\n\n\n\n<figure class=\"wp-block-audio\"><audio controls src=\"http:\/\/projetscitoyens.francas71.org\/wp-content\/uploads\/2023\/06\/6E-Eole-Mahe-Gabriel-Mickael-Selina.mp3\"><\/audio><figcaption><br><\/figcaption><\/figure>\n\n\n\n<p><strong>2\u00e8me groupe<\/strong> compos\u00e9 de Anis, Simon et Quentin<br>Le livre : \u00ab\u00a0le b\u00e9b\u00e9 tomb\u00e9 du train\u00a0\u00bb de <a href=\"https:\/\/fr.wikipedia.org\/wiki\/Jo_Hoestlandt\" onclick=\"return TrackClick('https%3A%2F%2Ffr.wikipedia.org%2Fwiki%2FJo_Hoestlandt','Jo+Hoestlandt')\">Jo Hoestlandt<\/a><\/p>\n\n\n\n<figure class=\"wp-block-audio\"><audio controls src=\"http:\/\/projetscitoyens.francas71.org\/wp-content\/uploads\/2023\/06\/6E-Anis-Simon-Quentin.mp3\"><\/audio><figcaption><br><\/figcaption><\/figure>\n\n\n\n<p><strong>3\u00e8me groupe<\/strong> compos\u00e9 de Celya et Sacha<br>Le livre : \u00ab\u00a0badesiredudou\u00a0\u00bb de <a href=\"https:\/\/fr.wikipedia.org\/wiki\/Marie-Claude_B%C3%A9rot\" onclick=\"return TrackClick('https%3A%2F%2Ffr.wikipedia.org%2Fwiki%2FMarie-Claude_B%25C3%25A9rot','Marie-Claude+B%C3%A9rot')\" onclick=\"return TrackClick('https%3A%2F%2Ffr.wikipedia.org%2Fwiki%2FMarie-Claude_B%25C3%25A9rot','Marie-Claude+B%C3%A9rot')\">Marie-Claude B\u00e9rot<\/a><\/p>\n\n\n\n<figure class=\"wp-block-audio\"><audio controls src=\"http:\/\/projetscitoyens.francas71.org\/wp-content\/uploads\/2023\/06\/6E-Celya-Sacha.mp3\"><\/audio><figcaption><br><\/figcaption><\/figure>\n\n\n\n<p><strong>4\u00e8me groupe<\/strong> compos\u00e9 de In\u00e8s, Alicia et Natacha<br>Le livre : \u00ab\u00a0badesiredudou\u00a0\u00bb de <a href=\"https:\/\/fr.wikipedia.org\/wiki\/Marie-Claude_B%C3%A9rot\" onclick=\"return TrackClick('https%3A%2F%2Ffr.wikipedia.org%2Fwiki%2FMarie-Claude_B%25C3%25A9rot','Marie-Claude+B%C3%A9rot')\" onclick=\"return TrackClick('https%3A%2F%2Ffr.wikipedia.org%2Fwiki%2FMarie-Claude_B%25C3%25A9rot','Marie-Claude+B%C3%A9rot')\">Marie-Claude B\u00e9rot<\/a><\/p>\n\n\n\n<figure class=\"wp-block-audio\"><audio controls src=\"http:\/\/projetscitoyens.francas71.org\/wp-content\/uploads\/2023\/06\/6E-Ines-Alicia-Natacha.mp3\"><\/audio><figcaption><br><\/figcaption><\/figure>\n\n\n\n<p><strong>5\u00e8me groupe<\/strong> compos\u00e9 de Enzo et Maylis<br>Le livre : \u00ab\u00a0Cours\u00a0\u00bb de <a href=\"https:\/\/fr.wikipedia.org\/wiki\/Davide_Cali\" onclick=\"return TrackClick('https%3A%2F%2Ffr.wikipedia.org%2Fwiki%2FDavide_Cali','Davide+Cali')\" onclick=\"return TrackClick('https%3A%2F%2Ffr.wikipedia.org%2Fwiki%2FDavide_Cali','Davide+Cali')\">Davide Cali<\/a><\/p>\n\n\n\n<figure class=\"wp-block-audio\"><audio controls src=\"http:\/\/projetscitoyens.francas71.org\/wp-content\/uploads\/2023\/06\/6E-Enzo-Maylis.mp3\"><\/audio><figcaption><br><\/figcaption><\/figure>\n\n\n\n<p><strong>6\u00e8me groupe<\/strong> compos\u00e9 de Sana et Malone<br>Le livre : \u00ab\u00a0Cours\u00a0\u00bb de <a href=\"https:\/\/fr.wikipedia.org\/wiki\/Davide_Cali\" onclick=\"return TrackClick('https%3A%2F%2Ffr.wikipedia.org%2Fwiki%2FDavide_Cali','Davide+Cali')\" onclick=\"return TrackClick('https%3A%2F%2Ffr.wikipedia.org%2Fwiki%2FDavide_Cali','Davide+Cali')\">Davide Cali<\/a><\/p>\n\n\n\n<figure class=\"wp-block-audio\"><audio controls src=\"http:\/\/projetscitoyens.francas71.org\/wp-content\/uploads\/2023\/06\/6E-Sana-Malone.mp3\"><\/audio><figcaption><br><\/figcaption><\/figure>\n\n\n\n<p><strong>7\u00e8me groupe<\/strong> compos\u00e9 de Ilona, Sacha, Marco, L\u00e9o, Yasmine et Naila<br>Le livre : \u00ab\u00a010 minutes \u00e0 perdre\u00a0\u00bb de <a href=\"https:\/\/fr.wikipedia.org\/wiki\/Jean-Christophe_Tixier\" onclick=\"return TrackClick('https%3A%2F%2Ffr.wikipedia.org%2Fwiki%2FJean-Christophe_Tixier','Jean-Christophe+Tixier')\">Jean-Christophe Tixier<\/a><\/p>\n\n\n\n<figure class=\"wp-block-audio\"><audio controls src=\"http:\/\/projetscitoyens.francas71.org\/wp-content\/uploads\/2023\/06\/6E-Ilona-Sacha-Marco-Leo-Yasmine-Naila.mp3\"><\/audio><figcaption><br><\/figcaption><\/figure>\n\n\n\n<p><strong>8\u00e8me groupe<\/strong> compos\u00e9 de Tao, Honorine et Quentin<br>Le livre : \u00ab\u00a0Ang\u00e8le ma babayaga de Kerm\u00e9n\u00e9ven\u00a0\u00bb de <a href=\"https:\/\/fr.wikipedia.org\/wiki\/Richard_Couaillet\" onclick=\"return TrackClick('https%3A%2F%2Ffr.wikipedia.org%2Fwiki%2FRichard_Couaillet','Richard+Couaillet')\">Richard Couaillet<\/a><\/p>\n\n\n\n<figure class=\"wp-block-audio\"><audio controls src=\"http:\/\/projetscitoyens.francas71.org\/wp-content\/uploads\/2023\/06\/6E-Tao-Honorine-Quentin.mp3\"><\/audio><\/figure>\n","protected":false},"excerpt":{"rendered":"<p>En cours de fran\u00e7ais, avec leur professeure Claire BRUNEL, la classe de 6\u00e8me E du coll\u00e8ge Copernic de St Vallier (71) s&rsquo;est plong\u00e9e dans plusieurs livres. Apr\u00e8s avoir lu au moins un livre, le jeu radiophonique consistait \u00e0 les pr\u00e9senter pour nous donner envie de les lire. Un livre, un groupe d&rsquo;\u00e9l\u00e8ves, et plusieurs mani\u00e8res de pr\u00e9senter le livre : en faire un r\u00e9sum\u00e9, \u00e0 l&rsquo;aide d&rsquo;un ab\u00e9c\u00e9daire des mots les plus importants, en associant des objets. 1er groupe compos\u00e9&#8230;<\/p>\n<p class=\"read-more\"><a class=\"btn btn-default\" href=\"http:\/\/projetscitoyens.francas71.org\/?p=3645\" onclick=\"return TrackClick('http%3A%2F%2Fprojetscitoyens.francas71.org%2F%3Fp%3D3645','Lire+la+suite+Lire+la+suite')\">Lire la suite<span class=\"screen-reader-text\"> Lire la suite<\/span><\/a><\/p>\n","protected":false},"author":1,"featured_media":3649,"comment_status":"open","ping_status":"open","sticky":false,"template":"","format":"standard","meta":{"jetpack_post_was_ever_published":false,"_jetpack_newsletter_access":"","_jetpack_dont_email_post_to_subs":false,"_jetpack_newsletter_tier_id":0,"_jetpack_memberships_contains_paywalled_content":false,"_jetpack_memberships_contains_paid_content":false,"footnotes":"","jetpack_publicize_message":"","jetpack_publicize_feature_enabled":true,"jetpack_social_post_already_shared":true,"jetpack_social_options":{"image_generator_settings":{"template":"highway","enabled":false},"version":2}},"categories":[214],"tags":[321,248,319,320,298],"class_list":["post-3645","post","type-post","status-publish","format-standard","has-post-thumbnail","hentry","category-la-radio","tag-abecedaire","tag-jeunesse","tag-lecture","tag-litterature","tag-livre"],"jetpack_publicize_connections":[],"jetpack_featured_media_url":"https:\/\/i0.wp.com\/projetscitoyens.francas71.org\/wp-content\/uploads\/2023\/06\/focus-sur-media-livres-nouvelle-agence-specialisee-dans-la-promotion-litteraire.jpg?fit=1000%2C667","jetpack_sharing_enabled":true,"jetpack_shortlink":"https:\/\/wp.me\/p6M0zG-WN","jetpack-related-posts":[],"jetpack_likes_enabled":true,"_links":{"self":[{"href":"http:\/\/projetscitoyens.francas71.org\/index.php?rest_route=\/wp\/v2\/posts\/3645"}],"collection":[{"href":"http:\/\/projetscitoyens.francas71.org\/index.php?rest_route=\/wp\/v2\/posts"}],"about":[{"href":"http:\/\/projetscitoyens.francas71.org\/index.php?rest_route=\/wp\/v2\/types\/post"}],"author":[{"embeddable":true,"href":"http:\/\/projetscitoyens.francas71.org\/index.php?rest_route=\/wp\/v2\/users\/1"}],"replies":[{"embeddable":true,"href":"http:\/\/projetscitoyens.francas71.org\/index.php?rest_route=%2Fwp%2Fv2%2Fcomments&post=3645"}],"version-history":[{"count":4,"href":"http:\/\/projetscitoyens.francas71.org\/index.php?rest_route=\/wp\/v2\/posts\/3645\/revisions"}],"predecessor-version":[{"id":3650,"href":"http:\/\/projetscitoyens.francas71.org\/index.php?rest_route=\/wp\/v2\/posts\/3645\/revisions\/3650"}],"wp:featuredmedia":[{"embeddable":true,"href":"http:\/\/projetscitoyens.francas71.org\/index.php?rest_route=\/wp\/v2\/media\/3649"}],"wp:attachment":[{"href":"http:\/\/projetscitoyens.francas71.org\/index.php?rest_route=%2Fwp%2Fv2%2Fmedia&parent=3645"}],"wp:term":[{"taxonomy":"category","embeddable":true,"href":"http:\/\/projetscitoyens.francas71.org\/index.php?rest_route=%2Fwp%2Fv2%2Fcategories&post=3645"},{"taxonomy":"post_tag","embeddable":true,"href":"http:\/\/projetscitoyens.francas71.org\/index.php?rest_route=%2Fwp%2Fv2%2Ftags&post=3645"}],"curies":[{"name":"wp","href":"https:\/\/api.w.org\/{rel}","templated":true}]}}