{"id":3676,"date":"2023-06-15T09:04:20","date_gmt":"2023-06-15T08:04:20","guid":{"rendered":"http:\/\/projetscitoyens.francas71.org\/?p=3676"},"modified":"2023-06-15T09:04:20","modified_gmt":"2023-06-15T08:04:20","slug":"les-6emes-d-de-copernic-vous-donnent-envie-de-lire","status":"publish","type":"post","link":"http:\/\/projetscitoyens.francas71.org\/?p=3676","title":{"rendered":"Les 6\u00e8mes D de Copernic vous donnent envie de lire !"},"content":{"rendered":"\n<h3 class=\"has-vivid-purple-color has-text-color wp-block-heading\">En cours de fran\u00e7ais, avec leur professeure Claire BRUNEL, la classe de 6\u00e8me D du coll\u00e8ge Copernic de <a href=\"https:\/\/www.mairie-saintvallier.fr\/\" onclick=\"return TrackClick('https%3A%2F%2Fwww.mairie-saintvallier.fr%2F','St+Vallier')\">St Vallier<\/a> (71) s&rsquo;est plong\u00e9e dans plusieurs livres. Apr\u00e8s avoir lu au moins un livre, le jeu radiophonique consistait \u00e0 les pr\u00e9senter pour nous donner envie de les lire.<\/h3>\n\n\n\n<p> Un livre, un groupe d&rsquo;\u00e9l\u00e8ves, et plusieurs mani\u00e8res de pr\u00e9senter le  livre : en faire un r\u00e9sum\u00e9, \u00e0 l&rsquo;aide d&rsquo;un ab\u00e9c\u00e9daire des mots les plus  importants, en associant des objets. <\/p>\n\n\n\n<p><strong>1er groupe<\/strong> compos\u00e9 de Mat\u00e9o, Ma\u00eblys, Louca, No\u00e9 et Wilson<br>Le livre : \u00ab\u00a0Ashoka et la flamme sacr\u00e9e\u00a0\u00bb de <a href=\"https:\/\/www.actes-sud.fr\/node\/61081\" onclick=\"return TrackClick('https%3A%2F%2Fwww.actes-sud.fr%2Fnode%2F61081','Emmanuelle+Han')\">Emmanuelle Han<\/a><\/p>\n\n\n\n<figure class=\"wp-block-audio\"><audio controls src=\"http:\/\/projetscitoyens.francas71.org\/wp-content\/uploads\/2023\/06\/6D-G1-Mateo-Maelys-Louca-Noe-Wilson-ashoka-et-la-flamme-sacree.mp3\"><\/audio><figcaption><br><\/figcaption><\/figure>\n\n\n\n<p><strong>2\u00e8me groupe<\/strong> compos\u00e9 de Noah et Louis<br>Le livre : \u00ab\u00a0le meilleur\u00a0\u00bb de <a href=\"https:\/\/www.editions400coups.com\/collaborateur\/ebrahimi-payam\" onclick=\"return TrackClick('https%3A%2F%2Fwww.editions400coups.com%2Fcollaborateur%2Febrahimi-payam','Payam+Ebrahimi')\" onclick=\"return TrackClick('https%3A%2F%2Fwww.editions400coups.com%2Fcollaborateur%2Febrahimi-payam','Payam+Ebrahimi')\" onclick=\"return TrackClick('https%3A%2F%2Fwww.editions400coups.com%2Fcollaborateur%2Febrahimi-payam','Payam+Ebrahimi')\">Payam Ebrahimi<\/a><\/p>\n\n\n\n<figure class=\"wp-block-audio\"><audio controls src=\"http:\/\/projetscitoyens.francas71.org\/wp-content\/uploads\/2023\/06\/6D-G2-Noah-Louis-le-meilleur.mp3\"><\/audio><figcaption><br><\/figcaption><\/figure>\n\n\n\n<p><strong>3\u00e8me groupe<\/strong> compos\u00e9 de Donovan et Ryan<br>Le livre : \u00ab\u00a0Petites nouvelles de la r\u00e9volution\u00a0\u00bb de <a href=\"https:\/\/editions-sarbacane.com\/auteurs\/alex-cousseau\" onclick=\"return TrackClick('https%3A%2F%2Feditions-sarbacane.com%2Fauteurs%2Falex-cousseau','Alex+Cousseau')\">Alex Cousseau<\/a> et <a href=\"https:\/\/editions-sarbacane.com\/auteurs\/henri-meunier\" onclick=\"return TrackClick('https%3A%2F%2Feditions-sarbacane.com%2Fauteurs%2Fhenri-meunier','Henri+Meunier')\">Henri Meunier<\/a><\/p>\n\n\n\n<figure class=\"wp-block-audio\"><audio controls src=\"http:\/\/projetscitoyens.francas71.org\/wp-content\/uploads\/2023\/06\/6D-G3-Donovan-Ryan-petites-nouvelles-de-la-revolution.mp3\"><\/audio><figcaption><br><\/figcaption><\/figure>\n\n\n\n<p><strong>4\u00e8me groupe<\/strong> compos\u00e9 de Andr\u00e9a et Jaur\u00e8s<br>Le livre : \u00ab\u00a0For\u00eat des fr\u00e8res\u00a0\u00bb de <a href=\"https:\/\/www.actes-sud.fr\/contributeurs\/yukiko-noritake\" onclick=\"return TrackClick('https%3A%2F%2Fwww.actes-sud.fr%2Fcontributeurs%2Fyukiko-noritake','Yukiko+Noritake')\">Yukiko Noritake<\/a><\/p>\n\n\n\n<figure class=\"wp-block-audio\"><audio controls src=\"http:\/\/projetscitoyens.francas71.org\/wp-content\/uploads\/2023\/06\/6D-G4-Andrea-Jaures-foret-des-freres.mp3\"><\/audio><figcaption><br><\/figcaption><\/figure>\n\n\n\n<p><strong>5\u00e8me groupe<\/strong> compos\u00e9 de Lorenzo et Kerim<br>Le livre : \u00ab\u00a0le meilleur\u00a0\u00bb de <a href=\"https:\/\/www.editions400coups.com\/collaborateur\/ebrahimi-payam\" onclick=\"return TrackClick('https%3A%2F%2Fwww.editions400coups.com%2Fcollaborateur%2Febrahimi-payam','Payam+Ebrahimi')\" onclick=\"return TrackClick('https%3A%2F%2Fwww.editions400coups.com%2Fcollaborateur%2Febrahimi-payam','Payam+Ebrahimi')\" onclick=\"return TrackClick('https%3A%2F%2Fwww.editions400coups.com%2Fcollaborateur%2Febrahimi-payam','Payam+Ebrahimi')\">Payam Ebrahimi<\/a><\/p>\n\n\n\n<figure class=\"wp-block-audio\"><audio controls src=\"http:\/\/projetscitoyens.francas71.org\/wp-content\/uploads\/2023\/06\/6D-G5-Lorenzo-Kerim-le-meilleur.mp3\"><\/audio><figcaption><br><\/figcaption><\/figure>\n\n\n\n<p><strong>6\u00e8me groupe<\/strong> compos\u00e9 de Lola, Jules et Alice<br>Le livre : \u00ab\u00a0le meilleur\u00a0\u00bb de <a href=\"https:\/\/www.editions400coups.com\/collaborateur\/ebrahimi-payam\" onclick=\"return TrackClick('https%3A%2F%2Fwww.editions400coups.com%2Fcollaborateur%2Febrahimi-payam','Payam+Ebrahimi')\" onclick=\"return TrackClick('https%3A%2F%2Fwww.editions400coups.com%2Fcollaborateur%2Febrahimi-payam','Payam+Ebrahimi')\" onclick=\"return TrackClick('https%3A%2F%2Fwww.editions400coups.com%2Fcollaborateur%2Febrahimi-payam','Payam+Ebrahimi')\">Payam Ebrahimi<\/a> <\/p>\n\n\n\n<figure class=\"wp-block-audio\"><audio controls src=\"http:\/\/projetscitoyens.francas71.org\/wp-content\/uploads\/2023\/06\/6D-G6-Lola-Jules-Alice-le-meilleur.mp3\"><\/audio><figcaption><br><\/figcaption><\/figure>\n\n\n\n<p><strong>7\u00e8me groupe<\/strong> compos\u00e9 de El\u00e9onore, Timeo et Ya\u00ebl<br>Le livre : \u00ab\u00a0<a href=\"https:\/\/www.editionsdelamartiniere.fr\/livres\/heros-ordinaires\/\" onclick=\"return TrackClick('https%3A%2F%2Fwww.editionsdelamartiniere.fr%2Flivres%2Fheros-ordinaires%2F','H%C3%A9ros+ordinaires')\">H\u00e9ros ordinaires<\/a>\u00a0\u00bb de Anne Terral et S\u00e9bastien Vassant<\/p>\n\n\n\n<figure class=\"wp-block-audio\"><audio controls src=\"http:\/\/projetscitoyens.francas71.org\/wp-content\/uploads\/2023\/06\/6D-G7-Eleonore-Timeo-Yael-heros-ordinaires.mp3\"><\/audio><\/figure>\n\n\n\n<p><strong>8\u00e8me groupe<\/strong> compos\u00e9 de Rom\u00e9o, Louna et L\u00e9onie<br>Le livre : \u00ab\u00a0<a href=\"https:\/\/fr.vikidia.org\/wiki\/Christine_de_Pisan\" onclick=\"return TrackClick('https%3A%2F%2Ffr.vikidia.org%2Fwiki%2FChristine_de_Pisan','Christine+de+Pisan')\">Christine de Pisan<\/a>\u00ab\u00a0<\/p>\n\n\n\n<figure class=\"wp-block-audio\"><audio controls src=\"http:\/\/projetscitoyens.francas71.org\/wp-content\/uploads\/2023\/06\/6D-G8-Romeo-Louna-Leonie.mp3\"><\/audio><figcaption><br><\/figcaption><\/figure>\n\n\n\n<p><strong>9\u00e8me groupe<\/strong> compos\u00e9 de Lily-Rose, Lizzie et Benoit<br>Le livre : \u00ab\u00a0<a href=\"https:\/\/www.lerouergue.com\/catalogue\/pas-lombre-dun-loup\" onclick=\"return TrackClick('https%3A%2F%2Fwww.lerouergue.com%2Fcatalogue%2Fpas-lombre-dun-loup','Pas+l%22ombre+d%22un+loup')\">Pas l&rsquo;ombre d&rsquo;un loup<\/a>\u00a0\u00bb de Natali Fortier<\/p>\n\n\n\n<figure class=\"wp-block-audio\"><audio controls src=\"http:\/\/projetscitoyens.francas71.org\/wp-content\/uploads\/2023\/06\/6D-G9-Lily-Rose-Lizzie-Benoit.mp3\"><\/audio><figcaption><br><\/figcaption><\/figure>\n\n\n\n<p><strong>10\u00e8me groupe<\/strong> compos\u00e9 de Laura et Adison<br>Le livre : \u00ab\u00a0<a href=\"https:\/\/editions-sarbacane.com\/albums\/on-nous-appelait-les-mouches\" onclick=\"return TrackClick('https%3A%2F%2Feditions-sarbacane.com%2Falbums%2Fon-nous-appelait-les-mouches','On+nous+appelait+les+mouches')\">On nous appelait les mouches<\/a>\u00a0\u00bb de Davide Cali et Maurizio AC Quarello<\/p>\n\n\n\n<figure class=\"wp-block-audio\"><audio controls src=\"http:\/\/projetscitoyens.francas71.org\/wp-content\/uploads\/2023\/06\/6D-G10-Laura-Adison.mp3\"><\/audio><\/figure>\n","protected":false},"excerpt":{"rendered":"<p>En cours de fran\u00e7ais, avec leur professeure Claire BRUNEL, la classe de 6\u00e8me D du coll\u00e8ge Copernic de St Vallier (71) s&rsquo;est plong\u00e9e dans plusieurs livres. Apr\u00e8s avoir lu au moins un livre, le jeu radiophonique consistait \u00e0 les pr\u00e9senter pour nous donner envie de les lire. Un livre, un groupe d&rsquo;\u00e9l\u00e8ves, et plusieurs mani\u00e8res de pr\u00e9senter le livre : en faire un r\u00e9sum\u00e9, \u00e0 l&rsquo;aide d&rsquo;un ab\u00e9c\u00e9daire des mots les plus importants, en associant des objets. 1er groupe compos\u00e9&#8230;<\/p>\n<p class=\"read-more\"><a class=\"btn btn-default\" href=\"http:\/\/projetscitoyens.francas71.org\/?p=3676\" onclick=\"return TrackClick('http%3A%2F%2Fprojetscitoyens.francas71.org%2F%3Fp%3D3676','Lire+la+suite+Lire+la+suite')\">Lire la suite<span class=\"screen-reader-text\"> Lire la suite<\/span><\/a><\/p>\n","protected":false},"author":1,"featured_media":3649,"comment_status":"open","ping_status":"open","sticky":false,"template":"","format":"standard","meta":{"jetpack_post_was_ever_published":false,"_jetpack_newsletter_access":"","_jetpack_dont_email_post_to_subs":false,"_jetpack_newsletter_tier_id":0,"_jetpack_memberships_contains_paywalled_content":false,"_jetpack_memberships_contains_paid_content":false,"footnotes":"","jetpack_publicize_message":"","jetpack_publicize_feature_enabled":true,"jetpack_social_post_already_shared":true,"jetpack_social_options":{"image_generator_settings":{"template":"highway","enabled":false},"version":2}},"categories":[214],"tags":[323,34,123,322,248,320],"class_list":["post-3676","post","type-post","status-publish","format-standard","has-post-thumbnail","hentry","category-la-radio","tag-auteurs","tag-college","tag-education","tag-illustration","tag-jeunesse","tag-litterature"],"jetpack_publicize_connections":[],"jetpack_featured_media_url":"https:\/\/i0.wp.com\/projetscitoyens.francas71.org\/wp-content\/uploads\/2023\/06\/focus-sur-media-livres-nouvelle-agence-specialisee-dans-la-promotion-litteraire.jpg?fit=1000%2C667","jetpack_sharing_enabled":true,"jetpack_shortlink":"https:\/\/wp.me\/p6M0zG-Xi","jetpack-related-posts":[],"jetpack_likes_enabled":true,"_links":{"self":[{"href":"http:\/\/projetscitoyens.francas71.org\/index.php?rest_route=\/wp\/v2\/posts\/3676"}],"collection":[{"href":"http:\/\/projetscitoyens.francas71.org\/index.php?rest_route=\/wp\/v2\/posts"}],"about":[{"href":"http:\/\/projetscitoyens.francas71.org\/index.php?rest_route=\/wp\/v2\/types\/post"}],"author":[{"embeddable":true,"href":"http:\/\/projetscitoyens.francas71.org\/index.php?rest_route=\/wp\/v2\/users\/1"}],"replies":[{"embeddable":true,"href":"http:\/\/projetscitoyens.francas71.org\/index.php?rest_route=%2Fwp%2Fv2%2Fcomments&post=3676"}],"version-history":[{"count":1,"href":"http:\/\/projetscitoyens.francas71.org\/index.php?rest_route=\/wp\/v2\/posts\/3676\/revisions"}],"predecessor-version":[{"id":3677,"href":"http:\/\/projetscitoyens.francas71.org\/index.php?rest_route=\/wp\/v2\/posts\/3676\/revisions\/3677"}],"wp:featuredmedia":[{"embeddable":true,"href":"http:\/\/projetscitoyens.francas71.org\/index.php?rest_route=\/wp\/v2\/media\/3649"}],"wp:attachment":[{"href":"http:\/\/projetscitoyens.francas71.org\/index.php?rest_route=%2Fwp%2Fv2%2Fmedia&parent=3676"}],"wp:term":[{"taxonomy":"category","embeddable":true,"href":"http:\/\/projetscitoyens.francas71.org\/index.php?rest_route=%2Fwp%2Fv2%2Fcategories&post=3676"},{"taxonomy":"post_tag","embeddable":true,"href":"http:\/\/projetscitoyens.francas71.org\/index.php?rest_route=%2Fwp%2Fv2%2Ftags&post=3676"}],"curies":[{"name":"wp","href":"https:\/\/api.w.org\/{rel}","templated":true}]}}