{"id":3684,"date":"2023-06-15T10:34:33","date_gmt":"2023-06-15T09:34:33","guid":{"rendered":"http:\/\/projetscitoyens.francas71.org\/?p=3684"},"modified":"2023-06-15T10:34:33","modified_gmt":"2023-06-15T09:34:33","slug":"produire-en-france-cest-possible-2","status":"publish","type":"post","link":"http:\/\/projetscitoyens.francas71.org\/?p=3684","title":{"rendered":"Produire en France, c&rsquo;est possible !"},"content":{"rendered":"\n<h3 class=\"has-vivid-red-color has-text-color wp-block-heading\">Une classe de seconde du <a href=\"https:\/\/lyc-pontusdetyard-chalon-sur-saone.eclat-bfc.fr\/\" onclick=\"return TrackClick('https%3A%2F%2Flyc-pontusdetyard-chalon-sur-saone.eclat-bfc.fr%2F','lyc%C3%A9e+Pontus+de+Tyard')\">lyc\u00e9e Pontus de Tyard<\/a> de Chalon-sur-Sa\u00f4ne (71) a men\u00e9 l&rsquo;enqu\u00eate pour nous faire d\u00e9couvrir les nombreuses entreprises qui <a href=\"https:\/\/www.lesitedumadeinfrance.fr\/\" onclick=\"return TrackClick('https%3A%2F%2Fwww.lesitedumadeinfrance.fr%2F','produisent+en+France')\">produisent en France<\/a>. Des slips, des chaussettes, des jouets, des espadrilles, des jeans, du mat\u00e9riel de ski, du mat\u00e9riel de cuisine.<\/h3>\n\n\n\n<p> Une enqu\u00eate men\u00e9e dans le cadre du cours de Sciences Economiques et Sociales de Monsieur Beaussieu, professeur au lyc\u00e9e. <\/p>\n\n\n\n<p> <strong>Seconde s\u00e9rie de reportages et d&rsquo;enqu\u00eates par la classe de Seconde <\/strong>6<\/p>\n\n\n\n<p style=\"background-color:#f6dfdd\" class=\"has-background\"><strong>1er produit : les chaussettes<\/strong><br>Par C\u00e9sar, Emma, Margot et Claire<\/p>\n\n\n\n<figure class=\"wp-block-audio\"><audio controls src=\"http:\/\/projetscitoyens.francas71.org\/wp-content\/uploads\/2023\/06\/G8-les-chaussettes-C\u00e9sar-Emma-Margot-C\u00e9line.mp3\"><\/audio><\/figure>\n\n\n\n<p style=\"background-color:#f6dfdd\" class=\"has-background\"><strong> 2\u00e8me produit : les jouets<\/strong><br>Par Quentin, Thomas, Lucas et Paul<\/p>\n\n\n\n<figure class=\"wp-block-audio\"><audio controls src=\"http:\/\/projetscitoyens.francas71.org\/wp-content\/uploads\/2023\/06\/G9-le-jouet-Quentin-Thomas-Lucas-Paul.mp3\"><\/audio><\/figure>\n\n\n\n<p style=\"background-color:#f6dfdd\" class=\"has-background\"><strong>3\u00e8me produit : le jean<\/strong><br>Par Lea, Sarah, Charline et No\u00e9mie<\/p>\n\n\n\n<figure class=\"wp-block-audio\"><audio controls src=\"http:\/\/projetscitoyens.francas71.org\/wp-content\/uploads\/2023\/06\/G10-le-jean-Lea-Sarah-Charlene-No\u00e9mie.mp3\"><\/audio><\/figure>\n\n\n\n<p style=\"background-color:#f6dfdd\" class=\"has-background\"><strong>4\u00e8me produit : le mat\u00e9riel de ski<\/strong><br>Par Elie, Louise, Anne-Laure et Lise-Marie<\/p>\n\n\n\n<figure class=\"wp-block-audio\"><audio controls src=\"http:\/\/projetscitoyens.francas71.org\/wp-content\/uploads\/2023\/06\/G11-le-ski-Eli-Louise-Anne-Laure.mp3\"><\/audio><\/figure>\n\n\n\n<p style=\"background-color:#f6dfdd\" class=\"has-background\"><strong>5\u00e8me produit : la brosse \u00e0 dent<\/strong><br>Par L\u00e9a, Elsa, Ambre et Maxime<\/p>\n\n\n\n<figure class=\"wp-block-audio\"><audio controls src=\"http:\/\/projetscitoyens.francas71.org\/wp-content\/uploads\/2023\/06\/G12-la-brosse-a-dent-Lea-Elsa-Ambre-Maxime.mp3\"><\/audio><\/figure>\n\n\n\n<p style=\"background-color:#f6dfdd\" class=\"has-background\"><strong>6\u00e8me produit : les espadrilles<\/strong><br>Par Lison, Florian, Lily-Rose et Augustine<\/p>\n\n\n\n<figure class=\"wp-block-audio\"><audio controls src=\"http:\/\/projetscitoyens.francas71.org\/wp-content\/uploads\/2023\/06\/G13-espadrille-Lison-Florian-Lily-Rose-Augustine.mp3\"><\/audio><\/figure>\n\n\n\n<p style=\"background-color:#f6dfdd\" class=\"has-background\"><strong>7\u00e8me produit : le slip<\/strong><br>Par Mathilde, Zelie, Gautier et Amanda<\/p>\n\n\n\n<figure class=\"wp-block-audio\"><audio controls src=\"http:\/\/projetscitoyens.francas71.org\/wp-content\/uploads\/2023\/06\/G14-le-slip-invites.mp3\"><\/audio><\/figure>\n\n\n\n<p style=\"background-color:#f6dfdd\" class=\"has-background\"><strong>8\u00e8me produit : l&rsquo;entreprise SEB<\/strong><br>Par Xhender, Maxence et Timoan<\/p>\n\n\n\n<figure class=\"wp-block-audio\"><audio controls src=\"http:\/\/projetscitoyens.francas71.org\/wp-content\/uploads\/2023\/06\/G15-seb-Xender-Greg-Timoan.mp3\"><\/audio><\/figure>\n","protected":false},"excerpt":{"rendered":"<p>Une classe de seconde du lyc\u00e9e Pontus de Tyard de Chalon-sur-Sa\u00f4ne (71) a men\u00e9 l&rsquo;enqu\u00eate pour nous faire d\u00e9couvrir les nombreuses entreprises qui produisent en France. Des slips, des chaussettes, des jouets, des espadrilles, des jeans, du mat\u00e9riel de ski, du mat\u00e9riel de cuisine. Une enqu\u00eate men\u00e9e dans le cadre du cours de Sciences Economiques et Sociales de Monsieur Beaussieu, professeur au lyc\u00e9e. Seconde s\u00e9rie de reportages et d&rsquo;enqu\u00eates par la classe de Seconde 6 1er produit : les chaussettesPar&#8230;<\/p>\n<p class=\"read-more\"><a class=\"btn btn-default\" href=\"http:\/\/projetscitoyens.francas71.org\/?p=3684\" onclick=\"return TrackClick('http%3A%2F%2Fprojetscitoyens.francas71.org%2F%3Fp%3D3684','Lire+la+suite+Lire+la+suite')\">Lire la suite<span class=\"screen-reader-text\"> Lire la suite<\/span><\/a><\/p>\n","protected":false},"author":1,"featured_media":3681,"comment_status":"open","ping_status":"open","sticky":false,"template":"","format":"standard","meta":{"jetpack_post_was_ever_published":false,"_jetpack_newsletter_access":"","_jetpack_dont_email_post_to_subs":false,"_jetpack_newsletter_tier_id":0,"_jetpack_memberships_contains_paywalled_content":false,"_jetpack_memberships_contains_paid_content":false,"footnotes":"","jetpack_publicize_message":"","jetpack_publicize_feature_enabled":true,"jetpack_social_post_already_shared":true,"jetpack_social_options":{"image_generator_settings":{"template":"highway","enabled":false},"version":2}},"categories":[214],"tags":[330,329,78,324,325],"class_list":["post-3684","post","type-post","status-publish","format-standard","has-post-thumbnail","hentry","category-la-radio","tag-emploi","tag-entreprise","tag-lycee","tag-madeinfrance","tag-produitenfrance"],"jetpack_publicize_connections":[],"jetpack_featured_media_url":"https:\/\/i0.wp.com\/projetscitoyens.francas71.org\/wp-content\/uploads\/2023\/06\/logo_fabrique_en_france.png?fit=550%2C241","jetpack_sharing_enabled":true,"jetpack_shortlink":"https:\/\/wp.me\/p6M0zG-Xq","jetpack-related-posts":[],"jetpack_likes_enabled":true,"_links":{"self":[{"href":"http:\/\/projetscitoyens.francas71.org\/index.php?rest_route=\/wp\/v2\/posts\/3684"}],"collection":[{"href":"http:\/\/projetscitoyens.francas71.org\/index.php?rest_route=\/wp\/v2\/posts"}],"about":[{"href":"http:\/\/projetscitoyens.francas71.org\/index.php?rest_route=\/wp\/v2\/types\/post"}],"author":[{"embeddable":true,"href":"http:\/\/projetscitoyens.francas71.org\/index.php?rest_route=\/wp\/v2\/users\/1"}],"replies":[{"embeddable":true,"href":"http:\/\/projetscitoyens.francas71.org\/index.php?rest_route=%2Fwp%2Fv2%2Fcomments&post=3684"}],"version-history":[{"count":1,"href":"http:\/\/projetscitoyens.francas71.org\/index.php?rest_route=\/wp\/v2\/posts\/3684\/revisions"}],"predecessor-version":[{"id":3685,"href":"http:\/\/projetscitoyens.francas71.org\/index.php?rest_route=\/wp\/v2\/posts\/3684\/revisions\/3685"}],"wp:featuredmedia":[{"embeddable":true,"href":"http:\/\/projetscitoyens.francas71.org\/index.php?rest_route=\/wp\/v2\/media\/3681"}],"wp:attachment":[{"href":"http:\/\/projetscitoyens.francas71.org\/index.php?rest_route=%2Fwp%2Fv2%2Fmedia&parent=3684"}],"wp:term":[{"taxonomy":"category","embeddable":true,"href":"http:\/\/projetscitoyens.francas71.org\/index.php?rest_route=%2Fwp%2Fv2%2Fcategories&post=3684"},{"taxonomy":"post_tag","embeddable":true,"href":"http:\/\/projetscitoyens.francas71.org\/index.php?rest_route=%2Fwp%2Fv2%2Ftags&post=3684"}],"curies":[{"name":"wp","href":"https:\/\/api.w.org\/{rel}","templated":true}]}}