{"id":3695,"date":"2023-06-21T12:04:19","date_gmt":"2023-06-21T11:04:19","guid":{"rendered":"http:\/\/projetscitoyens.francas71.org\/?p=3695"},"modified":"2023-06-21T12:04:19","modified_gmt":"2023-06-21T11:04:19","slug":"le-developpement-durable-vu-par-les-5emea-du-college-copernic-de-st-vallier-71","status":"publish","type":"post","link":"http:\/\/projetscitoyens.francas71.org\/?p=3695","title":{"rendered":"Le D\u00e9veloppement Durable vu par les 5\u00e8meA du coll\u00e8ge Copernic de St Vallier (71)"},"content":{"rendered":"\n<h3 class=\"has-vivid-red-color has-text-color wp-block-heading\">La classe de 5\u00e8meA du coll\u00e8ge Copernic de St Vallier (71) s&rsquo;est plong\u00e9e dans plusieurs formes d&rsquo;initiatives de d\u00e9veloppement durable. Des initiatives locales mais aussi globales. <\/h3>\n\n\n\n<p>Par groupe de 2 \u00e0 5 les jeunes nous pr\u00e9sentent des domaines tr\u00e8s diff\u00e9rents comme le circuit court, les panneaux solaires, la m\u00e9thanisation.<\/p>\n\n\n\n<figure class=\"wp-block-audio\"><audio controls src=\"http:\/\/projetscitoyens.francas71.org\/wp-content\/uploads\/2023\/06\/5A-Noa-Wyeme-Pierre-le-recyclage.mp3\"><\/audio><figcaption><strong>Groupe 1 : Noa, Wyeme et Pierre<\/strong><br><em><a href=\"https:\/\/expertises.ademe.fr\/economie-circulaire\/dechets\/passer-a-laction\/valorisation-matiere\/dossier\/recyclage\/chaine-recyclage-produit-produit-passant-dechet\" onclick=\"return TrackClick('https%3A%2F%2Fexpertises.ademe.fr%2Feconomie-circulaire%2Fdechets%2Fpasser-a-laction%2Fvalorisation-matiere%2Fdossier%2Frecyclage%2Fchaine-recyclage-produit-produit-passant-dechet','Le+circuit+du+recyclage')\">Le circuit du recyclage<\/a><\/em><br><\/figcaption><\/figure>\n\n\n\n<figure class=\"wp-block-audio\"><audio controls src=\"http:\/\/projetscitoyens.francas71.org\/wp-content\/uploads\/2023\/06\/5A-Lina-Lena-panneaux.mp3\"><\/audio><figcaption><strong>Groupe 2 : Lina et Lena<\/strong><br><em><a href=\"https:\/\/expertises.ademe.fr\/energies\/energies-renouvelables-enr-production-reseaux-stockage\/passer-a-laction\/produire-lelectricite\/solaire-photovoltaique\" onclick=\"return TrackClick('https%3A%2F%2Fexpertises.ademe.fr%2Fenergies%2Fenergies-renouvelables-enr-production-reseaux-stockage%2Fpasser-a-laction%2Fproduire-lelectricite%2Fsolaire-photovoltaique','Les+panneaux+solaires')\">Les panneaux solaires<\/a><\/em><\/figcaption><\/figure>\n\n\n\n<figure class=\"wp-block-audio\"><audio controls src=\"http:\/\/projetscitoyens.francas71.org\/wp-content\/uploads\/2023\/06\/5A-Lilie-Anna-Lounes-Timothe-seconde-main.mp3\"><\/audio><figcaption><strong>Groupe 3 : Lilie, Anna, Lounes et Timoth\u00e9<\/strong><br><em><a href=\"https:\/\/expertises.ademe.fr\/expertises\/developpement-durable\/education-developpement-durable\/sensibiliser-eleves-etudiants\/dossier\/lenseignement-primaire\/guides-pedagogiques-animer-classe\" onclick=\"return TrackClick('https%3A%2F%2Fexpertises.ademe.fr%2Fexpertises%2Fdeveloppement-durable%2Feducation-developpement-durable%2Fsensibiliser-eleves-etudiants%2Fdossier%2Flenseignement-primaire%2Fguides-pedagogiques-animer-classe','La+seconde+main')\">La seconde main<\/a><\/em><\/figcaption><\/figure>\n\n\n\n<figure class=\"wp-block-audio\"><audio controls src=\"http:\/\/projetscitoyens.francas71.org\/wp-content\/uploads\/2023\/06\/5A-Jules-Clementine-Arthur-agrivoltaisme.mp3\"><\/audio><figcaption><strong>Groupe 4 : Jules, Cl\u00e9mentine et Arthur<\/strong><br><em><a href=\"https:\/\/agrivoltaisme.fr\/\" onclick=\"return TrackClick('https%3A%2F%2Fagrivoltaisme.fr%2F','L%22agrivolta%C3%AFsme')\">L&rsquo;agrivolta\u00efsme<\/a><\/em><br><\/figcaption><\/figure>\n\n\n\n<figure class=\"wp-block-audio\"><audio controls src=\"http:\/\/projetscitoyens.francas71.org\/wp-content\/uploads\/2023\/06\/5A-Jade-Louise-Karine-vaisselle.mp3\"><\/audio><figcaption><strong>Groupe 5 : Jade, Louise et Karine<\/strong><br><em><a href=\"https:\/\/agirpourlatransition.ademe.fr\/particuliers\/\" onclick=\"return TrackClick('https%3A%2F%2Fagirpourlatransition.ademe.fr%2Fparticuliers%2F','les+%C3%A9nergies')\" onclick=\"return TrackClick('https%3A%2F%2Fagirpourlatransition.ademe.fr%2Fparticuliers%2F','La+vaisselle+jetable')\">La vaisselle jetable<\/a><\/em><\/figcaption><\/figure>\n\n\n\n<figure class=\"wp-block-audio\"><audio controls src=\"http:\/\/projetscitoyens.francas71.org\/wp-content\/uploads\/2023\/06\/5A-Jade-Charlotte-Esmee-Charles-energie.mp3\"><\/audio><figcaption><strong>Groupe 6 : Jade, Esm\u00e9e, Charlotte et Charles<\/strong><br><em><a href=\"https:\/\/agirpourlatransition.ademe.fr\/particuliers\/\" onclick=\"return TrackClick('https%3A%2F%2Fagirpourlatransition.ademe.fr%2Fparticuliers%2F','les+%C3%A9nergies')\" onclick=\"return TrackClick('https%3A%2F%2Fagirpourlatransition.ademe.fr%2Fparticuliers%2F','La+vaisselle+jetable')\">les \u00e9nergies<\/a><\/em><\/figcaption><\/figure>\n\n\n\n<figure class=\"wp-block-audio\"><audio controls src=\"http:\/\/projetscitoyens.francas71.org\/wp-content\/uploads\/2023\/06\/5A-Ismael-Antonin-Lou-Ann-voiture-electrique.mp3\"><\/audio><figcaption><strong>Groupe 7 : Isma\u00ebl, Antonin et Lou-Ann<\/strong><br><em><a href=\"https:\/\/agirpourlatransition.ademe.fr\/particuliers\/recherche?keyword=voiture+electrique&amp;sort_by=changed&amp;sort_order=DESC&amp;items_per_page=20\" onclick=\"return TrackClick('https%3A%2F%2Fagirpourlatransition.ademe.fr%2Fparticuliers%2Frecherche%3Fkeyword%3Dvoiture%2Belectrique%26amp%3Bsort_by%3Dchanged%26amp%3Bsort_order%3DDESC%26amp%3Bitems_per_page%3D20','La+voiture+%C3%A9lectrique')\">La voiture \u00e9lectrique<\/a><\/em><\/figcaption><\/figure>\n\n\n\n<figure class=\"wp-block-audio\"><audio controls src=\"http:\/\/projetscitoyens.francas71.org\/wp-content\/uploads\/2023\/06\/5A-esteban-simon-methanisation.mp3\"><\/audio><figcaption><strong>Groupe 8 : Esteban et Simon<\/strong><br><em><a href=\"https:\/\/expertises.ademe.fr\/economie-circulaire\/dechets\/passer-a-laction\/valorisation-organique\/methanisation\" onclick=\"return TrackClick('https%3A%2F%2Fexpertises.ademe.fr%2Feconomie-circulaire%2Fdechets%2Fpasser-a-laction%2Fvalorisation-organique%2Fmethanisation','La+m%C3%A9thanisation')\">La m\u00e9thanisation<\/a><\/em><\/figcaption><\/figure>\n\n\n\n<figure class=\"wp-block-audio\"><audio controls src=\"http:\/\/projetscitoyens.francas71.org\/wp-content\/uploads\/2023\/06\/5A-Aymen-Pauline-Noe-circuit-court.mp3\"><\/audio><figcaption><strong>Groupe 9 : Aymen, Pauline et No\u00e9<\/strong><br><em><a href=\"https:\/\/lecourtcircuit.fr\/index.php\" onclick=\"return TrackClick('https%3A%2F%2Flecourtcircuit.fr%2Findex.php','Le+circuit+court')\">Le circuit court<\/a><\/em><\/figcaption><\/figure>\n","protected":false},"excerpt":{"rendered":"<p>La classe de 5\u00e8meA du coll\u00e8ge Copernic de St Vallier (71) s&rsquo;est plong\u00e9e dans plusieurs formes d&rsquo;initiatives de d\u00e9veloppement durable. Des initiatives locales mais aussi globales. Par groupe de 2 \u00e0 5 les jeunes nous pr\u00e9sentent des domaines tr\u00e8s diff\u00e9rents comme le circuit court, les panneaux solaires, la m\u00e9thanisation.<\/p>\n","protected":false},"author":1,"featured_media":3696,"comment_status":"open","ping_status":"open","sticky":false,"template":"","format":"standard","meta":{"jetpack_post_was_ever_published":false,"_jetpack_newsletter_access":"","_jetpack_dont_email_post_to_subs":false,"_jetpack_newsletter_tier_id":0,"_jetpack_memberships_contains_paywalled_content":false,"_jetpack_memberships_contains_paid_content":false,"footnotes":"","jetpack_publicize_message":"","jetpack_publicize_feature_enabled":true,"jetpack_social_post_already_shared":true,"jetpack_social_options":{"image_generator_settings":{"template":"highway","enabled":false},"version":2}},"categories":[241,214],"tags":[332,331,123,289,333],"class_list":["post-3695","post","type-post","status-publish","format-standard","has-post-thumbnail","hentry","category-actualites","category-la-radio","tag-developpement-durable","tag-edd","tag-education","tag-environnement","tag-idees"],"jetpack_publicize_connections":[],"jetpack_featured_media_url":"https:\/\/i0.wp.com\/projetscitoyens.francas71.org\/wp-content\/uploads\/2023\/06\/ODD.jpg?fit=810%2C540","jetpack_sharing_enabled":true,"jetpack_shortlink":"https:\/\/wp.me\/p6M0zG-XB","jetpack-related-posts":[],"jetpack_likes_enabled":true,"_links":{"self":[{"href":"http:\/\/projetscitoyens.francas71.org\/index.php?rest_route=\/wp\/v2\/posts\/3695"}],"collection":[{"href":"http:\/\/projetscitoyens.francas71.org\/index.php?rest_route=\/wp\/v2\/posts"}],"about":[{"href":"http:\/\/projetscitoyens.francas71.org\/index.php?rest_route=\/wp\/v2\/types\/post"}],"author":[{"embeddable":true,"href":"http:\/\/projetscitoyens.francas71.org\/index.php?rest_route=\/wp\/v2\/users\/1"}],"replies":[{"embeddable":true,"href":"http:\/\/projetscitoyens.francas71.org\/index.php?rest_route=%2Fwp%2Fv2%2Fcomments&post=3695"}],"version-history":[{"count":1,"href":"http:\/\/projetscitoyens.francas71.org\/index.php?rest_route=\/wp\/v2\/posts\/3695\/revisions"}],"predecessor-version":[{"id":3697,"href":"http:\/\/projetscitoyens.francas71.org\/index.php?rest_route=\/wp\/v2\/posts\/3695\/revisions\/3697"}],"wp:featuredmedia":[{"embeddable":true,"href":"http:\/\/projetscitoyens.francas71.org\/index.php?rest_route=\/wp\/v2\/media\/3696"}],"wp:attachment":[{"href":"http:\/\/projetscitoyens.francas71.org\/index.php?rest_route=%2Fwp%2Fv2%2Fmedia&parent=3695"}],"wp:term":[{"taxonomy":"category","embeddable":true,"href":"http:\/\/projetscitoyens.francas71.org\/index.php?rest_route=%2Fwp%2Fv2%2Fcategories&post=3695"},{"taxonomy":"post_tag","embeddable":true,"href":"http:\/\/projetscitoyens.francas71.org\/index.php?rest_route=%2Fwp%2Fv2%2Ftags&post=3695"}],"curies":[{"name":"wp","href":"https:\/\/api.w.org\/{rel}","templated":true}]}}