{"id":3700,"date":"2023-07-13T10:13:01","date_gmt":"2023-07-13T09:13:01","guid":{"rendered":"http:\/\/projetscitoyens.francas71.org\/?p=3700"},"modified":"2023-07-13T10:13:01","modified_gmt":"2023-07-13T09:13:01","slug":"cest-mon-patrimoine-abbaye-de-cluny","status":"publish","type":"post","link":"http:\/\/projetscitoyens.francas71.org\/?p=3700","title":{"rendered":"C&rsquo;est Mon Patrimoine &#8211; Abbaye de Cluny"},"content":{"rendered":"\n<h3 class=\"wp-block-heading\">L&rsquo;action de sensibilisation et de d\u00e9couverte du patrimoine se renouv\u00e8le cette ann\u00e9e 2023 \u00e0 l<a href=\"https:\/\/www.cluny-abbaye.fr\/\" onclick=\"return TrackClick('https%3A%2F%2Fwww.cluny-abbaye.fr%2F','%22Abbaye+de+Cluny')\">&lsquo;Abbaye de Cluny<\/a>. Un triple partenariat entre l&rsquo;Abbaye, l&rsquo;association du clunisois <a href=\"https:\/\/lachahutte.fr\/\" onclick=\"return TrackClick('https%3A%2F%2Flachahutte.fr%2F','la+Chahutte')\">la Chahutte <\/a>et les Francas de Sa\u00f4ne et Loire.<\/h3>\n\n\n\n<p>Sept jours d&rsquo;accueil de groupes d&rsquo;enfants et de jeunes, du mercredi 12 au vendredi 21 juillet. Sept journ\u00e9es compos\u00e9es de deux formes d&rsquo;animation artistique et culturelle : un grand jeu de piste en matin\u00e9e pour parcourir le site et aborder son histoire, des ateliers artistiques en apr\u00e8s-midi pour s&rsquo;exprimer sur la journ\u00e9e et le site.<\/p>\n\n\n\n<p>Une action qui s&rsquo;inscrit aussi dans l&rsquo;action nationale \u00ab\u00a0<a href=\"https:\/\/www.culture.gouv.fr\/Nous-connaitre\/Evenements-nationaux\/Ete-culturel\" onclick=\"return TrackClick('https%3A%2F%2Fwww.culture.gouv.fr%2FNous-connaitre%2FEvenements-nationaux%2FEte-culturel','un+%C3%A9t%C3%A9+culturel')\">un \u00e9t\u00e9 culturel<\/a>\u00ab\u00a0<\/p>\n\n\n\n<p>Une premi\u00e8re interview de trois personnes acteurs de cette action :<br>> Elsa Trouche pour l&rsquo;association de la Chahutte<br>> Julien Costa, animateur<br>> Didier Rodet, pour l&rsquo;association des Francas<\/p>\n\n\n\n<figure class=\"wp-block-audio\"><audio controls src=\"http:\/\/projetscitoyens.francas71.org\/wp-content\/uploads\/2023\/07\/J01-mercredi-12-juillet-ITW-Didier-Julien-Elsa.mp3\"><\/audio><\/figure>\n\n\n\n<p><\/p>\n","protected":false},"excerpt":{"rendered":"<p>L&rsquo;action de sensibilisation et de d\u00e9couverte du patrimoine se renouv\u00e8le cette ann\u00e9e 2023 \u00e0 l&lsquo;Abbaye de Cluny. Un triple partenariat entre l&rsquo;Abbaye, l&rsquo;association du clunisois la Chahutte et les Francas de Sa\u00f4ne et Loire. Sept jours d&rsquo;accueil de groupes d&rsquo;enfants et de jeunes, du mercredi 12 au vendredi 21 juillet. Sept journ\u00e9es compos\u00e9es de deux formes d&rsquo;animation artistique et culturelle : un grand jeu de piste en matin\u00e9e pour parcourir le site et aborder son histoire, des ateliers artistiques en&#8230;<\/p>\n<p class=\"read-more\"><a class=\"btn btn-default\" href=\"http:\/\/projetscitoyens.francas71.org\/?p=3700\" onclick=\"return TrackClick('http%3A%2F%2Fprojetscitoyens.francas71.org%2F%3Fp%3D3700','Lire+la+suite+Lire+la+suite')\">Lire la suite<span class=\"screen-reader-text\"> Lire la suite<\/span><\/a><\/p>\n","protected":false},"author":1,"featured_media":3703,"comment_status":"open","ping_status":"open","sticky":false,"template":"","format":"standard","meta":{"jetpack_post_was_ever_published":false,"_jetpack_newsletter_access":"","_jetpack_dont_email_post_to_subs":false,"_jetpack_newsletter_tier_id":0,"_jetpack_memberships_contains_paywalled_content":false,"_jetpack_memberships_contains_paid_content":false,"footnotes":"","jetpack_publicize_message":"","jetpack_publicize_feature_enabled":true,"jetpack_social_post_already_shared":true,"jetpack_social_options":{"image_generator_settings":{"template":"highway","enabled":false},"version":2}},"categories":[214],"tags":[130,335,334,222,212],"class_list":["post-3700","post","type-post","status-publish","format-standard","has-post-thumbnail","hentry","category-la-radio","tag-cluny","tag-culture","tag-education-populaire","tag-ete","tag-patrimoine"],"jetpack_publicize_connections":[],"jetpack_featured_media_url":"https:\/\/i0.wp.com\/projetscitoyens.francas71.org\/wp-content\/uploads\/2023\/07\/20201204154910000000_pas_2286.jpg?fit=1000%2C500","jetpack_sharing_enabled":true,"jetpack_shortlink":"https:\/\/wp.me\/p6M0zG-XG","jetpack-related-posts":[],"jetpack_likes_enabled":true,"_links":{"self":[{"href":"http:\/\/projetscitoyens.francas71.org\/index.php?rest_route=\/wp\/v2\/posts\/3700"}],"collection":[{"href":"http:\/\/projetscitoyens.francas71.org\/index.php?rest_route=\/wp\/v2\/posts"}],"about":[{"href":"http:\/\/projetscitoyens.francas71.org\/index.php?rest_route=\/wp\/v2\/types\/post"}],"author":[{"embeddable":true,"href":"http:\/\/projetscitoyens.francas71.org\/index.php?rest_route=\/wp\/v2\/users\/1"}],"replies":[{"embeddable":true,"href":"http:\/\/projetscitoyens.francas71.org\/index.php?rest_route=%2Fwp%2Fv2%2Fcomments&post=3700"}],"version-history":[{"count":1,"href":"http:\/\/projetscitoyens.francas71.org\/index.php?rest_route=\/wp\/v2\/posts\/3700\/revisions"}],"predecessor-version":[{"id":3702,"href":"http:\/\/projetscitoyens.francas71.org\/index.php?rest_route=\/wp\/v2\/posts\/3700\/revisions\/3702"}],"wp:featuredmedia":[{"embeddable":true,"href":"http:\/\/projetscitoyens.francas71.org\/index.php?rest_route=\/wp\/v2\/media\/3703"}],"wp:attachment":[{"href":"http:\/\/projetscitoyens.francas71.org\/index.php?rest_route=%2Fwp%2Fv2%2Fmedia&parent=3700"}],"wp:term":[{"taxonomy":"category","embeddable":true,"href":"http:\/\/projetscitoyens.francas71.org\/index.php?rest_route=%2Fwp%2Fv2%2Fcategories&post=3700"},{"taxonomy":"post_tag","embeddable":true,"href":"http:\/\/projetscitoyens.francas71.org\/index.php?rest_route=%2Fwp%2Fv2%2Ftags&post=3700"}],"curies":[{"name":"wp","href":"https:\/\/api.w.org\/{rel}","templated":true}]}}