{"id":3718,"date":"2023-07-19T14:05:18","date_gmt":"2023-07-19T13:05:18","guid":{"rendered":"http:\/\/projetscitoyens.francas71.org\/?p=3718"},"modified":"2023-07-19T14:05:41","modified_gmt":"2023-07-19T13:05:41","slug":"des-stagiaires-en-chansons","status":"publish","type":"post","link":"http:\/\/projetscitoyens.francas71.org\/?p=3718","title":{"rendered":"des stagiaires en chansons"},"content":{"rendered":"\n<h3 class=\"has-luminous-vivid-orange-color has-text-color wp-block-heading\">Stage BAFA de formation g\u00e9n\u00e9rale \u00e0 Matour sur la fin du mois de juin, des stagiaires d\u00e9couvrent le studio d&rsquo;enregistrement radio et s&rsquo;amusent \u00e0 chanter !<\/h3>\n\n\n\n<p>Petit moment de rigolade mais aussi des bonnes surprises<\/p>\n\n\n\n<figure class=\"wp-block-audio\"><audio controls src=\"http:\/\/projetscitoyens.francas71.org\/wp-content\/uploads\/2023\/07\/stage-bafa-Matour-sucette.mp3\"><\/audio><figcaption>des sucettes<\/figcaption><\/figure>\n\n\n\n<figure class=\"wp-block-audio\"><audio controls src=\"http:\/\/projetscitoyens.francas71.org\/wp-content\/uploads\/2023\/07\/stage-bafa-Matour-samedi-soir.mp3\"><\/audio><figcaption>un samedi soir<\/figcaption><\/figure>\n\n\n\n<figure class=\"wp-block-audio\"><audio controls src=\"http:\/\/projetscitoyens.francas71.org\/wp-content\/uploads\/2023\/07\/stage-bafa-Matour-rever.mp3\"><\/audio><figcaption>Nos r\u00eaves<\/figcaption><\/figure>\n\n\n\n<figure class=\"wp-block-audio\"><audio controls src=\"http:\/\/projetscitoyens.francas71.org\/wp-content\/uploads\/2023\/07\/stage-bafa-Matour-rap.mp3\"><\/audio><figcaption>un rap<\/figcaption><\/figure>\n\n\n\n<figure class=\"wp-block-audio\"><audio controls><\/audio><\/figure>\n\n\n\n<figure class=\"wp-block-audio\"><audio controls src=\"http:\/\/projetscitoyens.francas71.org\/wp-content\/uploads\/2023\/07\/stage-bafa-Matour-Nagawika.mp3\"><\/audio><figcaption>Nagawika<br><\/figcaption><\/figure>\n\n\n\n<figure class=\"wp-block-audio\"><audio controls src=\"http:\/\/projetscitoyens.francas71.org\/wp-content\/uploads\/2023\/07\/stage-bafa-Matour-libere.mp3\"><\/audio><figcaption>Lib\u00e9r\u00e9e, d\u00e9livr\u00e9e<\/figcaption><\/figure>\n\n\n\n<figure class=\"wp-block-audio\"><audio controls src=\"http:\/\/projetscitoyens.francas71.org\/wp-content\/uploads\/2023\/07\/stage-bafa-Matour-le-vent.mp3\"><\/audio><figcaption>Le vent<\/figcaption><\/figure>\n\n\n\n<figure class=\"wp-block-audio\"><audio controls src=\"http:\/\/projetscitoyens.francas71.org\/wp-content\/uploads\/2023\/07\/stage-bafa-Matour-la-famille-tortue.mp3\"><\/audio><figcaption>la famille tortue<\/figcaption><\/figure>\n\n\n\n<figure class=\"wp-block-audio\"><audio controls src=\"http:\/\/projetscitoyens.francas71.org\/wp-content\/uploads\/2023\/07\/stage-bafa-Matour-la-coupe.mp3\"><\/audio><figcaption>la coupe<\/figcaption><\/figure>\n\n\n\n<figure class=\"wp-block-audio\"><audio controls src=\"http:\/\/projetscitoyens.francas71.org\/wp-content\/uploads\/2023\/07\/stage-bafa-Matour-crocodiles.mp3\"><\/audio><figcaption>les crocodiles<\/figcaption><\/figure>\n\n\n\n<figure class=\"wp-block-audio\"><audio controls src=\"http:\/\/projetscitoyens.francas71.org\/wp-content\/uploads\/2023\/07\/stage-bafa-Matour-connemara.mp3\"><\/audio><figcaption>le Connemara<\/figcaption><\/figure>\n\n\n\n<figure class=\"wp-block-audio\"><audio controls src=\"http:\/\/projetscitoyens.francas71.org\/wp-content\/uploads\/2023\/07\/stage-bafa-Matour-balance.mp3\"><\/audio><figcaption>Balance<\/figcaption><\/figure>\n\n\n\n<figure class=\"wp-block-audio\"><audio controls src=\"http:\/\/projetscitoyens.francas71.org\/wp-content\/uploads\/2023\/07\/stage-bafa-Matour-aventurier.mp3\"><\/audio><figcaption>l&rsquo;aventurier<\/figcaption><\/figure>\n\n\n\n<figure class=\"wp-block-audio\"><audio controls src=\"http:\/\/projetscitoyens.francas71.org\/wp-content\/uploads\/2023\/07\/stage-bafa-Matour-aime-a-mourir.mp3\"><\/audio><figcaption>je l&rsquo;aime \u00e0 mourir<\/figcaption><\/figure>\n","protected":false},"excerpt":{"rendered":"<p>Stage BAFA de formation g\u00e9n\u00e9rale \u00e0 Matour sur la fin du mois de juin, des stagiaires d\u00e9couvrent le studio d&rsquo;enregistrement radio et s&rsquo;amusent \u00e0 chanter ! Petit moment de rigolade mais aussi des bonnes surprises<\/p>\n","protected":false},"author":1,"featured_media":3372,"comment_status":"open","ping_status":"open","sticky":false,"template":"","format":"standard","meta":{"jetpack_post_was_ever_published":false,"_jetpack_newsletter_access":"","_jetpack_dont_email_post_to_subs":false,"_jetpack_newsletter_tier_id":0,"_jetpack_memberships_contains_paywalled_content":false,"_jetpack_memberships_contains_paid_content":false,"footnotes":"","jetpack_publicize_message":"","jetpack_publicize_feature_enabled":true,"jetpack_social_post_already_shared":true,"jetpack_social_options":{"image_generator_settings":{"template":"highway","enabled":false},"version":2}},"categories":[214],"tags":[200,204,72,336],"class_list":["post-3718","post","type-post","status-publish","format-standard","has-post-thumbnail","hentry","category-la-radio","tag-bafa","tag-chanson","tag-jeunes","tag-parole"],"jetpack_publicize_connections":[],"jetpack_featured_media_url":"https:\/\/i0.wp.com\/projetscitoyens.francas71.org\/wp-content\/uploads\/2021\/08\/generique.jpg?fit=889%2C500","jetpack_sharing_enabled":true,"jetpack_shortlink":"https:\/\/wp.me\/p6M0zG-XY","jetpack-related-posts":[],"jetpack_likes_enabled":true,"_links":{"self":[{"href":"http:\/\/projetscitoyens.francas71.org\/index.php?rest_route=\/wp\/v2\/posts\/3718"}],"collection":[{"href":"http:\/\/projetscitoyens.francas71.org\/index.php?rest_route=\/wp\/v2\/posts"}],"about":[{"href":"http:\/\/projetscitoyens.francas71.org\/index.php?rest_route=\/wp\/v2\/types\/post"}],"author":[{"embeddable":true,"href":"http:\/\/projetscitoyens.francas71.org\/index.php?rest_route=\/wp\/v2\/users\/1"}],"replies":[{"embeddable":true,"href":"http:\/\/projetscitoyens.francas71.org\/index.php?rest_route=%2Fwp%2Fv2%2Fcomments&post=3718"}],"version-history":[{"count":3,"href":"http:\/\/projetscitoyens.francas71.org\/index.php?rest_route=\/wp\/v2\/posts\/3718\/revisions"}],"predecessor-version":[{"id":3721,"href":"http:\/\/projetscitoyens.francas71.org\/index.php?rest_route=\/wp\/v2\/posts\/3718\/revisions\/3721"}],"wp:featuredmedia":[{"embeddable":true,"href":"http:\/\/projetscitoyens.francas71.org\/index.php?rest_route=\/wp\/v2\/media\/3372"}],"wp:attachment":[{"href":"http:\/\/projetscitoyens.francas71.org\/index.php?rest_route=%2Fwp%2Fv2%2Fmedia&parent=3718"}],"wp:term":[{"taxonomy":"category","embeddable":true,"href":"http:\/\/projetscitoyens.francas71.org\/index.php?rest_route=%2Fwp%2Fv2%2Fcategories&post=3718"},{"taxonomy":"post_tag","embeddable":true,"href":"http:\/\/projetscitoyens.francas71.org\/index.php?rest_route=%2Fwp%2Fv2%2Ftags&post=3718"}],"curies":[{"name":"wp","href":"https:\/\/api.w.org\/{rel}","templated":true}]}}