{"id":3741,"date":"2023-07-21T14:56:20","date_gmt":"2023-07-21T13:56:20","guid":{"rendered":"http:\/\/projetscitoyens.francas71.org\/?p=3741"},"modified":"2023-07-21T14:56:20","modified_gmt":"2023-07-21T13:56:20","slug":"cest-mon-patrimoine-le-centre-social-de-cluny-en-visite","status":"publish","type":"post","link":"http:\/\/projetscitoyens.francas71.org\/?p=3741","title":{"rendered":"C&rsquo;est Mon Patrimoine &#8211; le centre social de Cluny en visite"},"content":{"rendered":"\n<h3 class=\"has-vivid-red-color has-text-color wp-block-heading\">Lundi 17 juillet, un groupe d&rsquo;enfants et de parents est venu sur le site de <a href=\"https:\/\/www.cluny-abbaye.fr\/\" onclick=\"return TrackClick('https%3A%2F%2Fwww.cluny-abbaye.fr%2F','l%22Abbaye+de+Cluny')\">l&rsquo;Abbaye de Cluny<\/a> avec le centre social de la commune. Une journ\u00e9e pour d\u00e9couvrir l&rsquo;Abbaye autrement<\/h3>\n\n\n\n<p>La matin\u00e9e consacr\u00e9e au jeu de piste sur les traces du moine Gunzo, puis dans l&rsquo;apr\u00e8s-midi des ateliers d&rsquo;expression pour raconter et slammer !<\/p>\n\n\n\n<p>Avec notamment le passage sur le plateau radio pour enregistrer plusieurs podcasts, \u00e0 \u00e9couter sans mod\u00e9ration<\/p>\n\n\n\n<figure class=\"wp-block-audio\"><audio controls src=\"http:\/\/projetscitoyens.francas71.org\/wp-content\/uploads\/2023\/07\/Cluny-centre-social-Lundi-2eme-groupe.mp3\"><\/audio><figcaption><br><\/figcaption><\/figure>\n\n\n\n<figure class=\"wp-block-audio\"><audio controls src=\"http:\/\/projetscitoyens.francas71.org\/wp-content\/uploads\/2023\/07\/Cluny-centre-social-Lundi-2eme-groupe-4.mp3\"><\/audio><figcaption><br><\/figcaption><\/figure>\n\n\n\n<figure class=\"wp-block-audio\"><audio controls src=\"http:\/\/projetscitoyens.francas71.org\/wp-content\/uploads\/2023\/07\/Cluny-centre-social-Lundi-1er-groupe.mp3\"><\/audio><\/figure>\n","protected":false},"excerpt":{"rendered":"<p>Lundi 17 juillet, un groupe d&rsquo;enfants et de parents est venu sur le site de l&rsquo;Abbaye de Cluny avec le centre social de la commune. Une journ\u00e9e pour d\u00e9couvrir l&rsquo;Abbaye autrement La matin\u00e9e consacr\u00e9e au jeu de piste sur les traces du moine Gunzo, puis dans l&rsquo;apr\u00e8s-midi des ateliers d&rsquo;expression pour raconter et slammer ! Avec notamment le passage sur le plateau radio pour enregistrer plusieurs podcasts, \u00e0 \u00e9couter sans mod\u00e9ration<\/p>\n","protected":false},"author":1,"featured_media":3742,"comment_status":"open","ping_status":"open","sticky":false,"template":"","format":"standard","meta":{"jetpack_post_was_ever_published":false,"_jetpack_newsletter_access":"","_jetpack_dont_email_post_to_subs":false,"_jetpack_newsletter_tier_id":0,"_jetpack_memberships_contains_paywalled_content":false,"_jetpack_memberships_contains_paid_content":false,"footnotes":"","jetpack_publicize_message":"","jetpack_publicize_feature_enabled":true,"jetpack_social_post_already_shared":true,"jetpack_social_options":{"image_generator_settings":{"template":"highway","enabled":false},"version":2}},"categories":[240,214],"tags":[337,173,130,335,212],"class_list":["post-3741","post","type-post","status-publish","format-standard","has-post-thumbnail","hentry","category-cest-mon-patrimoire-cluny","category-la-radio","tag-abbaye","tag-citoyen","tag-cluny","tag-culture","tag-patrimoine"],"jetpack_publicize_connections":[],"jetpack_featured_media_url":"https:\/\/i0.wp.com\/projetscitoyens.francas71.org\/wp-content\/uploads\/2023\/07\/cmp.jpg?fit=267%2C150","jetpack_sharing_enabled":true,"jetpack_shortlink":"https:\/\/wp.me\/p6M0zG-Yl","jetpack-related-posts":[],"jetpack_likes_enabled":true,"_links":{"self":[{"href":"http:\/\/projetscitoyens.francas71.org\/index.php?rest_route=\/wp\/v2\/posts\/3741"}],"collection":[{"href":"http:\/\/projetscitoyens.francas71.org\/index.php?rest_route=\/wp\/v2\/posts"}],"about":[{"href":"http:\/\/projetscitoyens.francas71.org\/index.php?rest_route=\/wp\/v2\/types\/post"}],"author":[{"embeddable":true,"href":"http:\/\/projetscitoyens.francas71.org\/index.php?rest_route=\/wp\/v2\/users\/1"}],"replies":[{"embeddable":true,"href":"http:\/\/projetscitoyens.francas71.org\/index.php?rest_route=%2Fwp%2Fv2%2Fcomments&post=3741"}],"version-history":[{"count":1,"href":"http:\/\/projetscitoyens.francas71.org\/index.php?rest_route=\/wp\/v2\/posts\/3741\/revisions"}],"predecessor-version":[{"id":3743,"href":"http:\/\/projetscitoyens.francas71.org\/index.php?rest_route=\/wp\/v2\/posts\/3741\/revisions\/3743"}],"wp:featuredmedia":[{"embeddable":true,"href":"http:\/\/projetscitoyens.francas71.org\/index.php?rest_route=\/wp\/v2\/media\/3742"}],"wp:attachment":[{"href":"http:\/\/projetscitoyens.francas71.org\/index.php?rest_route=%2Fwp%2Fv2%2Fmedia&parent=3741"}],"wp:term":[{"taxonomy":"category","embeddable":true,"href":"http:\/\/projetscitoyens.francas71.org\/index.php?rest_route=%2Fwp%2Fv2%2Fcategories&post=3741"},{"taxonomy":"post_tag","embeddable":true,"href":"http:\/\/projetscitoyens.francas71.org\/index.php?rest_route=%2Fwp%2Fv2%2Ftags&post=3741"}],"curies":[{"name":"wp","href":"https:\/\/api.w.org\/{rel}","templated":true}]}}