{"id":3748,"date":"2023-08-02T07:49:48","date_gmt":"2023-08-02T06:49:48","guid":{"rendered":"http:\/\/projetscitoyens.francas71.org\/?p=3748"},"modified":"2023-08-02T07:49:48","modified_gmt":"2023-08-02T06:49:48","slug":"cest-mon-patrimoine-le-centre-culturel-et-social-de-cuiseaux-en-visite","status":"publish","type":"post","link":"http:\/\/projetscitoyens.francas71.org\/?p=3748","title":{"rendered":"C&rsquo;EST MON PATRIMOINE &#8211; LE CENTRE CULTUREL ET SOCIAL DE CUISEAUX EN VISITE"},"content":{"rendered":"\n<h3 class=\"has-vivid-purple-color has-text-color wp-block-heading\">Mardi 18 juillet, un groupe d&rsquo;enfants du centre de loisirs du <a href=\"https:\/\/www.centrecultureletsocial71.fr\/\" onclick=\"return TrackClick('https%3A%2F%2Fwww.centrecultureletsocial71.fr%2F','centre+culturel+et+social+de+Cuiseaux')\">centre culturel et social de Cuiseaux<\/a> passe la journ\u00e9e \u00e0 l&rsquo;Abbaye de Cluny pour d\u00e9couvrir le lieu autrement.<\/h3>\n\n\n\n<p>Un jeu de piste le matin, puis une apr\u00e8s-midi compos\u00e9e d&rsquo;ateliers en alternance : slam avec Marie de l&rsquo;association <a href=\"https:\/\/lachahutte.fr\/\" onclick=\"return TrackClick('https%3A%2F%2Flachahutte.fr%2F','la+Chahutte')\">la Chahutte<\/a>, radio avec Julien et Jacky des Francas de Sa\u00f4ne et Loire.<\/p>\n\n\n\n<p>Et au final des podcasts audio pour relater cette journ\u00e9e<\/p>\n\n\n\n<figure class=\"wp-block-audio\"><audio controls src=\"http:\/\/projetscitoyens.francas71.org\/wp-content\/uploads\/2023\/08\/Mardi-2eme-groupe-bruitage.mp3\"><\/audio><figcaption>Un podcast pour raconter une histoire en sons<br><\/figcaption><\/figure>\n\n\n\n<figure class=\"wp-block-audio\"><audio controls src=\"http:\/\/projetscitoyens.francas71.org\/wp-content\/uploads\/2023\/08\/Mardi-1er-groupe.mp3\"><\/audio><figcaption>Un podcast pour parler de sa journ\u00e9e<br><\/figcaption><\/figure>\n\n\n\n<figure class=\"wp-block-audio\"><audio controls src=\"http:\/\/projetscitoyens.francas71.org\/wp-content\/uploads\/2023\/08\/Mardi-1er-groupe-debrifing.mp3\"><\/audio><figcaption>Un podcast pour \u00e9changer<br><\/figcaption><\/figure>\n","protected":false},"excerpt":{"rendered":"<p>Mardi 18 juillet, un groupe d&rsquo;enfants du centre de loisirs du centre culturel et social de Cuiseaux passe la journ\u00e9e \u00e0 l&rsquo;Abbaye de Cluny pour d\u00e9couvrir le lieu autrement. Un jeu de piste le matin, puis une apr\u00e8s-midi compos\u00e9e d&rsquo;ateliers en alternance : slam avec Marie de l&rsquo;association la Chahutte, radio avec Julien et Jacky des Francas de Sa\u00f4ne et Loire. Et au final des podcasts audio pour relater cette journ\u00e9e<\/p>\n","protected":false},"author":1,"featured_media":3749,"comment_status":"open","ping_status":"open","sticky":false,"template":"","format":"standard","meta":{"jetpack_post_was_ever_published":false,"_jetpack_newsletter_access":"","_jetpack_dont_email_post_to_subs":false,"_jetpack_newsletter_tier_id":0,"_jetpack_memberships_contains_paywalled_content":false,"_jetpack_memberships_contains_paid_content":false,"footnotes":"","jetpack_publicize_message":"","jetpack_publicize_feature_enabled":true,"jetpack_social_post_already_shared":true,"jetpack_social_options":{"image_generator_settings":{"template":"highway","enabled":false},"version":2}},"categories":[240,214],"tags":[339,338,243,123,287,212],"class_list":["post-3748","post","type-post","status-publish","format-standard","has-post-thumbnail","hentry","category-cest-mon-patrimoire-cluny","category-la-radio","tag-bruitage","tag-centre-social","tag-cuiseaux","tag-education","tag-imagination","tag-patrimoine"],"jetpack_publicize_connections":[],"jetpack_featured_media_url":"https:\/\/i0.wp.com\/projetscitoyens.francas71.org\/wp-content\/uploads\/2023\/08\/Image1.jpg?fit=239%2C200","jetpack_sharing_enabled":true,"jetpack_shortlink":"https:\/\/wp.me\/p6M0zG-Ys","jetpack-related-posts":[],"jetpack_likes_enabled":true,"_links":{"self":[{"href":"http:\/\/projetscitoyens.francas71.org\/index.php?rest_route=\/wp\/v2\/posts\/3748"}],"collection":[{"href":"http:\/\/projetscitoyens.francas71.org\/index.php?rest_route=\/wp\/v2\/posts"}],"about":[{"href":"http:\/\/projetscitoyens.francas71.org\/index.php?rest_route=\/wp\/v2\/types\/post"}],"author":[{"embeddable":true,"href":"http:\/\/projetscitoyens.francas71.org\/index.php?rest_route=\/wp\/v2\/users\/1"}],"replies":[{"embeddable":true,"href":"http:\/\/projetscitoyens.francas71.org\/index.php?rest_route=%2Fwp%2Fv2%2Fcomments&post=3748"}],"version-history":[{"count":1,"href":"http:\/\/projetscitoyens.francas71.org\/index.php?rest_route=\/wp\/v2\/posts\/3748\/revisions"}],"predecessor-version":[{"id":3750,"href":"http:\/\/projetscitoyens.francas71.org\/index.php?rest_route=\/wp\/v2\/posts\/3748\/revisions\/3750"}],"wp:featuredmedia":[{"embeddable":true,"href":"http:\/\/projetscitoyens.francas71.org\/index.php?rest_route=\/wp\/v2\/media\/3749"}],"wp:attachment":[{"href":"http:\/\/projetscitoyens.francas71.org\/index.php?rest_route=%2Fwp%2Fv2%2Fmedia&parent=3748"}],"wp:term":[{"taxonomy":"category","embeddable":true,"href":"http:\/\/projetscitoyens.francas71.org\/index.php?rest_route=%2Fwp%2Fv2%2Fcategories&post=3748"},{"taxonomy":"post_tag","embeddable":true,"href":"http:\/\/projetscitoyens.francas71.org\/index.php?rest_route=%2Fwp%2Fv2%2Ftags&post=3748"}],"curies":[{"name":"wp","href":"https:\/\/api.w.org\/{rel}","templated":true}]}}