{"id":3751,"date":"2023-08-02T08:02:13","date_gmt":"2023-08-02T07:02:13","guid":{"rendered":"http:\/\/projetscitoyens.francas71.org\/?p=3751"},"modified":"2023-08-02T08:07:49","modified_gmt":"2023-08-02T07:07:49","slug":"cest-mon-patrimoine-les-centres-de-loisirs-de-cluny-en-visite","status":"publish","type":"post","link":"http:\/\/projetscitoyens.francas71.org\/?p=3751","title":{"rendered":"C&rsquo;EST MON PATRIMOINE &#8211; LES CENTRES DE LOISIRS DE CLUNY EN VISITE"},"content":{"rendered":"\n<h3 class=\"has-very-dark-gray-color has-text-color wp-block-heading\">Mercredi 19 juillet, c&rsquo;est au tour des enfants des <a href=\"https:\/\/enclunisois.fr\/actions\/familles\/la-marelle-centre-de-loisirs\/\" onclick=\"return TrackClick('https%3A%2F%2Fenclunisois.fr%2Factions%2Ffamilles%2Fla-marelle-centre-de-loisirs%2F','centres+de+loisirs+de+la+communaut%C3%A9+de+communes+du+clunisois')\">centres de loisirs de la communaut\u00e9 de communes du clunisois<\/a> de venir passer la journ\u00e9e dans l&rsquo;Abbaye de Cluny.<\/h3>\n\n\n\n<p>Avec le jeu de piste du matin qui permet de errer dans le site de l&rsquo;Abbaye tout en recherchant des indices pour rassembler les pi\u00e8ces d&rsquo;un puzzle g\u00e9ant. Un puzzle reprenant une peinture d&rsquo;un moine ayant v\u00e9cu dans l&rsquo;Abbaye.<\/p>\n\n\n\n<p>Et dans l&rsquo;apr\u00e8s-midi, des petits ateliers pour s&rsquo;exprimer, pour cr\u00e9er, des histoires sonoris\u00e9es, des podcasts souvenirs. Avec Marie et Flore de l&rsquo;association <a href=\"https:\/\/lachahutte.fr\/\" onclick=\"return TrackClick('https%3A%2F%2Flachahutte.fr%2F','La+Chahutte')\">La Chahutte <\/a>de Cluny.<\/p>\n\n\n\n<figure class=\"wp-block-audio\"><audio controls src=\"http:\/\/projetscitoyens.francas71.org\/wp-content\/uploads\/2023\/07\/Mercredi-le-slam.mp3\"><\/audio><figcaption>Un groupe qui a produit des petits slams<br><\/figcaption><\/figure>\n\n\n\n<figure class=\"wp-block-audio\"><audio controls src=\"http:\/\/projetscitoyens.francas71.org\/wp-content\/uploads\/2023\/07\/Mercredi-le-reve-de-gounzo.mp3\"><\/audio><figcaption>Une histoire sonoris\u00e9e<br><\/figcaption><\/figure>\n\n\n\n<figure class=\"wp-block-audio\"><audio controls src=\"http:\/\/projetscitoyens.francas71.org\/wp-content\/uploads\/2023\/07\/Mercredi-2eme-groupe-La-Guiche.mp3\"><\/audio><figcaption>Un podcast pour raconter sa journ\u00e9e<br><\/figcaption><\/figure>\n\n\n\n<figure class=\"wp-block-audio\"><audio controls src=\"http:\/\/projetscitoyens.francas71.org\/wp-content\/uploads\/2023\/07\/Mercredi-1er-groupe.mp3\"><\/audio><figcaption>Un autre podcast pour raconter sa journ\u00e9e<\/figcaption><\/figure>\n","protected":false},"excerpt":{"rendered":"<p>Mercredi 19 juillet, c&rsquo;est au tour des enfants des centres de loisirs de la communaut\u00e9 de communes du clunisois de venir passer la journ\u00e9e dans l&rsquo;Abbaye de Cluny. Avec le jeu de piste du matin qui permet de errer dans le site de l&rsquo;Abbaye tout en recherchant des indices pour rassembler les pi\u00e8ces d&rsquo;un puzzle g\u00e9ant. Un puzzle reprenant une peinture d&rsquo;un moine ayant v\u00e9cu dans l&rsquo;Abbaye. Et dans l&rsquo;apr\u00e8s-midi, des petits ateliers pour s&rsquo;exprimer, pour cr\u00e9er, des histoires sonoris\u00e9es,&#8230;<\/p>\n<p class=\"read-more\"><a class=\"btn btn-default\" href=\"http:\/\/projetscitoyens.francas71.org\/?p=3751\" onclick=\"return TrackClick('http%3A%2F%2Fprojetscitoyens.francas71.org%2F%3Fp%3D3751','Lire+la+suite+Lire+la+suite')\">Lire la suite<span class=\"screen-reader-text\"> Lire la suite<\/span><\/a><\/p>\n","protected":false},"author":1,"featured_media":3749,"comment_status":"open","ping_status":"open","sticky":false,"template":"","format":"standard","meta":{"jetpack_post_was_ever_published":false,"_jetpack_newsletter_access":"","_jetpack_dont_email_post_to_subs":false,"_jetpack_newsletter_tier_id":0,"_jetpack_memberships_contains_paywalled_content":false,"_jetpack_memberships_contains_paid_content":false,"footnotes":"","jetpack_publicize_message":"","jetpack_publicize_feature_enabled":true,"jetpack_social_post_already_shared":true,"jetpack_social_options":{"image_generator_settings":{"template":"highway","enabled":false},"version":2}},"categories":[240,214],"tags":[340,123,53,222,71,212],"class_list":["post-3751","post","type-post","status-publish","format-standard","has-post-thumbnail","hentry","category-cest-mon-patrimoire-cluny","category-la-radio","tag-culturel","tag-education","tag-enfants","tag-ete","tag-jeu","tag-patrimoine"],"jetpack_publicize_connections":[],"jetpack_featured_media_url":"https:\/\/i0.wp.com\/projetscitoyens.francas71.org\/wp-content\/uploads\/2023\/08\/Image1.jpg?fit=239%2C200","jetpack_sharing_enabled":true,"jetpack_shortlink":"https:\/\/wp.me\/p6M0zG-Yv","jetpack-related-posts":[],"jetpack_likes_enabled":true,"_links":{"self":[{"href":"http:\/\/projetscitoyens.francas71.org\/index.php?rest_route=\/wp\/v2\/posts\/3751"}],"collection":[{"href":"http:\/\/projetscitoyens.francas71.org\/index.php?rest_route=\/wp\/v2\/posts"}],"about":[{"href":"http:\/\/projetscitoyens.francas71.org\/index.php?rest_route=\/wp\/v2\/types\/post"}],"author":[{"embeddable":true,"href":"http:\/\/projetscitoyens.francas71.org\/index.php?rest_route=\/wp\/v2\/users\/1"}],"replies":[{"embeddable":true,"href":"http:\/\/projetscitoyens.francas71.org\/index.php?rest_route=%2Fwp%2Fv2%2Fcomments&post=3751"}],"version-history":[{"count":3,"href":"http:\/\/projetscitoyens.francas71.org\/index.php?rest_route=\/wp\/v2\/posts\/3751\/revisions"}],"predecessor-version":[{"id":3754,"href":"http:\/\/projetscitoyens.francas71.org\/index.php?rest_route=\/wp\/v2\/posts\/3751\/revisions\/3754"}],"wp:featuredmedia":[{"embeddable":true,"href":"http:\/\/projetscitoyens.francas71.org\/index.php?rest_route=\/wp\/v2\/media\/3749"}],"wp:attachment":[{"href":"http:\/\/projetscitoyens.francas71.org\/index.php?rest_route=%2Fwp%2Fv2%2Fmedia&parent=3751"}],"wp:term":[{"taxonomy":"category","embeddable":true,"href":"http:\/\/projetscitoyens.francas71.org\/index.php?rest_route=%2Fwp%2Fv2%2Fcategories&post=3751"},{"taxonomy":"post_tag","embeddable":true,"href":"http:\/\/projetscitoyens.francas71.org\/index.php?rest_route=%2Fwp%2Fv2%2Ftags&post=3751"}],"curies":[{"name":"wp","href":"https:\/\/api.w.org\/{rel}","templated":true}]}}