{"id":3756,"date":"2023-08-02T08:21:12","date_gmt":"2023-08-02T07:21:12","guid":{"rendered":"http:\/\/projetscitoyens.francas71.org\/?p=3756"},"modified":"2023-08-02T08:21:12","modified_gmt":"2023-08-02T07:21:12","slug":"cest-mon-patrimoine-visite-du-centre-social-de-montchanin","status":"publish","type":"post","link":"http:\/\/projetscitoyens.francas71.org\/?p=3756","title":{"rendered":"C&rsquo;EST MON PATRIMOINE &#8211; VISITE DU CENTRE SOCIAL DE MONTCHANIN"},"content":{"rendered":"\n<h3 class=\"has-pale-pink-color has-text-color wp-block-heading\">Jeudi 20 juillet, un groupe d&rsquo;enfants et de parents du <a href=\"https:\/\/www.ville-montchanin.fr\/centre-social-espace-tuilerie\" onclick=\"return TrackClick('https%3A%2F%2Fwww.ville-montchanin.fr%2Fcentre-social-espace-tuilerie','centre+social+de+Montchanin')\">centre social de Montchanin<\/a>, dans le cadre d&rsquo;une sortie famille, passe la journ\u00e9e \u00e0 l&rsquo;Abbaye de Cluny<\/h3>\n\n\n\n<p>Un jeu de piste le matin permettant aux enfants et aux parents de chercher ensemble, de s&rsquo;aider, de partager leurs r\u00e9flexions autour des \u00e9nigmes. Puis un apr\u00e8s-midi en sons, en bruitage, en enregistrement audio, en slam, pour donner la parole aux enfants mais aussi aux adultes pr\u00e9sents. Des ateliers artistiques propos\u00e9s par <a href=\"https:\/\/lachahutte.fr\/\" onclick=\"return TrackClick('https%3A%2F%2Flachahutte.fr%2F','l%22association+La+Chahutte')\">l&rsquo;association La Chahutte<\/a> \u00e0 Cluny<\/p>\n\n\n\n<figure class=\"wp-block-audio\"><audio controls src=\"http:\/\/projetscitoyens.francas71.org\/wp-content\/uploads\/2023\/08\/Montchanin-centre-social-Jeudi-1er-groupe-bruitage-histoire.mp3\"><\/audio><figcaption>Une histoire sonoris\u00e9e<br><\/figcaption><\/figure>\n\n\n\n<figure class=\"wp-block-audio\"><audio controls src=\"http:\/\/projetscitoyens.francas71.org\/wp-content\/uploads\/2023\/07\/Jeudi-1er-groupe-slam-Claire-et-No\u00e9lia.mp3\"><\/audio><figcaption>Un slam de Claire et No\u00eblia<br><\/figcaption><\/figure>\n\n\n\n<figure class=\"wp-block-audio\"><audio controls src=\"http:\/\/projetscitoyens.francas71.org\/wp-content\/uploads\/2023\/07\/Jeudi-1er-groupe-Montchanin.mp3\"><\/audio><figcaption>Un podcast pour raconter sa journ\u00e9e<br><\/figcaption><\/figure>\n\n\n\n<figure class=\"wp-block-audio\"><audio controls src=\"http:\/\/projetscitoyens.francas71.org\/wp-content\/uploads\/2023\/07\/Jeudi-1er-groupe-bruitage-histoire.mp3\"><\/audio><figcaption>Une autre histoire sonoris\u00e9e<br><\/figcaption><\/figure>\n","protected":false},"excerpt":{"rendered":"<p>Jeudi 20 juillet, un groupe d&rsquo;enfants et de parents du centre social de Montchanin, dans le cadre d&rsquo;une sortie famille, passe la journ\u00e9e \u00e0 l&rsquo;Abbaye de Cluny Un jeu de piste le matin permettant aux enfants et aux parents de chercher ensemble, de s&rsquo;aider, de partager leurs r\u00e9flexions autour des \u00e9nigmes. Puis un apr\u00e8s-midi en sons, en bruitage, en enregistrement audio, en slam, pour donner la parole aux enfants mais aussi aux adultes pr\u00e9sents. Des ateliers artistiques propos\u00e9s par l&rsquo;association&#8230;<\/p>\n<p class=\"read-more\"><a class=\"btn btn-default\" href=\"http:\/\/projetscitoyens.francas71.org\/?p=3756\" onclick=\"return TrackClick('http%3A%2F%2Fprojetscitoyens.francas71.org%2F%3Fp%3D3756','Lire+la+suite+Lire+la+suite')\">Lire la suite<span class=\"screen-reader-text\"> Lire la suite<\/span><\/a><\/p>\n","protected":false},"author":1,"featured_media":3749,"comment_status":"open","ping_status":"open","sticky":false,"template":"","format":"standard","meta":{"jetpack_post_was_ever_published":false,"_jetpack_newsletter_access":"","_jetpack_dont_email_post_to_subs":false,"_jetpack_newsletter_tier_id":0,"_jetpack_memberships_contains_paywalled_content":false,"_jetpack_memberships_contains_paid_content":false,"footnotes":"","jetpack_publicize_message":"","jetpack_publicize_feature_enabled":true,"jetpack_social_post_already_shared":true,"jetpack_social_options":{"image_generator_settings":{"template":"highway","enabled":false},"version":2}},"categories":[240,214],"tags":[343,340,123,342,71,341],"class_list":["post-3756","post","type-post","status-publish","format-standard","has-post-thumbnail","hentry","category-cest-mon-patrimoire-cluny","category-la-radio","tag-art","tag-culturel","tag-education","tag-famille","tag-jeu","tag-social"],"jetpack_publicize_connections":[],"jetpack_featured_media_url":"https:\/\/i0.wp.com\/projetscitoyens.francas71.org\/wp-content\/uploads\/2023\/08\/Image1.jpg?fit=239%2C200","jetpack_sharing_enabled":true,"jetpack_shortlink":"https:\/\/wp.me\/p6M0zG-YA","jetpack-related-posts":[],"jetpack_likes_enabled":true,"_links":{"self":[{"href":"http:\/\/projetscitoyens.francas71.org\/index.php?rest_route=\/wp\/v2\/posts\/3756"}],"collection":[{"href":"http:\/\/projetscitoyens.francas71.org\/index.php?rest_route=\/wp\/v2\/posts"}],"about":[{"href":"http:\/\/projetscitoyens.francas71.org\/index.php?rest_route=\/wp\/v2\/types\/post"}],"author":[{"embeddable":true,"href":"http:\/\/projetscitoyens.francas71.org\/index.php?rest_route=\/wp\/v2\/users\/1"}],"replies":[{"embeddable":true,"href":"http:\/\/projetscitoyens.francas71.org\/index.php?rest_route=%2Fwp%2Fv2%2Fcomments&post=3756"}],"version-history":[{"count":1,"href":"http:\/\/projetscitoyens.francas71.org\/index.php?rest_route=\/wp\/v2\/posts\/3756\/revisions"}],"predecessor-version":[{"id":3757,"href":"http:\/\/projetscitoyens.francas71.org\/index.php?rest_route=\/wp\/v2\/posts\/3756\/revisions\/3757"}],"wp:featuredmedia":[{"embeddable":true,"href":"http:\/\/projetscitoyens.francas71.org\/index.php?rest_route=\/wp\/v2\/media\/3749"}],"wp:attachment":[{"href":"http:\/\/projetscitoyens.francas71.org\/index.php?rest_route=%2Fwp%2Fv2%2Fmedia&parent=3756"}],"wp:term":[{"taxonomy":"category","embeddable":true,"href":"http:\/\/projetscitoyens.francas71.org\/index.php?rest_route=%2Fwp%2Fv2%2Fcategories&post=3756"},{"taxonomy":"post_tag","embeddable":true,"href":"http:\/\/projetscitoyens.francas71.org\/index.php?rest_route=%2Fwp%2Fv2%2Ftags&post=3756"}],"curies":[{"name":"wp","href":"https:\/\/api.w.org\/{rel}","templated":true}]}}