{"id":3758,"date":"2023-08-02T08:41:15","date_gmt":"2023-08-02T07:41:15","guid":{"rendered":"http:\/\/projetscitoyens.francas71.org\/?p=3758"},"modified":"2023-08-02T08:41:15","modified_gmt":"2023-08-02T07:41:15","slug":"cest-mon-patrimoine-le-centre-de-loisirs-de-ciry-le-noble-en-visite","status":"publish","type":"post","link":"http:\/\/projetscitoyens.francas71.org\/?p=3758","title":{"rendered":"C&rsquo;EST MON PATRIMOINE &#8211; LE CENTRE DE LOISIRS DE CIRY LE NOBLE EN VISITE"},"content":{"rendered":"\n<h3 class=\"has-vivid-purple-color has-text-color wp-block-heading\">Vendredi 21 juillet, dernier jour d&rsquo;animation et d&rsquo;accueil de groupes dans le cadre de l&rsquo;action \u00ab\u00a0C&rsquo;est Mon Patrimoine\u00a0\u00bb \u00e0 l&rsquo;Abbaye de Cluny. Avec un groupe d&rsquo;enfants du <a href=\"https:\/\/cirylenoble.fr\/centre-de-loisirs-intercommunal\" onclick=\"return TrackClick('https%3A%2F%2Fcirylenoble.fr%2Fcentre-de-loisirs-intercommunal','centre+de+loisirs+de+Ciry-le-Noble')\">centre de loisirs de Ciry-le-Noble<\/a><\/h3>\n\n\n\n<p>Le jeu de piste pour suivre les pas des moines pour rechercher les pi\u00e8ces du puzzle g\u00e9ant concoct\u00e9 par Elsa, des ateliers artistiques l&rsquo;apr\u00e8s-midi pour sonoriser des histoires, inventer des slams, raconter sa journ\u00e9e \u00e0 la radio. Des propositions artistiques imagin\u00e9es et anim\u00e9es par Marie, Flore et Elsa de <a href=\"https:\/\/lachahutte.fr\/\" onclick=\"return TrackClick('https%3A%2F%2Flachahutte.fr%2F','l%22association+La+Chahutte')\">l&rsquo;association La Chahutte<\/a> \u00e0 Cluny<\/p>\n\n\n\n<figure class=\"wp-block-audio\"><audio controls src=\"http:\/\/projetscitoyens.francas71.org\/wp-content\/uploads\/2023\/07\/Ciry-slam-01.mp3\"><\/audio><figcaption>Des slams par des enfants<br><\/figcaption><\/figure>\n\n\n\n<figure class=\"wp-block-audio\"><audio controls src=\"http:\/\/projetscitoyens.francas71.org\/wp-content\/uploads\/2023\/07\/Ciry-la-journee-vue-par-un-groupe-01.mp3\"><\/audio><figcaption>Un podcast pour raconter sa journ\u00e9e<br><\/figcaption><\/figure>\n\n\n\n<figure class=\"wp-block-audio\"><audio controls src=\"http:\/\/projetscitoyens.francas71.org\/wp-content\/uploads\/2023\/07\/Ciry-chanson-du-centre.mp3\"><\/audio><figcaption>Un podcast en chanson<br><\/figcaption><\/figure>\n","protected":false},"excerpt":{"rendered":"<p>Vendredi 21 juillet, dernier jour d&rsquo;animation et d&rsquo;accueil de groupes dans le cadre de l&rsquo;action \u00ab\u00a0C&rsquo;est Mon Patrimoine\u00a0\u00bb \u00e0 l&rsquo;Abbaye de Cluny. Avec un groupe d&rsquo;enfants du centre de loisirs de Ciry-le-Noble Le jeu de piste pour suivre les pas des moines pour rechercher les pi\u00e8ces du puzzle g\u00e9ant concoct\u00e9 par Elsa, des ateliers artistiques l&rsquo;apr\u00e8s-midi pour sonoriser des histoires, inventer des slams, raconter sa journ\u00e9e \u00e0 la radio. Des propositions artistiques imagin\u00e9es et anim\u00e9es par Marie, Flore et Elsa&#8230;<\/p>\n<p class=\"read-more\"><a class=\"btn btn-default\" href=\"http:\/\/projetscitoyens.francas71.org\/?p=3758\" onclick=\"return TrackClick('http%3A%2F%2Fprojetscitoyens.francas71.org%2F%3Fp%3D3758','Lire+la+suite+Lire+la+suite')\">Lire la suite<span class=\"screen-reader-text\"> Lire la suite<\/span><\/a><\/p>\n","protected":false},"author":1,"featured_media":3749,"comment_status":"open","ping_status":"open","sticky":false,"template":"","format":"standard","meta":{"jetpack_post_was_ever_published":false,"_jetpack_newsletter_access":"","_jetpack_dont_email_post_to_subs":false,"_jetpack_newsletter_tier_id":0,"_jetpack_memberships_contains_paywalled_content":false,"_jetpack_memberships_contains_paid_content":false,"footnotes":"","jetpack_publicize_message":"","jetpack_publicize_feature_enabled":true,"jetpack_social_post_already_shared":true,"jetpack_social_options":{"image_generator_settings":{"template":"highway","enabled":false},"version":2}},"categories":[240,214],"tags":[343,340,123,192,71,344],"class_list":["post-3758","post","type-post","status-publish","format-standard","has-post-thumbnail","hentry","category-cest-mon-patrimoire-cluny","category-la-radio","tag-art","tag-culturel","tag-education","tag-expression","tag-jeu","tag-slam"],"jetpack_publicize_connections":[],"jetpack_featured_media_url":"https:\/\/i0.wp.com\/projetscitoyens.francas71.org\/wp-content\/uploads\/2023\/08\/Image1.jpg?fit=239%2C200","jetpack_sharing_enabled":true,"jetpack_shortlink":"https:\/\/wp.me\/p6M0zG-YC","jetpack-related-posts":[],"jetpack_likes_enabled":true,"_links":{"self":[{"href":"http:\/\/projetscitoyens.francas71.org\/index.php?rest_route=\/wp\/v2\/posts\/3758"}],"collection":[{"href":"http:\/\/projetscitoyens.francas71.org\/index.php?rest_route=\/wp\/v2\/posts"}],"about":[{"href":"http:\/\/projetscitoyens.francas71.org\/index.php?rest_route=\/wp\/v2\/types\/post"}],"author":[{"embeddable":true,"href":"http:\/\/projetscitoyens.francas71.org\/index.php?rest_route=\/wp\/v2\/users\/1"}],"replies":[{"embeddable":true,"href":"http:\/\/projetscitoyens.francas71.org\/index.php?rest_route=%2Fwp%2Fv2%2Fcomments&post=3758"}],"version-history":[{"count":1,"href":"http:\/\/projetscitoyens.francas71.org\/index.php?rest_route=\/wp\/v2\/posts\/3758\/revisions"}],"predecessor-version":[{"id":3759,"href":"http:\/\/projetscitoyens.francas71.org\/index.php?rest_route=\/wp\/v2\/posts\/3758\/revisions\/3759"}],"wp:featuredmedia":[{"embeddable":true,"href":"http:\/\/projetscitoyens.francas71.org\/index.php?rest_route=\/wp\/v2\/media\/3749"}],"wp:attachment":[{"href":"http:\/\/projetscitoyens.francas71.org\/index.php?rest_route=%2Fwp%2Fv2%2Fmedia&parent=3758"}],"wp:term":[{"taxonomy":"category","embeddable":true,"href":"http:\/\/projetscitoyens.francas71.org\/index.php?rest_route=%2Fwp%2Fv2%2Fcategories&post=3758"},{"taxonomy":"post_tag","embeddable":true,"href":"http:\/\/projetscitoyens.francas71.org\/index.php?rest_route=%2Fwp%2Fv2%2Ftags&post=3758"}],"curies":[{"name":"wp","href":"https:\/\/api.w.org\/{rel}","templated":true}]}}