{"id":3774,"date":"2023-08-31T09:03:52","date_gmt":"2023-08-31T08:03:52","guid":{"rendered":"http:\/\/projetscitoyens.francas71.org\/?p=3774"},"modified":"2023-08-31T09:03:52","modified_gmt":"2023-08-31T08:03:52","slug":"une-illustratrice-au-centre-de-loisirs","status":"publish","type":"post","link":"http:\/\/projetscitoyens.francas71.org\/?p=3774","title":{"rendered":"Une illustratrice au centre de loisirs !"},"content":{"rendered":"\n<h3 class=\"has-vivid-red-color has-text-color wp-block-heading\">Cet \u00e9t\u00e9, le centre de loisirs du <a href=\"https:\/\/www.scmb71.com\/enfance-jeunesse\/accueil-de-loisirs\" onclick=\"return TrackClick('https%3A%2F%2Fwww.scmb71.com%2Fenfance-jeunesse%2Faccueil-de-loisirs','Service+enfance+jeunesse+de+la+Communaut%C3%A9+de+Communes+St+Cyr+M%C3%A8re+Boitier')\">Service enfance jeunesse de la Communaut\u00e9 de Communes St Cyr M\u00e8re Boitier<\/a> a eu l&rsquo;opportunit\u00e9 d&rsquo;accueillir une artiste illustratrice pour une r\u00e9sidence, <a href=\"http:\/\/www.audreycalleja.com\/\" onclick=\"return TrackClick('http%3A%2F%2Fwww.audreycalleja.com%2F','Audrey+CALLEJA')\">Audrey CALLEJA<\/a>.<\/h3>\n\n\n\n<p>Une r\u00e9sidence inscrite dans un cadre national port\u00e9 par le Centre National du Livre, par la <a href=\"https:\/\/www.francas.asso.fr\/\" onclick=\"return TrackClick('https%3A%2F%2Fwww.francas.asso.fr%2F','f%C3%A9d%C3%A9ration+nationale+des+Francas')\">f\u00e9d\u00e9ration nationale des Francas<\/a> et par le Minist\u00e8re de la Culture. Une exp\u00e9rience in\u00e9dite pour un centre de loisirs et pour cette artiste.<\/p>\n\n\n\n<p>Deux p\u00e9riodes d&rsquo;atelier pour deux groupes d&rsquo;enfants de 7 \u00e0 11 ans. Pour r\u00e9aliser des livres herbier en utilisant plusieurs techniques artistiques.<\/p>\n\n\n\n<p>Lors de la derni\u00e8re s\u00e9ance, nous avons r\u00e9alis\u00e9 des interviews des enfants et de <strong>Audrey CALLEJA<\/strong>, l&rsquo;illustratrice pour nous raconter cette exp\u00e9rience exceptionnelle.<\/p>\n\n\n\n<figure class=\"wp-block-audio\"><audio controls src=\"http:\/\/projetscitoyens.francas71.org\/wp-content\/uploads\/2023\/08\/parole-enfants-jean-axel-clement.mp3\"><\/audio><figcaption><strong>Paroles d&rsquo;enfants : Jean, Axel et Cl\u00e9ment<\/strong><br><\/figcaption><\/figure>\n\n\n\n<figure class=\"wp-block-image size-large\"><img loading=\"lazy\" decoding=\"async\" width=\"640\" height=\"360\" data-attachment-id=\"3771\" data-permalink=\"http:\/\/projetscitoyens.francas71.org\/?attachment_id=3771\" data-orig-file=\"https:\/\/i0.wp.com\/projetscitoyens.francas71.org\/wp-content\/uploads\/2023\/08\/05.jpg?fit=889%2C500\" data-orig-size=\"889,500\" data-comments-opened=\"1\" data-image-meta=\"{&quot;aperture&quot;:&quot;0&quot;,&quot;credit&quot;:&quot;&quot;,&quot;camera&quot;:&quot;&quot;,&quot;caption&quot;:&quot;&quot;,&quot;created_timestamp&quot;:&quot;0&quot;,&quot;copyright&quot;:&quot;&quot;,&quot;focal_length&quot;:&quot;0&quot;,&quot;iso&quot;:&quot;0&quot;,&quot;shutter_speed&quot;:&quot;0&quot;,&quot;title&quot;:&quot;&quot;,&quot;orientation&quot;:&quot;0&quot;}\" data-image-title=\"05\" data-image-description=\"\" data-image-caption=\"\" data-medium-file=\"https:\/\/i0.wp.com\/projetscitoyens.francas71.org\/wp-content\/uploads\/2023\/08\/05.jpg?fit=300%2C169\" data-large-file=\"https:\/\/i0.wp.com\/projetscitoyens.francas71.org\/wp-content\/uploads\/2023\/08\/05.jpg?fit=640%2C360\" tabindex=\"0\" role=\"button\" src=\"https:\/\/i0.wp.com\/projetscitoyens.francas71.org\/wp-content\/uploads\/2023\/08\/05.jpg?resize=640%2C360\" alt=\"\" class=\"wp-image-3771\" srcset=\"https:\/\/i0.wp.com\/projetscitoyens.francas71.org\/wp-content\/uploads\/2023\/08\/05.jpg?w=889 889w, https:\/\/i0.wp.com\/projetscitoyens.francas71.org\/wp-content\/uploads\/2023\/08\/05.jpg?resize=300%2C169 300w, https:\/\/i0.wp.com\/projetscitoyens.francas71.org\/wp-content\/uploads\/2023\/08\/05.jpg?resize=768%2C432 768w, https:\/\/i0.wp.com\/projetscitoyens.francas71.org\/wp-content\/uploads\/2023\/08\/05.jpg?resize=480%2C270 480w\" sizes=\"(max-width: 640px) 100vw, 640px\" data-recalc-dims=\"1\" \/><\/figure>\n\n\n\n<figure class=\"wp-block-audio\"><audio controls src=\"http:\/\/projetscitoyens.francas71.org\/wp-content\/uploads\/2023\/08\/parole-enfants-cyprien-eugenie-lorenzo-jonas.mp3\"><\/audio><figcaption><strong>Paroles d&rsquo;enfants : Cyprien, Eug\u00e9nie, Lorenzo et Jonas<\/strong><br><\/figcaption><\/figure>\n\n\n\n<figure class=\"wp-block-image size-large\"><img loading=\"lazy\" decoding=\"async\" width=\"640\" height=\"360\" data-attachment-id=\"3769\" data-permalink=\"http:\/\/projetscitoyens.francas71.org\/?attachment_id=3769\" data-orig-file=\"https:\/\/i0.wp.com\/projetscitoyens.francas71.org\/wp-content\/uploads\/2023\/08\/03.jpg?fit=889%2C500\" data-orig-size=\"889,500\" data-comments-opened=\"1\" data-image-meta=\"{&quot;aperture&quot;:&quot;0&quot;,&quot;credit&quot;:&quot;&quot;,&quot;camera&quot;:&quot;&quot;,&quot;caption&quot;:&quot;&quot;,&quot;created_timestamp&quot;:&quot;0&quot;,&quot;copyright&quot;:&quot;&quot;,&quot;focal_length&quot;:&quot;0&quot;,&quot;iso&quot;:&quot;0&quot;,&quot;shutter_speed&quot;:&quot;0&quot;,&quot;title&quot;:&quot;&quot;,&quot;orientation&quot;:&quot;0&quot;}\" data-image-title=\"03\" data-image-description=\"\" data-image-caption=\"\" data-medium-file=\"https:\/\/i0.wp.com\/projetscitoyens.francas71.org\/wp-content\/uploads\/2023\/08\/03.jpg?fit=300%2C169\" data-large-file=\"https:\/\/i0.wp.com\/projetscitoyens.francas71.org\/wp-content\/uploads\/2023\/08\/03.jpg?fit=640%2C360\" tabindex=\"0\" role=\"button\" src=\"https:\/\/i0.wp.com\/projetscitoyens.francas71.org\/wp-content\/uploads\/2023\/08\/03.jpg?resize=640%2C360\" alt=\"\" class=\"wp-image-3769\" srcset=\"https:\/\/i0.wp.com\/projetscitoyens.francas71.org\/wp-content\/uploads\/2023\/08\/03.jpg?w=889 889w, https:\/\/i0.wp.com\/projetscitoyens.francas71.org\/wp-content\/uploads\/2023\/08\/03.jpg?resize=300%2C169 300w, https:\/\/i0.wp.com\/projetscitoyens.francas71.org\/wp-content\/uploads\/2023\/08\/03.jpg?resize=768%2C432 768w, https:\/\/i0.wp.com\/projetscitoyens.francas71.org\/wp-content\/uploads\/2023\/08\/03.jpg?resize=480%2C270 480w\" sizes=\"(max-width: 640px) 100vw, 640px\" data-recalc-dims=\"1\" \/><\/figure>\n\n\n\n<figure class=\"wp-block-audio\"><audio controls src=\"http:\/\/projetscitoyens.francas71.org\/wp-content\/uploads\/2023\/08\/parole-enfants-capucine-emma.mp3\"><\/audio><figcaption><strong>Paroles d&rsquo;enfants : Capucine et Emma<\/strong><br><\/figcaption><\/figure>\n\n\n\n<figure class=\"wp-block-image size-large\"><img loading=\"lazy\" decoding=\"async\" width=\"640\" height=\"360\" data-attachment-id=\"3768\" data-permalink=\"http:\/\/projetscitoyens.francas71.org\/?attachment_id=3768\" data-orig-file=\"https:\/\/i0.wp.com\/projetscitoyens.francas71.org\/wp-content\/uploads\/2023\/08\/02.jpg?fit=889%2C500\" data-orig-size=\"889,500\" data-comments-opened=\"1\" data-image-meta=\"{&quot;aperture&quot;:&quot;0&quot;,&quot;credit&quot;:&quot;&quot;,&quot;camera&quot;:&quot;&quot;,&quot;caption&quot;:&quot;&quot;,&quot;created_timestamp&quot;:&quot;0&quot;,&quot;copyright&quot;:&quot;&quot;,&quot;focal_length&quot;:&quot;0&quot;,&quot;iso&quot;:&quot;0&quot;,&quot;shutter_speed&quot;:&quot;0&quot;,&quot;title&quot;:&quot;&quot;,&quot;orientation&quot;:&quot;0&quot;}\" data-image-title=\"02\" data-image-description=\"\" data-image-caption=\"\" data-medium-file=\"https:\/\/i0.wp.com\/projetscitoyens.francas71.org\/wp-content\/uploads\/2023\/08\/02.jpg?fit=300%2C169\" data-large-file=\"https:\/\/i0.wp.com\/projetscitoyens.francas71.org\/wp-content\/uploads\/2023\/08\/02.jpg?fit=640%2C360\" tabindex=\"0\" role=\"button\" src=\"https:\/\/i0.wp.com\/projetscitoyens.francas71.org\/wp-content\/uploads\/2023\/08\/02.jpg?resize=640%2C360\" alt=\"\" class=\"wp-image-3768\" srcset=\"https:\/\/i0.wp.com\/projetscitoyens.francas71.org\/wp-content\/uploads\/2023\/08\/02.jpg?w=889 889w, https:\/\/i0.wp.com\/projetscitoyens.francas71.org\/wp-content\/uploads\/2023\/08\/02.jpg?resize=300%2C169 300w, https:\/\/i0.wp.com\/projetscitoyens.francas71.org\/wp-content\/uploads\/2023\/08\/02.jpg?resize=768%2C432 768w, https:\/\/i0.wp.com\/projetscitoyens.francas71.org\/wp-content\/uploads\/2023\/08\/02.jpg?resize=480%2C270 480w\" sizes=\"(max-width: 640px) 100vw, 640px\" data-recalc-dims=\"1\" \/><\/figure>\n\n\n\n<figure class=\"wp-block-audio\"><audio controls src=\"http:\/\/projetscitoyens.francas71.org\/wp-content\/uploads\/2023\/08\/audrey-le-projet.mp3\"><\/audio><figcaption><strong>Audrey Calleja : pr\u00e9sentation du projet, du cadre et de ses choix<\/strong><br><\/figcaption><\/figure>\n\n\n\n<figure class=\"wp-block-image size-large\"><img loading=\"lazy\" decoding=\"async\" width=\"500\" height=\"889\" data-attachment-id=\"3772\" data-permalink=\"http:\/\/projetscitoyens.francas71.org\/?attachment_id=3772\" data-orig-file=\"https:\/\/i0.wp.com\/projetscitoyens.francas71.org\/wp-content\/uploads\/2023\/08\/06.jpg?fit=500%2C889\" data-orig-size=\"500,889\" data-comments-opened=\"1\" data-image-meta=\"{&quot;aperture&quot;:&quot;0&quot;,&quot;credit&quot;:&quot;&quot;,&quot;camera&quot;:&quot;&quot;,&quot;caption&quot;:&quot;&quot;,&quot;created_timestamp&quot;:&quot;0&quot;,&quot;copyright&quot;:&quot;&quot;,&quot;focal_length&quot;:&quot;0&quot;,&quot;iso&quot;:&quot;0&quot;,&quot;shutter_speed&quot;:&quot;0&quot;,&quot;title&quot;:&quot;&quot;,&quot;orientation&quot;:&quot;0&quot;}\" data-image-title=\"06\" data-image-description=\"\" data-image-caption=\"\" data-medium-file=\"https:\/\/i0.wp.com\/projetscitoyens.francas71.org\/wp-content\/uploads\/2023\/08\/06.jpg?fit=169%2C300\" data-large-file=\"https:\/\/i0.wp.com\/projetscitoyens.francas71.org\/wp-content\/uploads\/2023\/08\/06.jpg?fit=500%2C889\" tabindex=\"0\" role=\"button\" src=\"https:\/\/i0.wp.com\/projetscitoyens.francas71.org\/wp-content\/uploads\/2023\/08\/06.jpg?resize=500%2C889\" alt=\"\" class=\"wp-image-3772\" srcset=\"https:\/\/i0.wp.com\/projetscitoyens.francas71.org\/wp-content\/uploads\/2023\/08\/06.jpg?w=500 500w, https:\/\/i0.wp.com\/projetscitoyens.francas71.org\/wp-content\/uploads\/2023\/08\/06.jpg?resize=169%2C300 169w, https:\/\/i0.wp.com\/projetscitoyens.francas71.org\/wp-content\/uploads\/2023\/08\/06.jpg?resize=152%2C270 152w\" sizes=\"(max-width: 500px) 100vw, 500px\" data-recalc-dims=\"1\" \/><\/figure>\n\n\n\n<figure class=\"wp-block-audio\"><audio controls src=\"http:\/\/projetscitoyens.francas71.org\/wp-content\/uploads\/2023\/08\/audrey-impact.mp3\"><\/audio><figcaption><strong>Audrey Calleja : quels impacts pour les enfants<\/strong><br><\/figcaption><\/figure>\n\n\n\n<figure class=\"wp-block-image size-large\"><img loading=\"lazy\" decoding=\"async\" width=\"640\" height=\"360\" data-attachment-id=\"3770\" data-permalink=\"http:\/\/projetscitoyens.francas71.org\/?attachment_id=3770\" data-orig-file=\"https:\/\/i0.wp.com\/projetscitoyens.francas71.org\/wp-content\/uploads\/2023\/08\/04.jpg?fit=889%2C500\" data-orig-size=\"889,500\" data-comments-opened=\"1\" data-image-meta=\"{&quot;aperture&quot;:&quot;0&quot;,&quot;credit&quot;:&quot;&quot;,&quot;camera&quot;:&quot;&quot;,&quot;caption&quot;:&quot;&quot;,&quot;created_timestamp&quot;:&quot;0&quot;,&quot;copyright&quot;:&quot;&quot;,&quot;focal_length&quot;:&quot;0&quot;,&quot;iso&quot;:&quot;0&quot;,&quot;shutter_speed&quot;:&quot;0&quot;,&quot;title&quot;:&quot;&quot;,&quot;orientation&quot;:&quot;0&quot;}\" data-image-title=\"04\" data-image-description=\"\" data-image-caption=\"\" data-medium-file=\"https:\/\/i0.wp.com\/projetscitoyens.francas71.org\/wp-content\/uploads\/2023\/08\/04.jpg?fit=300%2C169\" data-large-file=\"https:\/\/i0.wp.com\/projetscitoyens.francas71.org\/wp-content\/uploads\/2023\/08\/04.jpg?fit=640%2C360\" tabindex=\"0\" role=\"button\" src=\"https:\/\/i0.wp.com\/projetscitoyens.francas71.org\/wp-content\/uploads\/2023\/08\/04.jpg?resize=640%2C360\" alt=\"\" class=\"wp-image-3770\" srcset=\"https:\/\/i0.wp.com\/projetscitoyens.francas71.org\/wp-content\/uploads\/2023\/08\/04.jpg?w=889 889w, https:\/\/i0.wp.com\/projetscitoyens.francas71.org\/wp-content\/uploads\/2023\/08\/04.jpg?resize=300%2C169 300w, https:\/\/i0.wp.com\/projetscitoyens.francas71.org\/wp-content\/uploads\/2023\/08\/04.jpg?resize=768%2C432 768w, https:\/\/i0.wp.com\/projetscitoyens.francas71.org\/wp-content\/uploads\/2023\/08\/04.jpg?resize=480%2C270 480w\" sizes=\"(max-width: 640px) 100vw, 640px\" data-recalc-dims=\"1\" \/><\/figure>\n\n\n\n<figure class=\"wp-block-audio\"><audio controls src=\"http:\/\/projetscitoyens.francas71.org\/wp-content\/uploads\/2023\/08\/audrey-exposer.mp3\"><\/audio><figcaption><strong>Audrey Calleja : exposer ses cr\u00e9ations pour partager<\/strong><br><\/figcaption><\/figure>\n\n\n\n<figure class=\"wp-block-image size-large\"><img loading=\"lazy\" decoding=\"async\" width=\"500\" height=\"889\" data-attachment-id=\"3767\" data-permalink=\"http:\/\/projetscitoyens.francas71.org\/?attachment_id=3767\" data-orig-file=\"https:\/\/i0.wp.com\/projetscitoyens.francas71.org\/wp-content\/uploads\/2023\/08\/01.jpg?fit=500%2C889\" data-orig-size=\"500,889\" data-comments-opened=\"1\" data-image-meta=\"{&quot;aperture&quot;:&quot;0&quot;,&quot;credit&quot;:&quot;&quot;,&quot;camera&quot;:&quot;&quot;,&quot;caption&quot;:&quot;&quot;,&quot;created_timestamp&quot;:&quot;0&quot;,&quot;copyright&quot;:&quot;&quot;,&quot;focal_length&quot;:&quot;0&quot;,&quot;iso&quot;:&quot;0&quot;,&quot;shutter_speed&quot;:&quot;0&quot;,&quot;title&quot;:&quot;&quot;,&quot;orientation&quot;:&quot;0&quot;}\" data-image-title=\"01\" data-image-description=\"\" data-image-caption=\"\" data-medium-file=\"https:\/\/i0.wp.com\/projetscitoyens.francas71.org\/wp-content\/uploads\/2023\/08\/01.jpg?fit=169%2C300\" data-large-file=\"https:\/\/i0.wp.com\/projetscitoyens.francas71.org\/wp-content\/uploads\/2023\/08\/01.jpg?fit=500%2C889\" tabindex=\"0\" role=\"button\" src=\"https:\/\/i0.wp.com\/projetscitoyens.francas71.org\/wp-content\/uploads\/2023\/08\/01.jpg?resize=500%2C889\" alt=\"\" class=\"wp-image-3767\" srcset=\"https:\/\/i0.wp.com\/projetscitoyens.francas71.org\/wp-content\/uploads\/2023\/08\/01.jpg?w=500 500w, https:\/\/i0.wp.com\/projetscitoyens.francas71.org\/wp-content\/uploads\/2023\/08\/01.jpg?resize=169%2C300 169w, https:\/\/i0.wp.com\/projetscitoyens.francas71.org\/wp-content\/uploads\/2023\/08\/01.jpg?resize=152%2C270 152w\" sizes=\"(max-width: 500px) 100vw, 500px\" data-recalc-dims=\"1\" \/><\/figure>\n","protected":false},"excerpt":{"rendered":"<p>Cet \u00e9t\u00e9, le centre de loisirs du Service enfance jeunesse de la Communaut\u00e9 de Communes St Cyr M\u00e8re Boitier a eu l&rsquo;opportunit\u00e9 d&rsquo;accueillir une artiste illustratrice pour une r\u00e9sidence, Audrey CALLEJA. Une r\u00e9sidence inscrite dans un cadre national port\u00e9 par le Centre National du Livre, par la f\u00e9d\u00e9ration nationale des Francas et par le Minist\u00e8re de la Culture. Une exp\u00e9rience in\u00e9dite pour un centre de loisirs et pour cette artiste. Deux p\u00e9riodes d&rsquo;atelier pour deux groupes d&rsquo;enfants de 7 \u00e0&#8230;<\/p>\n<p class=\"read-more\"><a class=\"btn btn-default\" href=\"http:\/\/projetscitoyens.francas71.org\/?p=3774\" onclick=\"return TrackClick('http%3A%2F%2Fprojetscitoyens.francas71.org%2F%3Fp%3D3774','Lire+la+suite+Lire+la+suite')\">Lire la suite<span class=\"screen-reader-text\"> Lire la suite<\/span><\/a><\/p>\n","protected":false},"author":1,"featured_media":3777,"comment_status":"open","ping_status":"open","sticky":false,"template":"","format":"standard","meta":{"jetpack_post_was_ever_published":false,"_jetpack_newsletter_access":"","_jetpack_dont_email_post_to_subs":false,"_jetpack_newsletter_tier_id":0,"_jetpack_memberships_contains_paywalled_content":false,"_jetpack_memberships_contains_paid_content":false,"footnotes":"","jetpack_publicize_message":"","jetpack_publicize_feature_enabled":true,"jetpack_social_post_already_shared":true,"jetpack_social_options":{"image_generator_settings":{"template":"highway","enabled":false},"version":2}},"categories":[235],"tags":[343,345,347,335,123,222,346],"class_list":["post-3774","post","type-post","status-publish","format-standard","has-post-thumbnail","hentry","category-animation-du-reseau-de-professionnel","tag-art","tag-artiste","tag-creation","tag-culture","tag-education","tag-ete","tag-residence"],"jetpack_publicize_connections":[],"jetpack_featured_media_url":"https:\/\/i0.wp.com\/projetscitoyens.francas71.org\/wp-content\/uploads\/2023\/08\/aux-oeuvres.png?fit=1771%2C1677","jetpack_sharing_enabled":true,"jetpack_shortlink":"https:\/\/wp.me\/p6M0zG-YS","jetpack-related-posts":[],"jetpack_likes_enabled":true,"_links":{"self":[{"href":"http:\/\/projetscitoyens.francas71.org\/index.php?rest_route=\/wp\/v2\/posts\/3774"}],"collection":[{"href":"http:\/\/projetscitoyens.francas71.org\/index.php?rest_route=\/wp\/v2\/posts"}],"about":[{"href":"http:\/\/projetscitoyens.francas71.org\/index.php?rest_route=\/wp\/v2\/types\/post"}],"author":[{"embeddable":true,"href":"http:\/\/projetscitoyens.francas71.org\/index.php?rest_route=\/wp\/v2\/users\/1"}],"replies":[{"embeddable":true,"href":"http:\/\/projetscitoyens.francas71.org\/index.php?rest_route=%2Fwp%2Fv2%2Fcomments&post=3774"}],"version-history":[{"count":2,"href":"http:\/\/projetscitoyens.francas71.org\/index.php?rest_route=\/wp\/v2\/posts\/3774\/revisions"}],"predecessor-version":[{"id":3776,"href":"http:\/\/projetscitoyens.francas71.org\/index.php?rest_route=\/wp\/v2\/posts\/3774\/revisions\/3776"}],"wp:featuredmedia":[{"embeddable":true,"href":"http:\/\/projetscitoyens.francas71.org\/index.php?rest_route=\/wp\/v2\/media\/3777"}],"wp:attachment":[{"href":"http:\/\/projetscitoyens.francas71.org\/index.php?rest_route=%2Fwp%2Fv2%2Fmedia&parent=3774"}],"wp:term":[{"taxonomy":"category","embeddable":true,"href":"http:\/\/projetscitoyens.francas71.org\/index.php?rest_route=%2Fwp%2Fv2%2Fcategories&post=3774"},{"taxonomy":"post_tag","embeddable":true,"href":"http:\/\/projetscitoyens.francas71.org\/index.php?rest_route=%2Fwp%2Fv2%2Ftags&post=3774"}],"curies":[{"name":"wp","href":"https:\/\/api.w.org\/{rel}","templated":true}]}}