{"id":3795,"date":"2024-02-29T15:00:05","date_gmt":"2024-02-29T14:00:05","guid":{"rendered":"http:\/\/projetscitoyens.francas71.org\/?p=3795"},"modified":"2024-02-29T15:00:05","modified_gmt":"2024-02-29T14:00:05","slug":"le-developpement-durable-vu-par-les-5emea","status":"publish","type":"post","link":"http:\/\/projetscitoyens.francas71.org\/?p=3795","title":{"rendered":"Le D\u00e9veloppement Durable vu par les 5\u00e8meA"},"content":{"rendered":"\n<h3 class=\"has-vivid-red-color has-text-color wp-block-heading\">Une classe de 5\u00e8me du coll\u00e8ge Copernic de St Vallier, un atelier en plusieurs s\u00e9ances, un th\u00e8me global \u00ab\u00a0le d\u00e9veloppement durable\u00a0\u00bb, et la possibilit\u00e9 pour les jeunes de pr\u00e9parer un sujet par petit groupe sur un aspect du d\u00e9veloppement durable.<\/h3>\n\n\n\n<p>Les podcasts r\u00e9alis\u00e9s par les jeunes<\/p>\n\n\n\n<figure class=\"wp-block-audio\"><audio controls src=\"http:\/\/projetscitoyens.francas71.org\/wp-content\/uploads\/2023\/06\/5A-Noa-Wyeme-Pierre-le-recyclage.mp3\"><\/audio><figcaption><strong>Noah, Pierre et Wyeme sur le Recyclage<\/strong><br><\/figcaption><\/figure>\n\n\n\n<figure class=\"wp-block-audio\"><audio controls src=\"http:\/\/projetscitoyens.francas71.org\/wp-content\/uploads\/2023\/06\/5A-Lina-Lena-panneaux.mp3\"><\/audio><figcaption><strong>Lina et Lena sur les Panneaux Solaires<\/strong><br><\/figcaption><\/figure>\n\n\n\n<figure class=\"wp-block-audio\"><audio controls src=\"http:\/\/projetscitoyens.francas71.org\/wp-content\/uploads\/2023\/06\/5A-Lilie-Anna-Lounes-Timothe-seconde-main.mp3\"><\/audio><figcaption><strong>Lillie, Anna, Lounes et Timoth\u00e9 sur la Seconde main<\/strong><br><\/figcaption><\/figure>\n\n\n\n<figure class=\"wp-block-audio\"><audio controls src=\"http:\/\/projetscitoyens.francas71.org\/wp-content\/uploads\/2023\/06\/5A-Jules-Clementine-Arthur-agrivoltaisme.mp3\"><\/audio><figcaption><strong>Jules, Cl\u00e9mentine et Arthur pour l&rsquo;Agrivoltaisme<\/strong><br><\/figcaption><\/figure>\n\n\n\n<figure class=\"wp-block-audio\"><audio controls src=\"http:\/\/projetscitoyens.francas71.org\/wp-content\/uploads\/2023\/06\/5A-Jade-Louise-Karine-vaisselle.mp3\"><\/audio><figcaption><strong>Jade, Louise et Karine pour la vaisselle<\/strong><br><\/figcaption><\/figure>\n\n\n\n<figure class=\"wp-block-audio\"><audio controls src=\"http:\/\/projetscitoyens.francas71.org\/wp-content\/uploads\/2023\/06\/5A-Jade-Charlotte-Esmee-Charles-energie.mp3\"><\/audio><figcaption><strong>Jade, Charlotte, Esm\u00e9e et Charles pour les \u00e9nergies<\/strong><br><\/figcaption><\/figure>\n\n\n\n<figure class=\"wp-block-audio\"><audio controls src=\"http:\/\/projetscitoyens.francas71.org\/wp-content\/uploads\/2023\/06\/5A-Ismael-Antonin-Lou-Ann-voiture-electrique.mp3\"><\/audio><figcaption><strong>Isma\u00ebl, Antonin et Lou-Ann pour les voitures \u00e9lectriques<\/strong><br><\/figcaption><\/figure>\n\n\n\n<figure class=\"wp-block-audio\"><audio controls src=\"http:\/\/projetscitoyens.francas71.org\/wp-content\/uploads\/2023\/06\/5A-esteban-simon-methanisation.mp3\"><\/audio><figcaption><strong>Esteban et Simon pour la M\u00e9thanisation<\/strong><br><\/figcaption><\/figure>\n\n\n\n<figure class=\"wp-block-audio\"><audio controls src=\"http:\/\/projetscitoyens.francas71.org\/wp-content\/uploads\/2023\/06\/5A-Aymen-Pauline-Noe-circuit-court.mp3\"><\/audio><figcaption><strong>Aymen, Pauline et No\u00eb pour le circuit court<\/strong><br><\/figcaption><\/figure>\n\n\n\n<p><\/p>\n","protected":false},"excerpt":{"rendered":"<p>Une classe de 5\u00e8me du coll\u00e8ge Copernic de St Vallier, un atelier en plusieurs s\u00e9ances, un th\u00e8me global \u00ab\u00a0le d\u00e9veloppement durable\u00a0\u00bb, et la possibilit\u00e9 pour les jeunes de pr\u00e9parer un sujet par petit groupe sur un aspect du d\u00e9veloppement durable. Les podcasts r\u00e9alis\u00e9s par les jeunes<\/p>\n","protected":false},"author":1,"featured_media":3742,"comment_status":"open","ping_status":"open","sticky":false,"template":"","format":"standard","meta":{"jetpack_post_was_ever_published":false,"_jetpack_newsletter_access":"","_jetpack_dont_email_post_to_subs":false,"_jetpack_newsletter_tier_id":0,"_jetpack_memberships_contains_paywalled_content":false,"_jetpack_memberships_contains_paid_content":false,"footnotes":"","jetpack_publicize_message":"","jetpack_publicize_feature_enabled":true,"jetpack_social_post_already_shared":true,"jetpack_social_options":{"image_generator_settings":{"template":"highway","enabled":false},"version":2}},"categories":[214],"tags":[352,331,289],"class_list":["post-3795","post","type-post","status-publish","format-standard","has-post-thumbnail","hentry","category-la-radio","tag-ecologie-2","tag-edd","tag-environnement"],"jetpack_publicize_connections":[],"jetpack_featured_media_url":"https:\/\/i0.wp.com\/projetscitoyens.francas71.org\/wp-content\/uploads\/2023\/07\/cmp.jpg?fit=267%2C150","jetpack_sharing_enabled":true,"jetpack_shortlink":"https:\/\/wp.me\/p6M0zG-Zd","jetpack-related-posts":[],"jetpack_likes_enabled":true,"_links":{"self":[{"href":"http:\/\/projetscitoyens.francas71.org\/index.php?rest_route=\/wp\/v2\/posts\/3795"}],"collection":[{"href":"http:\/\/projetscitoyens.francas71.org\/index.php?rest_route=\/wp\/v2\/posts"}],"about":[{"href":"http:\/\/projetscitoyens.francas71.org\/index.php?rest_route=\/wp\/v2\/types\/post"}],"author":[{"embeddable":true,"href":"http:\/\/projetscitoyens.francas71.org\/index.php?rest_route=\/wp\/v2\/users\/1"}],"replies":[{"embeddable":true,"href":"http:\/\/projetscitoyens.francas71.org\/index.php?rest_route=%2Fwp%2Fv2%2Fcomments&post=3795"}],"version-history":[{"count":1,"href":"http:\/\/projetscitoyens.francas71.org\/index.php?rest_route=\/wp\/v2\/posts\/3795\/revisions"}],"predecessor-version":[{"id":3796,"href":"http:\/\/projetscitoyens.francas71.org\/index.php?rest_route=\/wp\/v2\/posts\/3795\/revisions\/3796"}],"wp:featuredmedia":[{"embeddable":true,"href":"http:\/\/projetscitoyens.francas71.org\/index.php?rest_route=\/wp\/v2\/media\/3742"}],"wp:attachment":[{"href":"http:\/\/projetscitoyens.francas71.org\/index.php?rest_route=%2Fwp%2Fv2%2Fmedia&parent=3795"}],"wp:term":[{"taxonomy":"category","embeddable":true,"href":"http:\/\/projetscitoyens.francas71.org\/index.php?rest_route=%2Fwp%2Fv2%2Fcategories&post=3795"},{"taxonomy":"post_tag","embeddable":true,"href":"http:\/\/projetscitoyens.francas71.org\/index.php?rest_route=%2Fwp%2Fv2%2Ftags&post=3795"}],"curies":[{"name":"wp","href":"https:\/\/api.w.org\/{rel}","templated":true}]}}