{"id":4003,"date":"2024-09-20T13:47:39","date_gmt":"2024-09-20T12:47:39","guid":{"rendered":"http:\/\/projetscitoyens.francas71.org\/?p=4003"},"modified":"2024-09-20T13:47:39","modified_gmt":"2024-09-20T12:47:39","slug":"le-centre-de-loisirs-un-espace-de-cultures","status":"publish","type":"post","link":"http:\/\/projetscitoyens.francas71.org\/?p=4003","title":{"rendered":"Le Centre de loisirs, un espace de culture(s)"},"content":{"rendered":"\n<h3 class=\"wp-block-heading has-vivid-purple-color has-text-color has-link-color wp-elements-50c9a9c98ded671f37f39d6689df30de\">Conclusion de l&rsquo;enqu\u00eate 2024 de l&rsquo;Observatoire des centres de loisirs \u00e9ducatifs, un rapport national donnant \u00e0 voir la place de la culture dans les centres de loisirs p\u00e9riscolaires et extrascolaires sur toute la France.<\/h3>\n\n\n\n<figure class=\"wp-block-image size-full\"><a href=\"https:\/\/i0.wp.com\/projetscitoyens.francas71.org\/wp-content\/uploads\/2024\/09\/logo_obs_cle-rvb_0.png\" onclick=\"return TrackClick('http%3A%2F%2Fprojetscitoyens.francas71.org%2Fwp-content%2Fuploads%2F2024%2F09%2Flogo_obs_cle-rvb_0.png','')\"><img loading=\"lazy\" decoding=\"async\" width=\"564\" height=\"308\" data-attachment-id=\"4005\" data-permalink=\"http:\/\/projetscitoyens.francas71.org\/?attachment_id=4005\" data-orig-file=\"https:\/\/i0.wp.com\/projetscitoyens.francas71.org\/wp-content\/uploads\/2024\/09\/logo_obs_cle-rvb_0.png?fit=564%2C308\" data-orig-size=\"564,308\" data-comments-opened=\"1\" data-image-meta=\"{&quot;aperture&quot;:&quot;0&quot;,&quot;credit&quot;:&quot;&quot;,&quot;camera&quot;:&quot;&quot;,&quot;caption&quot;:&quot;&quot;,&quot;created_timestamp&quot;:&quot;0&quot;,&quot;copyright&quot;:&quot;&quot;,&quot;focal_length&quot;:&quot;0&quot;,&quot;iso&quot;:&quot;0&quot;,&quot;shutter_speed&quot;:&quot;0&quot;,&quot;title&quot;:&quot;&quot;,&quot;orientation&quot;:&quot;0&quot;}\" data-image-title=\"logo_obs_cle-rvb_0\" data-image-description=\"\" data-image-caption=\"\" data-medium-file=\"https:\/\/i0.wp.com\/projetscitoyens.francas71.org\/wp-content\/uploads\/2024\/09\/logo_obs_cle-rvb_0.png?fit=300%2C164\" data-large-file=\"https:\/\/i0.wp.com\/projetscitoyens.francas71.org\/wp-content\/uploads\/2024\/09\/logo_obs_cle-rvb_0.png?fit=564%2C308\" tabindex=\"0\" role=\"button\" src=\"https:\/\/i0.wp.com\/projetscitoyens.francas71.org\/wp-content\/uploads\/2024\/09\/logo_obs_cle-rvb_0.png?resize=564%2C308\" onclick=\"return TrackClick('http%3A%2F%2Fprojetscitoyens.francas71.org%2Fwp-content%2Fuploads%2F2024%2F09%2Flogo_obs_cle-rvb_0.png','')\" alt=\"\" class=\"wp-image-4005\" srcset=\"https:\/\/i0.wp.com\/projetscitoyens.francas71.org\/wp-content\/uploads\/2024\/09\/logo_obs_cle-rvb_0.png?w=564 564w, https:\/\/i0.wp.com\/projetscitoyens.francas71.org\/wp-content\/uploads\/2024\/09\/logo_obs_cle-rvb_0.png?resize=300%2C164 300w, https:\/\/i0.wp.com\/projetscitoyens.francas71.org\/wp-content\/uploads\/2024\/09\/logo_obs_cle-rvb_0.png?resize=494%2C270 494w\" sizes=\"(max-width: 564px) 100vw, 564px\" data-recalc-dims=\"1\" \/><\/a><\/figure>\n\n\n\n<p>Dans l&rsquo;enqu\u00eate 2024, l&rsquo;Observatoire initie un \u00e9tat des lieux de la fonction culturelle des centres de loisirs en identifiant sa r\u00e9elle inscription dans les projets, sa concr\u00e9tisation dans les pratiques et dans la mise en vie d&rsquo;alliances avec le monde culturel. Cette nouvelle enqu\u00eate a pour objectif de mesurer comment les centres de loisirs investissent plus particuli\u00e8rement cette fonction culturelle, qu&rsquo;elle fasse partie ou non de leurs priorit\u00e9s \u00e9ducatives ou p\u00e9dagogiques.<\/p>\n\n\n\n<p>L&rsquo;enqu\u00eate 2024 a enregistr\u00e9 la participation de 468 centres, issus de 41 d\u00e9partements, couvrant la quasi totalit\u00e9 des r\u00e9gions hexagonales.<\/p>\n\n\n\n<p>En Sa\u00f4ne-et-Loire, ce sont 25 centres de loisirs qui se sont mobilis\u00e9s pour contribuer \u00e0 l&rsquo;enqu\u00eate nationale !<\/p>\n\n\n\n<p>Pour d\u00e9couvrir le <a href=\"http:\/\/projetscitoyens.francas71.org\/wp-content\/uploads\/2024\/09\/Francas-Observatoire-CLE-rapport-2024-la-culture.pdf\" onclick=\"return TrackClick('http%3A%2F%2Fprojetscitoyens.francas71.org%2Fwp-content%2Fuploads%2F2024%2F09%2FFrancas-Observatoire-CLE-rapport-2024-la-culture.pdf','rapport+national')\">rapport national<\/a><\/p>\n","protected":false},"excerpt":{"rendered":"<p>Conclusion de l&rsquo;enqu\u00eate 2024 de l&rsquo;Observatoire des centres de loisirs \u00e9ducatifs, un rapport national donnant \u00e0 voir la place de la culture dans les centres de loisirs p\u00e9riscolaires et extrascolaires sur toute la France. Dans l&rsquo;enqu\u00eate 2024, l&rsquo;Observatoire initie un \u00e9tat des lieux de la fonction culturelle des centres de loisirs en identifiant sa r\u00e9elle inscription dans les projets, sa concr\u00e9tisation dans les pratiques et dans la mise en vie d&rsquo;alliances avec le monde culturel. Cette nouvelle enqu\u00eate a pour&#8230;<\/p>\n<p class=\"read-more\"><a class=\"btn btn-default\" href=\"http:\/\/projetscitoyens.francas71.org\/?p=4003\" onclick=\"return TrackClick('http%3A%2F%2Fprojetscitoyens.francas71.org%2F%3Fp%3D4003','Lire+la+suite+Lire+la+suite')\">Lire la suite<span class=\"screen-reader-text\"> Lire la suite<\/span><\/a><\/p>\n","protected":false},"author":1,"featured_media":0,"comment_status":"open","ping_status":"open","sticky":false,"template":"","format":"standard","meta":{"jetpack_post_was_ever_published":false,"_jetpack_newsletter_access":"","_jetpack_dont_email_post_to_subs":false,"_jetpack_newsletter_tier_id":0,"_jetpack_memberships_contains_paywalled_content":false,"_jetpack_memberships_contains_paid_content":false,"footnotes":"","jetpack_publicize_message":"","jetpack_publicize_feature_enabled":true,"jetpack_social_post_already_shared":true,"jetpack_social_options":{"image_generator_settings":{"template":"highway","enabled":false},"version":2}},"categories":[241,235],"tags":[343,353,335,123,192],"class_list":["post-4003","post","type-post","status-publish","format-standard","hentry","category-actualites","category-animation-du-reseau-de-professionnel","tag-art","tag-artistes","tag-culture","tag-education","tag-expression"],"jetpack_publicize_connections":[],"jetpack_featured_media_url":"","jetpack_sharing_enabled":true,"jetpack_shortlink":"https:\/\/wp.me\/p6M0zG-12z","jetpack-related-posts":[],"jetpack_likes_enabled":true,"_links":{"self":[{"href":"http:\/\/projetscitoyens.francas71.org\/index.php?rest_route=\/wp\/v2\/posts\/4003"}],"collection":[{"href":"http:\/\/projetscitoyens.francas71.org\/index.php?rest_route=\/wp\/v2\/posts"}],"about":[{"href":"http:\/\/projetscitoyens.francas71.org\/index.php?rest_route=\/wp\/v2\/types\/post"}],"author":[{"embeddable":true,"href":"http:\/\/projetscitoyens.francas71.org\/index.php?rest_route=\/wp\/v2\/users\/1"}],"replies":[{"embeddable":true,"href":"http:\/\/projetscitoyens.francas71.org\/index.php?rest_route=%2Fwp%2Fv2%2Fcomments&post=4003"}],"version-history":[{"count":2,"href":"http:\/\/projetscitoyens.francas71.org\/index.php?rest_route=\/wp\/v2\/posts\/4003\/revisions"}],"predecessor-version":[{"id":4006,"href":"http:\/\/projetscitoyens.francas71.org\/index.php?rest_route=\/wp\/v2\/posts\/4003\/revisions\/4006"}],"wp:attachment":[{"href":"http:\/\/projetscitoyens.francas71.org\/index.php?rest_route=%2Fwp%2Fv2%2Fmedia&parent=4003"}],"wp:term":[{"taxonomy":"category","embeddable":true,"href":"http:\/\/projetscitoyens.francas71.org\/index.php?rest_route=%2Fwp%2Fv2%2Fcategories&post=4003"},{"taxonomy":"post_tag","embeddable":true,"href":"http:\/\/projetscitoyens.francas71.org\/index.php?rest_route=%2Fwp%2Fv2%2Ftags&post=4003"}],"curies":[{"name":"wp","href":"https:\/\/api.w.org\/{rel}","templated":true}]}}