{"id":4012,"date":"2025-05-19T12:49:19","date_gmt":"2025-05-19T11:49:19","guid":{"rendered":"http:\/\/projetscitoyens.francas71.org\/?p=4012"},"modified":"2025-05-19T12:49:19","modified_gmt":"2025-05-19T11:49:19","slug":"retour-sur-lannee-2024","status":"publish","type":"post","link":"http:\/\/projetscitoyens.francas71.org\/?p=4012","title":{"rendered":"Retour sur l&rsquo;ann\u00e9e 2024"},"content":{"rendered":"\n<h3 class=\"wp-block-heading has-vivid-red-color has-text-color has-link-color wp-elements-f92e1f3055638c4cb784939a02ccae41\">L&rsquo;assembl\u00e9e g\u00e9n\u00e9rale de l&rsquo;association s&rsquo;est d\u00e9roul\u00e9e ce vendredi 16 mai. Lors de ce rendez-vous important, les adh\u00e9rents ont approuv\u00e9 les diff\u00e9rents rapports, dont le rapport d&rsquo;activit\u00e9 2024.<\/h3>\n\n\n\n<p>Une ann\u00e9e 2024 qui aura permis de poursuivre l&rsquo;accompagnement des espaces \u00e9ducatifs adh\u00e9rents et partenaires, d&rsquo;initier une action p\u00e9dagogique artistique, la Caravane des Arts, mais aussi d&rsquo;assurer la poursuite de la relance du BAFA sur la r\u00e9gion et sur le d\u00e9partement.<\/p>\n\n\n\n<p>Vous pouvez d\u00e9couvrir toute l&rsquo;activit\u00e9 de l&rsquo;association en consultant <a href=\"http:\/\/projetscitoyens.francas71.org\/wp-content\/uploads\/2025\/05\/rapport-activite-2024-mail.pdf\" onclick=\"return TrackClick('http%3A%2F%2Fprojetscitoyens.francas71.org%2Fwp-content%2Fuploads%2F2025%2F05%2Frapport-activite-2024-mail.pdf','le+rapport+d%22activit%C3%A9')\">le rapport d&rsquo;activit\u00e9<\/a><\/p>\n\n\n\n<p><\/p>\n","protected":false},"excerpt":{"rendered":"<p>L&rsquo;assembl\u00e9e g\u00e9n\u00e9rale de l&rsquo;association s&rsquo;est d\u00e9roul\u00e9e ce vendredi 16 mai. Lors de ce rendez-vous important, les adh\u00e9rents ont approuv\u00e9 les diff\u00e9rents rapports, dont le rapport d&rsquo;activit\u00e9 2024. Une ann\u00e9e 2024 qui aura permis de poursuivre l&rsquo;accompagnement des espaces \u00e9ducatifs adh\u00e9rents et partenaires, d&rsquo;initier une action p\u00e9dagogique artistique, la Caravane des Arts, mais aussi d&rsquo;assurer la poursuite de la relance du BAFA sur la r\u00e9gion et sur le d\u00e9partement. Vous pouvez d\u00e9couvrir toute l&rsquo;activit\u00e9 de l&rsquo;association en consultant le rapport d&rsquo;activit\u00e9<\/p>\n","protected":false},"author":1,"featured_media":4013,"comment_status":"open","ping_status":"open","sticky":false,"template":"","format":"standard","meta":{"jetpack_post_was_ever_published":false,"_jetpack_newsletter_access":"","_jetpack_dont_email_post_to_subs":true,"_jetpack_newsletter_tier_id":0,"_jetpack_memberships_contains_paywalled_content":false,"_jetpack_memberships_contains_paid_content":false,"footnotes":"","jetpack_publicize_message":"","jetpack_publicize_feature_enabled":true,"jetpack_social_post_already_shared":true,"jetpack_social_options":{"image_generator_settings":{"template":"highway","enabled":false},"version":2}},"categories":[241],"tags":[357,358,134,359,27,123],"class_list":["post-4012","post","type-post","status-publish","format-standard","has-post-thumbnail","hentry","category-actualites","tag-activite","tag-arts","tag-association","tag-bilan","tag-centres-de-loisirs","tag-education"],"jetpack_publicize_connections":[],"jetpack_featured_media_url":"https:\/\/i0.wp.com\/projetscitoyens.francas71.org\/wp-content\/uploads\/2025\/05\/couv.jpg?fit=794%2C1123","jetpack_sharing_enabled":true,"jetpack_shortlink":"https:\/\/wp.me\/p6M0zG-12I","jetpack-related-posts":[],"jetpack_likes_enabled":true,"_links":{"self":[{"href":"http:\/\/projetscitoyens.francas71.org\/index.php?rest_route=\/wp\/v2\/posts\/4012"}],"collection":[{"href":"http:\/\/projetscitoyens.francas71.org\/index.php?rest_route=\/wp\/v2\/posts"}],"about":[{"href":"http:\/\/projetscitoyens.francas71.org\/index.php?rest_route=\/wp\/v2\/types\/post"}],"author":[{"embeddable":true,"href":"http:\/\/projetscitoyens.francas71.org\/index.php?rest_route=\/wp\/v2\/users\/1"}],"replies":[{"embeddable":true,"href":"http:\/\/projetscitoyens.francas71.org\/index.php?rest_route=%2Fwp%2Fv2%2Fcomments&post=4012"}],"version-history":[{"count":1,"href":"http:\/\/projetscitoyens.francas71.org\/index.php?rest_route=\/wp\/v2\/posts\/4012\/revisions"}],"predecessor-version":[{"id":4014,"href":"http:\/\/projetscitoyens.francas71.org\/index.php?rest_route=\/wp\/v2\/posts\/4012\/revisions\/4014"}],"wp:featuredmedia":[{"embeddable":true,"href":"http:\/\/projetscitoyens.francas71.org\/index.php?rest_route=\/wp\/v2\/media\/4013"}],"wp:attachment":[{"href":"http:\/\/projetscitoyens.francas71.org\/index.php?rest_route=%2Fwp%2Fv2%2Fmedia&parent=4012"}],"wp:term":[{"taxonomy":"category","embeddable":true,"href":"http:\/\/projetscitoyens.francas71.org\/index.php?rest_route=%2Fwp%2Fv2%2Fcategories&post=4012"},{"taxonomy":"post_tag","embeddable":true,"href":"http:\/\/projetscitoyens.francas71.org\/index.php?rest_route=%2Fwp%2Fv2%2Ftags&post=4012"}],"curies":[{"name":"wp","href":"https:\/\/api.w.org\/{rel}","templated":true}]}}