{"id":4017,"date":"2025-07-22T16:00:59","date_gmt":"2025-07-22T15:00:59","guid":{"rendered":"http:\/\/projetscitoyens.francas71.org\/?p=4017"},"modified":"2025-07-22T16:00:59","modified_gmt":"2025-07-22T15:00:59","slug":"la-tournee-dete-de-la-radio","status":"publish","type":"post","link":"http:\/\/projetscitoyens.francas71.org\/?p=4017","title":{"rendered":"La Tourn\u00e9e d&rsquo;\u00e9t\u00e9 de la radio"},"content":{"rendered":"\n<h3 class=\"wp-block-heading has-vivid-red-color has-text-color has-link-color wp-elements-95c4c99ca85e87bb6ab68d152a759735\">Aujourd&rsquo;hui mardi 22 juillet, troisi\u00e8me journ\u00e9e de la tourn\u00e9e d&rsquo;\u00e9t\u00e9 de la radio Francas en Sa\u00f4ne et Loire, avec une journ\u00e9e au <a href=\"https:\/\/www.mairie-saintvallier.fr\/contacts\/centre-de-loisirs\/\" onclick=\"return TrackClick('https%3A%2F%2Fwww.mairie-saintvallier.fr%2Fcontacts%2Fcentre-de-loisirs%2F','centre+de+loisirs+de+St+Vallier')\">centre de loisirs de St Vallier<\/a><\/h3>\n\n\n\n<p>Un petit groupe d&rsquo;enfants volontaires a r\u00e9alis\u00e9 une grande \u00e9mission sur le th\u00e8me des vacances \u00e0 la mer ! M\u00eame si la plage et la mer sont tr\u00e8s \u00e9loign\u00e9es du centre de loisirs, les enfants ont eu des id\u00e9es de sujets relatifs au th\u00e8me. Des infos, une histoire \u00e9tonnante, des souvenirs, le tout illustr\u00e9 par des chansons choisies par le groupe.<\/p>\n\n\n\n<figure class=\"wp-block-audio\"><audio controls src=\"http:\/\/projetscitoyens.francas71.org\/wp-content\/uploads\/2025\/07\/AD71-St-Vallier-grande-emission-du-22-juillet.mp3\"><\/audio><\/figure>\n\n\n\n<figure class=\"wp-block-gallery has-nested-images columns-default is-cropped wp-block-gallery-1 is-layout-flex wp-block-gallery-is-layout-flex\">\n<figure class=\"wp-block-image size-large\"><a href=\"https:\/\/i0.wp.com\/projetscitoyens.francas71.org\/wp-content\/uploads\/2025\/07\/sv07.jpg\" onclick=\"return TrackClick('http%3A%2F%2Fprojetscitoyens.francas71.org%2Fwp-content%2Fuploads%2F2025%2F07%2Fsv07.jpg','')\"><img loading=\"lazy\" decoding=\"async\" width=\"640\" height=\"303\" data-attachment-id=\"4027\" data-permalink=\"http:\/\/projetscitoyens.francas71.org\/?attachment_id=4027\" data-orig-file=\"https:\/\/i0.wp.com\/projetscitoyens.francas71.org\/wp-content\/uploads\/2025\/07\/sv07.jpg?fit=1057%2C500\" data-orig-size=\"1057,500\" data-comments-opened=\"1\" data-image-meta=\"{&quot;aperture&quot;:&quot;0&quot;,&quot;credit&quot;:&quot;&quot;,&quot;camera&quot;:&quot;&quot;,&quot;caption&quot;:&quot;&quot;,&quot;created_timestamp&quot;:&quot;0&quot;,&quot;copyright&quot;:&quot;&quot;,&quot;focal_length&quot;:&quot;0&quot;,&quot;iso&quot;:&quot;0&quot;,&quot;shutter_speed&quot;:&quot;0&quot;,&quot;title&quot;:&quot;&quot;,&quot;orientation&quot;:&quot;0&quot;}\" data-image-title=\"sv07\" data-image-description=\"\" data-image-caption=\"\" data-medium-file=\"https:\/\/i0.wp.com\/projetscitoyens.francas71.org\/wp-content\/uploads\/2025\/07\/sv07.jpg?fit=300%2C142\" data-large-file=\"https:\/\/i0.wp.com\/projetscitoyens.francas71.org\/wp-content\/uploads\/2025\/07\/sv07.jpg?fit=640%2C303\" tabindex=\"0\" role=\"button\" data-id=\"4027\" src=\"https:\/\/i0.wp.com\/projetscitoyens.francas71.org\/wp-content\/uploads\/2025\/07\/sv07.jpg?resize=640%2C303\" alt=\"\" class=\"wp-image-4027\" srcset=\"https:\/\/i0.wp.com\/projetscitoyens.francas71.org\/wp-content\/uploads\/2025\/07\/sv07.jpg?resize=1024%2C484 1024w, https:\/\/i0.wp.com\/projetscitoyens.francas71.org\/wp-content\/uploads\/2025\/07\/sv07.jpg?resize=300%2C142 300w, https:\/\/i0.wp.com\/projetscitoyens.francas71.org\/wp-content\/uploads\/2025\/07\/sv07.jpg?resize=768%2C363 768w, https:\/\/i0.wp.com\/projetscitoyens.francas71.org\/wp-content\/uploads\/2025\/07\/sv07.jpg?resize=571%2C270 571w, https:\/\/i0.wp.com\/projetscitoyens.francas71.org\/wp-content\/uploads\/2025\/07\/sv07.jpg?w=1057 1057w\" sizes=\"(max-width: 640px) 100vw, 640px\" data-recalc-dims=\"1\" \/><\/a><\/figure>\n\n\n\n<figure class=\"wp-block-image size-large\"><a href=\"https:\/\/i0.wp.com\/projetscitoyens.francas71.org\/wp-content\/uploads\/2025\/07\/sv05.jpg\" onclick=\"return TrackClick('http%3A%2F%2Fprojetscitoyens.francas71.org%2Fwp-content%2Fuploads%2F2025%2F07%2Fsv05.jpg','')\"><img loading=\"lazy\" decoding=\"async\" width=\"640\" height=\"303\" data-attachment-id=\"4025\" data-permalink=\"http:\/\/projetscitoyens.francas71.org\/?attachment_id=4025\" data-orig-file=\"https:\/\/i0.wp.com\/projetscitoyens.francas71.org\/wp-content\/uploads\/2025\/07\/sv05.jpg?fit=1057%2C500\" data-orig-size=\"1057,500\" data-comments-opened=\"1\" data-image-meta=\"{&quot;aperture&quot;:&quot;0&quot;,&quot;credit&quot;:&quot;&quot;,&quot;camera&quot;:&quot;&quot;,&quot;caption&quot;:&quot;&quot;,&quot;created_timestamp&quot;:&quot;0&quot;,&quot;copyright&quot;:&quot;&quot;,&quot;focal_length&quot;:&quot;0&quot;,&quot;iso&quot;:&quot;0&quot;,&quot;shutter_speed&quot;:&quot;0&quot;,&quot;title&quot;:&quot;&quot;,&quot;orientation&quot;:&quot;0&quot;}\" data-image-title=\"sv05\" data-image-description=\"\" data-image-caption=\"\" data-medium-file=\"https:\/\/i0.wp.com\/projetscitoyens.francas71.org\/wp-content\/uploads\/2025\/07\/sv05.jpg?fit=300%2C142\" data-large-file=\"https:\/\/i0.wp.com\/projetscitoyens.francas71.org\/wp-content\/uploads\/2025\/07\/sv05.jpg?fit=640%2C303\" tabindex=\"0\" role=\"button\" data-id=\"4025\" src=\"https:\/\/i0.wp.com\/projetscitoyens.francas71.org\/wp-content\/uploads\/2025\/07\/sv05.jpg?resize=640%2C303\" alt=\"\" class=\"wp-image-4025\" srcset=\"https:\/\/i0.wp.com\/projetscitoyens.francas71.org\/wp-content\/uploads\/2025\/07\/sv05.jpg?resize=1024%2C484 1024w, https:\/\/i0.wp.com\/projetscitoyens.francas71.org\/wp-content\/uploads\/2025\/07\/sv05.jpg?resize=300%2C142 300w, https:\/\/i0.wp.com\/projetscitoyens.francas71.org\/wp-content\/uploads\/2025\/07\/sv05.jpg?resize=768%2C363 768w, https:\/\/i0.wp.com\/projetscitoyens.francas71.org\/wp-content\/uploads\/2025\/07\/sv05.jpg?resize=571%2C270 571w, https:\/\/i0.wp.com\/projetscitoyens.francas71.org\/wp-content\/uploads\/2025\/07\/sv05.jpg?w=1057 1057w\" sizes=\"(max-width: 640px) 100vw, 640px\" data-recalc-dims=\"1\" \/><\/a><\/figure>\n\n\n\n<figure class=\"wp-block-image size-large\"><a href=\"https:\/\/i0.wp.com\/projetscitoyens.francas71.org\/wp-content\/uploads\/2025\/07\/sv04.jpg\" onclick=\"return TrackClick('http%3A%2F%2Fprojetscitoyens.francas71.org%2Fwp-content%2Fuploads%2F2025%2F07%2Fsv04.jpg','')\"><img loading=\"lazy\" decoding=\"async\" width=\"640\" height=\"400\" data-attachment-id=\"4024\" data-permalink=\"http:\/\/projetscitoyens.francas71.org\/?attachment_id=4024\" data-orig-file=\"https:\/\/i0.wp.com\/projetscitoyens.francas71.org\/wp-content\/uploads\/2025\/07\/sv04.jpg?fit=801%2C500\" data-orig-size=\"801,500\" data-comments-opened=\"1\" data-image-meta=\"{&quot;aperture&quot;:&quot;0&quot;,&quot;credit&quot;:&quot;&quot;,&quot;camera&quot;:&quot;&quot;,&quot;caption&quot;:&quot;&quot;,&quot;created_timestamp&quot;:&quot;0&quot;,&quot;copyright&quot;:&quot;&quot;,&quot;focal_length&quot;:&quot;0&quot;,&quot;iso&quot;:&quot;0&quot;,&quot;shutter_speed&quot;:&quot;0&quot;,&quot;title&quot;:&quot;&quot;,&quot;orientation&quot;:&quot;0&quot;}\" data-image-title=\"sv04\" data-image-description=\"\" data-image-caption=\"\" data-medium-file=\"https:\/\/i0.wp.com\/projetscitoyens.francas71.org\/wp-content\/uploads\/2025\/07\/sv04.jpg?fit=300%2C187\" data-large-file=\"https:\/\/i0.wp.com\/projetscitoyens.francas71.org\/wp-content\/uploads\/2025\/07\/sv04.jpg?fit=640%2C400\" tabindex=\"0\" role=\"button\" data-id=\"4024\" src=\"https:\/\/i0.wp.com\/projetscitoyens.francas71.org\/wp-content\/uploads\/2025\/07\/sv04.jpg?resize=640%2C400\" onclick=\"return TrackClick('http%3A%2F%2Fprojetscitoyens.francas71.org%2Fwp-content%2Fuploads%2F2025%2F07%2Fsv04.jpg','')\" alt=\"\" class=\"wp-image-4024\" srcset=\"https:\/\/i0.wp.com\/projetscitoyens.francas71.org\/wp-content\/uploads\/2025\/07\/sv04.jpg?w=801 801w, https:\/\/i0.wp.com\/projetscitoyens.francas71.org\/wp-content\/uploads\/2025\/07\/sv04.jpg?resize=300%2C187 300w, https:\/\/i0.wp.com\/projetscitoyens.francas71.org\/wp-content\/uploads\/2025\/07\/sv04.jpg?resize=768%2C479 768w, https:\/\/i0.wp.com\/projetscitoyens.francas71.org\/wp-content\/uploads\/2025\/07\/sv04.jpg?resize=433%2C270 433w\" sizes=\"(max-width: 640px) 100vw, 640px\" data-recalc-dims=\"1\" \/><\/a><\/figure>\n\n\n\n<figure class=\"wp-block-image size-large\"><a href=\"https:\/\/i0.wp.com\/projetscitoyens.francas71.org\/wp-content\/uploads\/2025\/07\/sv03.jpg\" onclick=\"return TrackClick('http%3A%2F%2Fprojetscitoyens.francas71.org%2Fwp-content%2Fuploads%2F2025%2F07%2Fsv03.jpg','')\"><img loading=\"lazy\" decoding=\"async\" width=\"500\" height=\"778\" data-attachment-id=\"4023\" data-permalink=\"http:\/\/projetscitoyens.francas71.org\/?attachment_id=4023\" data-orig-file=\"https:\/\/i0.wp.com\/projetscitoyens.francas71.org\/wp-content\/uploads\/2025\/07\/sv03.jpg?fit=500%2C778\" data-orig-size=\"500,778\" data-comments-opened=\"1\" data-image-meta=\"{&quot;aperture&quot;:&quot;0&quot;,&quot;credit&quot;:&quot;&quot;,&quot;camera&quot;:&quot;&quot;,&quot;caption&quot;:&quot;&quot;,&quot;created_timestamp&quot;:&quot;0&quot;,&quot;copyright&quot;:&quot;&quot;,&quot;focal_length&quot;:&quot;0&quot;,&quot;iso&quot;:&quot;0&quot;,&quot;shutter_speed&quot;:&quot;0&quot;,&quot;title&quot;:&quot;&quot;,&quot;orientation&quot;:&quot;0&quot;}\" data-image-title=\"sv03\" data-image-description=\"\" data-image-caption=\"\" data-medium-file=\"https:\/\/i0.wp.com\/projetscitoyens.francas71.org\/wp-content\/uploads\/2025\/07\/sv03.jpg?fit=193%2C300\" data-large-file=\"https:\/\/i0.wp.com\/projetscitoyens.francas71.org\/wp-content\/uploads\/2025\/07\/sv03.jpg?fit=500%2C778\" tabindex=\"0\" role=\"button\" data-id=\"4023\" src=\"https:\/\/i0.wp.com\/projetscitoyens.francas71.org\/wp-content\/uploads\/2025\/07\/sv03.jpg?resize=500%2C778\" onclick=\"return TrackClick('http%3A%2F%2Fprojetscitoyens.francas71.org%2Fwp-content%2Fuploads%2F2025%2F07%2Fsv03.jpg','')\" alt=\"\" class=\"wp-image-4023\" srcset=\"https:\/\/i0.wp.com\/projetscitoyens.francas71.org\/wp-content\/uploads\/2025\/07\/sv03.jpg?w=500 500w, https:\/\/i0.wp.com\/projetscitoyens.francas71.org\/wp-content\/uploads\/2025\/07\/sv03.jpg?resize=193%2C300 193w, https:\/\/i0.wp.com\/projetscitoyens.francas71.org\/wp-content\/uploads\/2025\/07\/sv03.jpg?resize=174%2C270 174w\" sizes=\"(max-width: 500px) 100vw, 500px\" data-recalc-dims=\"1\" \/><\/a><\/figure>\n\n\n\n<figure class=\"wp-block-image size-large\"><a href=\"https:\/\/i0.wp.com\/projetscitoyens.francas71.org\/wp-content\/uploads\/2025\/07\/sv02.jpg\" onclick=\"return TrackClick('http%3A%2F%2Fprojetscitoyens.francas71.org%2Fwp-content%2Fuploads%2F2025%2F07%2Fsv02.jpg','')\"><img loading=\"lazy\" decoding=\"async\" width=\"640\" height=\"411\" data-attachment-id=\"4022\" data-permalink=\"http:\/\/projetscitoyens.francas71.org\/?attachment_id=4022\" data-orig-file=\"https:\/\/i0.wp.com\/projetscitoyens.francas71.org\/wp-content\/uploads\/2025\/07\/sv02.jpg?fit=779%2C500\" data-orig-size=\"779,500\" data-comments-opened=\"1\" data-image-meta=\"{&quot;aperture&quot;:&quot;0&quot;,&quot;credit&quot;:&quot;&quot;,&quot;camera&quot;:&quot;&quot;,&quot;caption&quot;:&quot;&quot;,&quot;created_timestamp&quot;:&quot;0&quot;,&quot;copyright&quot;:&quot;&quot;,&quot;focal_length&quot;:&quot;0&quot;,&quot;iso&quot;:&quot;0&quot;,&quot;shutter_speed&quot;:&quot;0&quot;,&quot;title&quot;:&quot;&quot;,&quot;orientation&quot;:&quot;0&quot;}\" data-image-title=\"sv02\" data-image-description=\"\" data-image-caption=\"\" data-medium-file=\"https:\/\/i0.wp.com\/projetscitoyens.francas71.org\/wp-content\/uploads\/2025\/07\/sv02.jpg?fit=300%2C193\" data-large-file=\"https:\/\/i0.wp.com\/projetscitoyens.francas71.org\/wp-content\/uploads\/2025\/07\/sv02.jpg?fit=640%2C411\" tabindex=\"0\" role=\"button\" data-id=\"4022\" src=\"https:\/\/i0.wp.com\/projetscitoyens.francas71.org\/wp-content\/uploads\/2025\/07\/sv02.jpg?resize=640%2C411\" onclick=\"return TrackClick('http%3A%2F%2Fprojetscitoyens.francas71.org%2Fwp-content%2Fuploads%2F2025%2F07%2Fsv02.jpg','')\" alt=\"\" class=\"wp-image-4022\" srcset=\"https:\/\/i0.wp.com\/projetscitoyens.francas71.org\/wp-content\/uploads\/2025\/07\/sv02.jpg?w=779 779w, https:\/\/i0.wp.com\/projetscitoyens.francas71.org\/wp-content\/uploads\/2025\/07\/sv02.jpg?resize=300%2C193 300w, https:\/\/i0.wp.com\/projetscitoyens.francas71.org\/wp-content\/uploads\/2025\/07\/sv02.jpg?resize=768%2C493 768w, https:\/\/i0.wp.com\/projetscitoyens.francas71.org\/wp-content\/uploads\/2025\/07\/sv02.jpg?resize=421%2C270 421w\" sizes=\"(max-width: 640px) 100vw, 640px\" data-recalc-dims=\"1\" \/><\/a><\/figure>\n<\/figure>\n\n\n\n<p>Vous pourrez aussi retrouver cette \u00e9mission sur la web radio nationale des Francas &#8230; <a href=\"https:\/\/lesradiosfrancas.fr\/\" onclick=\"return TrackClick('https%3A%2F%2Flesradiosfrancas.fr%2F','https%3A%2F%2Flesradiosfrancas.fr%2F')\">https:\/\/lesradiosfrancas.fr\/<\/a><\/p>\n\n\n\n<p>Cette tourn\u00e9e d&rsquo;\u00e9t\u00e9 est soutenue par le Service D\u00e9partemental de la Jeunesse de l&rsquo;Engagement et du Sport de Sa\u00f4ne et Loire et s&rsquo;inscrit dans l&rsquo;action nationale \u00ab\u00a0Kids radio europe\u00a0\u00bb des Francas b\u00e9n\u00e9ficiant d&rsquo;un soutien europ\u00e9en.<\/p>\n","protected":false},"excerpt":{"rendered":"<p>Aujourd&rsquo;hui mardi 22 juillet, troisi\u00e8me journ\u00e9e de la tourn\u00e9e d&rsquo;\u00e9t\u00e9 de la radio Francas en Sa\u00f4ne et Loire, avec une journ\u00e9e au centre de loisirs de St Vallier Un petit groupe d&rsquo;enfants volontaires a r\u00e9alis\u00e9 une grande \u00e9mission sur le th\u00e8me des vacances \u00e0 la mer ! M\u00eame si la plage et la mer sont tr\u00e8s \u00e9loign\u00e9es du centre de loisirs, les enfants ont eu des id\u00e9es de sujets relatifs au th\u00e8me. Des infos, une histoire \u00e9tonnante, des souvenirs, le&#8230;<\/p>\n<p class=\"read-more\"><a class=\"btn btn-default\" href=\"http:\/\/projetscitoyens.francas71.org\/?p=4017\" onclick=\"return TrackClick('http%3A%2F%2Fprojetscitoyens.francas71.org%2F%3Fp%3D4017','Lire+la+suite+Lire+la+suite')\">Lire la suite<span class=\"screen-reader-text\"> Lire la suite<\/span><\/a><\/p>\n","protected":false},"author":1,"featured_media":4021,"comment_status":"open","ping_status":"open","sticky":false,"template":"","format":"standard","meta":{"jetpack_post_was_ever_published":false,"_jetpack_newsletter_access":"","_jetpack_dont_email_post_to_subs":false,"_jetpack_newsletter_tier_id":0,"_jetpack_memberships_contains_paywalled_content":false,"_jetpack_memberships_contains_paid_content":false,"footnotes":"","jetpack_publicize_message":"","jetpack_publicize_feature_enabled":true,"jetpack_social_post_already_shared":true,"jetpack_social_options":{"image_generator_settings":{"template":"highway","enabled":false},"version":2}},"categories":[214],"tags":[123,141,192,360],"class_list":["post-4017","post","type-post","status-publish","format-standard","has-post-thumbnail","hentry","category-la-radio","tag-education","tag-europe","tag-expression","tag-media-2"],"jetpack_publicize_connections":[],"jetpack_featured_media_url":"https:\/\/i0.wp.com\/projetscitoyens.francas71.org\/wp-content\/uploads\/2025\/07\/sv-01.jpg?fit=500%2C674","jetpack_sharing_enabled":true,"jetpack_shortlink":"https:\/\/wp.me\/p6M0zG-12N","jetpack-related-posts":[],"jetpack_likes_enabled":true,"_links":{"self":[{"href":"http:\/\/projetscitoyens.francas71.org\/index.php?rest_route=\/wp\/v2\/posts\/4017"}],"collection":[{"href":"http:\/\/projetscitoyens.francas71.org\/index.php?rest_route=\/wp\/v2\/posts"}],"about":[{"href":"http:\/\/projetscitoyens.francas71.org\/index.php?rest_route=\/wp\/v2\/types\/post"}],"author":[{"embeddable":true,"href":"http:\/\/projetscitoyens.francas71.org\/index.php?rest_route=\/wp\/v2\/users\/1"}],"replies":[{"embeddable":true,"href":"http:\/\/projetscitoyens.francas71.org\/index.php?rest_route=%2Fwp%2Fv2%2Fcomments&post=4017"}],"version-history":[{"count":4,"href":"http:\/\/projetscitoyens.francas71.org\/index.php?rest_route=\/wp\/v2\/posts\/4017\/revisions"}],"predecessor-version":[{"id":4028,"href":"http:\/\/projetscitoyens.francas71.org\/index.php?rest_route=\/wp\/v2\/posts\/4017\/revisions\/4028"}],"wp:featuredmedia":[{"embeddable":true,"href":"http:\/\/projetscitoyens.francas71.org\/index.php?rest_route=\/wp\/v2\/media\/4021"}],"wp:attachment":[{"href":"http:\/\/projetscitoyens.francas71.org\/index.php?rest_route=%2Fwp%2Fv2%2Fmedia&parent=4017"}],"wp:term":[{"taxonomy":"category","embeddable":true,"href":"http:\/\/projetscitoyens.francas71.org\/index.php?rest_route=%2Fwp%2Fv2%2Fcategories&post=4017"},{"taxonomy":"post_tag","embeddable":true,"href":"http:\/\/projetscitoyens.francas71.org\/index.php?rest_route=%2Fwp%2Fv2%2Ftags&post=4017"}],"curies":[{"name":"wp","href":"https:\/\/api.w.org\/{rel}","templated":true}]}}