{"id":403,"date":"2012-10-15T13:38:56","date_gmt":"2012-10-15T12:38:56","guid":{"rendered":"http:\/\/www.francas71.org\/projetscitoyens\/?p=403"},"modified":"2019-12-16T14:33:49","modified_gmt":"2019-12-16T13:33:49","slug":"sanvignes-temps-meridien","status":"publish","type":"post","link":"http:\/\/projetscitoyens.francas71.org\/?p=403","title":{"rendered":"Sanvignes &#8211; temps m\u00e9ridien"},"content":{"rendered":"<p>Depuis mi septembre de cette ann\u00e9e 2012, un petit groupe de 8 enfants se mobilisent pour d\u00e9couvrir les Droits de l&rsquo;Enfant et r\u00e9aliser des affiches pour le concours \u00ab\u00a0Agis pour tes droits\u00a0\u00bb.<br \/>\nSur le temps de midi, sur la base du volontariat, ils se retrouvent \u00e0 leur rythme autour de Fanfan et d&rsquo;Odette pour se questionner, r\u00e9fl\u00e9chir et r\u00e9aliser des affiches.<\/p>\n<p><a href=\"https:\/\/i0.wp.com\/www.francas71.org\/projetscitoyens\/wp-content\/uploads\/2012\/10\/logo-APTD-2012-web.jpg\" onclick=\"return TrackClick('http%3A%2F%2Fwww.francas71.org%2Fprojetscitoyens%2Fwp-content%2Fuploads%2F2012%2F10%2Flogo-APTD-2012-web.jpg','logo+APTD+2012+web')\"><img loading=\"lazy\" decoding=\"async\" data-attachment-id=\"412\" data-permalink=\"http:\/\/projetscitoyens.francas71.org\/?attachment_id=412\" data-orig-file=\"https:\/\/i0.wp.com\/projetscitoyens.francas71.org\/wp-content\/uploads\/2012\/10\/logo-APTD-2012-web.jpg?fit=500%2C296\" data-orig-size=\"500,296\" data-comments-opened=\"1\" data-image-meta=\"{&quot;aperture&quot;:&quot;0&quot;,&quot;credit&quot;:&quot;&quot;,&quot;camera&quot;:&quot;&quot;,&quot;caption&quot;:&quot;&quot;,&quot;created_timestamp&quot;:&quot;0&quot;,&quot;copyright&quot;:&quot;&quot;,&quot;focal_length&quot;:&quot;0&quot;,&quot;iso&quot;:&quot;0&quot;,&quot;shutter_speed&quot;:&quot;0&quot;,&quot;title&quot;:&quot;&quot;}\" data-image-title=\"logo APTD 2012 web\" data-image-description=\"\" data-image-caption=\"\" data-medium-file=\"https:\/\/i0.wp.com\/projetscitoyens.francas71.org\/wp-content\/uploads\/2012\/10\/logo-APTD-2012-web.jpg?fit=300%2C177\" data-large-file=\"https:\/\/i0.wp.com\/projetscitoyens.francas71.org\/wp-content\/uploads\/2012\/10\/logo-APTD-2012-web.jpg?fit=500%2C296\" tabindex=\"0\" role=\"button\" class=\"aligncenter size-medium wp-image-412\" title=\"logo APTD 2012 web\" src=\"https:\/\/i0.wp.com\/www.francas71.org\/projetscitoyens\/wp-content\/uploads\/2012\/10\/logo-APTD-2012-web-300x177.jpg?resize=300%2C177\" alt=\"\" width=\"300\" height=\"177\" srcset=\"https:\/\/i0.wp.com\/projetscitoyens.francas71.org\/wp-content\/uploads\/2012\/10\/logo-APTD-2012-web.jpg?resize=300%2C177 300w, https:\/\/i0.wp.com\/projetscitoyens.francas71.org\/wp-content\/uploads\/2012\/10\/logo-APTD-2012-web.jpg?w=500 500w\" sizes=\"(max-width: 300px) 100vw, 300px\" data-recalc-dims=\"1\" \/><\/a><\/p>\n","protected":false},"excerpt":{"rendered":"<p>Depuis mi septembre de cette ann\u00e9e 2012, un petit groupe de 8 enfants se mobilisent pour d\u00e9couvrir les Droits de l&rsquo;Enfant et r\u00e9aliser des affiches pour le concours \u00ab\u00a0Agis pour tes droits\u00a0\u00bb. Sur le temps de midi, sur la base du volontariat, ils se retrouvent \u00e0 leur rythme autour de Fanfan et d&rsquo;Odette pour se questionner, r\u00e9fl\u00e9chir et r\u00e9aliser des affiches.<\/p>\n","protected":false},"author":1,"featured_media":412,"comment_status":"open","ping_status":"open","sticky":false,"template":"","format":"standard","meta":{"jetpack_post_was_ever_published":false,"_jetpack_newsletter_access":"","_jetpack_dont_email_post_to_subs":false,"_jetpack_newsletter_tier_id":0,"_jetpack_memberships_contains_paywalled_content":false,"_jetpack_memberships_contains_paid_content":false,"footnotes":"","jetpack_publicize_message":"","jetpack_publicize_feature_enabled":true,"jetpack_social_post_already_shared":false,"jetpack_social_options":{"image_generator_settings":{"template":"highway","enabled":false},"version":2}},"categories":[119,138],"tags":[],"class_list":["post-403","post","type-post","status-publish","format-standard","has-post-thumbnail","hentry","category-agis-pour-tes-droits-2","category-2012-les-droits-de-lenfant-agis-pour-tes-droits-2"],"jetpack_publicize_connections":[],"jetpack_featured_media_url":"https:\/\/i0.wp.com\/projetscitoyens.francas71.org\/wp-content\/uploads\/2012\/10\/logo-APTD-2012-web.jpg?fit=500%2C296","jetpack_sharing_enabled":true,"jetpack_shortlink":"https:\/\/wp.me\/p6M0zG-6v","jetpack-related-posts":[],"jetpack_likes_enabled":true,"_links":{"self":[{"href":"http:\/\/projetscitoyens.francas71.org\/index.php?rest_route=\/wp\/v2\/posts\/403"}],"collection":[{"href":"http:\/\/projetscitoyens.francas71.org\/index.php?rest_route=\/wp\/v2\/posts"}],"about":[{"href":"http:\/\/projetscitoyens.francas71.org\/index.php?rest_route=\/wp\/v2\/types\/post"}],"author":[{"embeddable":true,"href":"http:\/\/projetscitoyens.francas71.org\/index.php?rest_route=\/wp\/v2\/users\/1"}],"replies":[{"embeddable":true,"href":"http:\/\/projetscitoyens.francas71.org\/index.php?rest_route=%2Fwp%2Fv2%2Fcomments&post=403"}],"version-history":[{"count":7,"href":"http:\/\/projetscitoyens.francas71.org\/index.php?rest_route=\/wp\/v2\/posts\/403\/revisions"}],"predecessor-version":[{"id":411,"href":"http:\/\/projetscitoyens.francas71.org\/index.php?rest_route=\/wp\/v2\/posts\/403\/revisions\/411"}],"wp:featuredmedia":[{"embeddable":true,"href":"http:\/\/projetscitoyens.francas71.org\/index.php?rest_route=\/wp\/v2\/media\/412"}],"wp:attachment":[{"href":"http:\/\/projetscitoyens.francas71.org\/index.php?rest_route=%2Fwp%2Fv2%2Fmedia&parent=403"}],"wp:term":[{"taxonomy":"category","embeddable":true,"href":"http:\/\/projetscitoyens.francas71.org\/index.php?rest_route=%2Fwp%2Fv2%2Fcategories&post=403"},{"taxonomy":"post_tag","embeddable":true,"href":"http:\/\/projetscitoyens.francas71.org\/index.php?rest_route=%2Fwp%2Fv2%2Ftags&post=403"}],"curies":[{"name":"wp","href":"https:\/\/api.w.org\/{rel}","templated":true}]}}