{"id":4037,"date":"2025-07-30T12:16:24","date_gmt":"2025-07-30T11:16:24","guid":{"rendered":"http:\/\/projetscitoyens.francas71.org\/?p=4037"},"modified":"2025-07-30T12:16:24","modified_gmt":"2025-07-30T11:16:24","slug":"la-tournee-dete-de-la-radio-2","status":"publish","type":"post","link":"http:\/\/projetscitoyens.francas71.org\/?p=4037","title":{"rendered":"LA TOURN\u00e9e d&rsquo;\u00e9t\u00e9 de la radio"},"content":{"rendered":"\n<h3 class=\"wp-block-heading has-vivid-red-color has-text-color has-link-color wp-elements-fc9b9c00aad3db94d6f8e2ecfb6922ec\">Vendredi 18 juillet 2025, le centre de loisirs de <a href=\"https:\/\/www.cirylenoble.fr\/\" onclick=\"return TrackClick('https%3A%2F%2Fwww.cirylenoble.fr%2F','Ciry+le+Noble')\">Ciry le Noble<\/a> accueille la premi\u00e8re date de la tourn\u00e9e d&rsquo;\u00e9t\u00e9 de la radio Francas.<\/h3>\n\n\n\n<p>Cette premi\u00e8re journ\u00e9e est symbolique car le centre de loisirs de Ciry le Noble f\u00eate ses 20 ans d&rsquo;existence, et le centre est n\u00e9 avec l&rsquo;accompagnement des Francas de Sa\u00f4ne et Loire sur une volont\u00e9 municipale. Les sujets de l&rsquo;\u00e9mission enregistr\u00e9e sur cette journ\u00e9e portent tous sur la vision du centre de loisirs par les enfants, par des parents et par le Maire actuel, Monsieur Alain ROBERT.<\/p>\n\n\n\n<p>La grande \u00e9mission r\u00e9alis\u00e9e par les enfants du centre !<\/p>\n\n\n\n<figure class=\"wp-block-audio\"><audio controls src=\"http:\/\/projetscitoyens.francas71.org\/wp-content\/uploads\/2025\/07\/AD71-Ciry-le-Noble-grande-emission-18-juillet.mp3\"><\/audio><\/figure>\n\n\n\n\n\n<figure class=\"wp-block-gallery has-nested-images columns-default is-cropped wp-block-gallery-1 is-layout-flex wp-block-gallery-is-layout-flex\">\n<figure class=\"wp-block-image size-large\"><a href=\"https:\/\/i0.wp.com\/projetscitoyens.francas71.org\/wp-content\/uploads\/2025\/07\/c05.jpg\" onclick=\"return TrackClick('http%3A%2F%2Fprojetscitoyens.francas71.org%2Fwp-content%2Fuploads%2F2025%2F07%2Fc05.jpg','')\"><img loading=\"lazy\" decoding=\"async\" width=\"640\" height=\"303\" data-attachment-id=\"4036\" data-permalink=\"http:\/\/projetscitoyens.francas71.org\/?attachment_id=4036\" data-orig-file=\"https:\/\/i0.wp.com\/projetscitoyens.francas71.org\/wp-content\/uploads\/2025\/07\/c05.jpg?fit=1057%2C500\" data-orig-size=\"1057,500\" data-comments-opened=\"1\" data-image-meta=\"{&quot;aperture&quot;:&quot;0&quot;,&quot;credit&quot;:&quot;&quot;,&quot;camera&quot;:&quot;&quot;,&quot;caption&quot;:&quot;&quot;,&quot;created_timestamp&quot;:&quot;0&quot;,&quot;copyright&quot;:&quot;&quot;,&quot;focal_length&quot;:&quot;0&quot;,&quot;iso&quot;:&quot;0&quot;,&quot;shutter_speed&quot;:&quot;0&quot;,&quot;title&quot;:&quot;&quot;,&quot;orientation&quot;:&quot;0&quot;}\" data-image-title=\"c05\" data-image-description=\"\" data-image-caption=\"\" data-medium-file=\"https:\/\/i0.wp.com\/projetscitoyens.francas71.org\/wp-content\/uploads\/2025\/07\/c05.jpg?fit=300%2C142\" data-large-file=\"https:\/\/i0.wp.com\/projetscitoyens.francas71.org\/wp-content\/uploads\/2025\/07\/c05.jpg?fit=640%2C303\" tabindex=\"0\" role=\"button\" data-id=\"4036\" src=\"https:\/\/i0.wp.com\/projetscitoyens.francas71.org\/wp-content\/uploads\/2025\/07\/c05.jpg?resize=640%2C303\" alt=\"\" class=\"wp-image-4036\" srcset=\"https:\/\/i0.wp.com\/projetscitoyens.francas71.org\/wp-content\/uploads\/2025\/07\/c05.jpg?resize=1024%2C484 1024w, https:\/\/i0.wp.com\/projetscitoyens.francas71.org\/wp-content\/uploads\/2025\/07\/c05.jpg?resize=300%2C142 300w, https:\/\/i0.wp.com\/projetscitoyens.francas71.org\/wp-content\/uploads\/2025\/07\/c05.jpg?resize=768%2C363 768w, https:\/\/i0.wp.com\/projetscitoyens.francas71.org\/wp-content\/uploads\/2025\/07\/c05.jpg?resize=571%2C270 571w, https:\/\/i0.wp.com\/projetscitoyens.francas71.org\/wp-content\/uploads\/2025\/07\/c05.jpg?w=1057 1057w\" sizes=\"(max-width: 640px) 100vw, 640px\" data-recalc-dims=\"1\" \/><\/a><\/figure>\n\n\n\n<figure class=\"wp-block-image size-large\"><a href=\"https:\/\/i0.wp.com\/projetscitoyens.francas71.org\/wp-content\/uploads\/2025\/07\/c04.jpg\" onclick=\"return TrackClick('http%3A%2F%2Fprojetscitoyens.francas71.org%2Fwp-content%2Fuploads%2F2025%2F07%2Fc04.jpg','')\"><img loading=\"lazy\" decoding=\"async\" width=\"640\" height=\"303\" data-attachment-id=\"4035\" data-permalink=\"http:\/\/projetscitoyens.francas71.org\/?attachment_id=4035\" data-orig-file=\"https:\/\/i0.wp.com\/projetscitoyens.francas71.org\/wp-content\/uploads\/2025\/07\/c04.jpg?fit=1057%2C500\" data-orig-size=\"1057,500\" data-comments-opened=\"1\" data-image-meta=\"{&quot;aperture&quot;:&quot;0&quot;,&quot;credit&quot;:&quot;&quot;,&quot;camera&quot;:&quot;&quot;,&quot;caption&quot;:&quot;&quot;,&quot;created_timestamp&quot;:&quot;0&quot;,&quot;copyright&quot;:&quot;&quot;,&quot;focal_length&quot;:&quot;0&quot;,&quot;iso&quot;:&quot;0&quot;,&quot;shutter_speed&quot;:&quot;0&quot;,&quot;title&quot;:&quot;&quot;,&quot;orientation&quot;:&quot;0&quot;}\" data-image-title=\"c04\" data-image-description=\"\" data-image-caption=\"\" data-medium-file=\"https:\/\/i0.wp.com\/projetscitoyens.francas71.org\/wp-content\/uploads\/2025\/07\/c04.jpg?fit=300%2C142\" data-large-file=\"https:\/\/i0.wp.com\/projetscitoyens.francas71.org\/wp-content\/uploads\/2025\/07\/c04.jpg?fit=640%2C303\" tabindex=\"0\" role=\"button\" data-id=\"4035\" src=\"https:\/\/i0.wp.com\/projetscitoyens.francas71.org\/wp-content\/uploads\/2025\/07\/c04.jpg?resize=640%2C303\" alt=\"\" class=\"wp-image-4035\" srcset=\"https:\/\/i0.wp.com\/projetscitoyens.francas71.org\/wp-content\/uploads\/2025\/07\/c04.jpg?resize=1024%2C484 1024w, https:\/\/i0.wp.com\/projetscitoyens.francas71.org\/wp-content\/uploads\/2025\/07\/c04.jpg?resize=300%2C142 300w, https:\/\/i0.wp.com\/projetscitoyens.francas71.org\/wp-content\/uploads\/2025\/07\/c04.jpg?resize=768%2C363 768w, https:\/\/i0.wp.com\/projetscitoyens.francas71.org\/wp-content\/uploads\/2025\/07\/c04.jpg?resize=571%2C270 571w, https:\/\/i0.wp.com\/projetscitoyens.francas71.org\/wp-content\/uploads\/2025\/07\/c04.jpg?w=1057 1057w\" sizes=\"(max-width: 640px) 100vw, 640px\" data-recalc-dims=\"1\" \/><\/a><\/figure>\n\n\n\n<figure class=\"wp-block-image size-large\"><a href=\"https:\/\/i0.wp.com\/projetscitoyens.francas71.org\/wp-content\/uploads\/2025\/07\/c03.jpg\" onclick=\"return TrackClick('http%3A%2F%2Fprojetscitoyens.francas71.org%2Fwp-content%2Fuploads%2F2025%2F07%2Fc03.jpg','')\"><img loading=\"lazy\" decoding=\"async\" width=\"640\" height=\"303\" data-attachment-id=\"4034\" data-permalink=\"http:\/\/projetscitoyens.francas71.org\/?attachment_id=4034\" data-orig-file=\"https:\/\/i0.wp.com\/projetscitoyens.francas71.org\/wp-content\/uploads\/2025\/07\/c03.jpg?fit=1057%2C500\" data-orig-size=\"1057,500\" data-comments-opened=\"1\" data-image-meta=\"{&quot;aperture&quot;:&quot;0&quot;,&quot;credit&quot;:&quot;&quot;,&quot;camera&quot;:&quot;&quot;,&quot;caption&quot;:&quot;&quot;,&quot;created_timestamp&quot;:&quot;0&quot;,&quot;copyright&quot;:&quot;&quot;,&quot;focal_length&quot;:&quot;0&quot;,&quot;iso&quot;:&quot;0&quot;,&quot;shutter_speed&quot;:&quot;0&quot;,&quot;title&quot;:&quot;&quot;,&quot;orientation&quot;:&quot;0&quot;}\" data-image-title=\"c03\" data-image-description=\"\" data-image-caption=\"\" data-medium-file=\"https:\/\/i0.wp.com\/projetscitoyens.francas71.org\/wp-content\/uploads\/2025\/07\/c03.jpg?fit=300%2C142\" data-large-file=\"https:\/\/i0.wp.com\/projetscitoyens.francas71.org\/wp-content\/uploads\/2025\/07\/c03.jpg?fit=640%2C303\" tabindex=\"0\" role=\"button\" data-id=\"4034\" src=\"https:\/\/i0.wp.com\/projetscitoyens.francas71.org\/wp-content\/uploads\/2025\/07\/c03.jpg?resize=640%2C303\" alt=\"\" class=\"wp-image-4034\" srcset=\"https:\/\/i0.wp.com\/projetscitoyens.francas71.org\/wp-content\/uploads\/2025\/07\/c03.jpg?resize=1024%2C484 1024w, https:\/\/i0.wp.com\/projetscitoyens.francas71.org\/wp-content\/uploads\/2025\/07\/c03.jpg?resize=300%2C142 300w, https:\/\/i0.wp.com\/projetscitoyens.francas71.org\/wp-content\/uploads\/2025\/07\/c03.jpg?resize=768%2C363 768w, https:\/\/i0.wp.com\/projetscitoyens.francas71.org\/wp-content\/uploads\/2025\/07\/c03.jpg?resize=571%2C270 571w, https:\/\/i0.wp.com\/projetscitoyens.francas71.org\/wp-content\/uploads\/2025\/07\/c03.jpg?w=1057 1057w\" sizes=\"(max-width: 640px) 100vw, 640px\" data-recalc-dims=\"1\" \/><\/a><\/figure>\n\n\n\n<figure class=\"wp-block-image size-large\"><a href=\"https:\/\/i0.wp.com\/projetscitoyens.francas71.org\/wp-content\/uploads\/2025\/07\/c02.jpg\" onclick=\"return TrackClick('http%3A%2F%2Fprojetscitoyens.francas71.org%2Fwp-content%2Fuploads%2F2025%2F07%2Fc02.jpg','')\"><img loading=\"lazy\" decoding=\"async\" width=\"640\" height=\"372\" data-attachment-id=\"4033\" data-permalink=\"http:\/\/projetscitoyens.francas71.org\/?attachment_id=4033\" data-orig-file=\"https:\/\/i0.wp.com\/projetscitoyens.francas71.org\/wp-content\/uploads\/2025\/07\/c02.jpg?fit=860%2C500\" data-orig-size=\"860,500\" data-comments-opened=\"1\" data-image-meta=\"{&quot;aperture&quot;:&quot;0&quot;,&quot;credit&quot;:&quot;&quot;,&quot;camera&quot;:&quot;&quot;,&quot;caption&quot;:&quot;&quot;,&quot;created_timestamp&quot;:&quot;0&quot;,&quot;copyright&quot;:&quot;&quot;,&quot;focal_length&quot;:&quot;0&quot;,&quot;iso&quot;:&quot;0&quot;,&quot;shutter_speed&quot;:&quot;0&quot;,&quot;title&quot;:&quot;&quot;,&quot;orientation&quot;:&quot;0&quot;}\" data-image-title=\"c02\" data-image-description=\"\" data-image-caption=\"\" data-medium-file=\"https:\/\/i0.wp.com\/projetscitoyens.francas71.org\/wp-content\/uploads\/2025\/07\/c02.jpg?fit=300%2C174\" data-large-file=\"https:\/\/i0.wp.com\/projetscitoyens.francas71.org\/wp-content\/uploads\/2025\/07\/c02.jpg?fit=640%2C372\" tabindex=\"0\" role=\"button\" data-id=\"4033\" src=\"https:\/\/i0.wp.com\/projetscitoyens.francas71.org\/wp-content\/uploads\/2025\/07\/c02.jpg?resize=640%2C372\" onclick=\"return TrackClick('http%3A%2F%2Fprojetscitoyens.francas71.org%2Fwp-content%2Fuploads%2F2025%2F07%2Fc02.jpg','')\" alt=\"\" class=\"wp-image-4033\" srcset=\"https:\/\/i0.wp.com\/projetscitoyens.francas71.org\/wp-content\/uploads\/2025\/07\/c02.jpg?w=860 860w, https:\/\/i0.wp.com\/projetscitoyens.francas71.org\/wp-content\/uploads\/2025\/07\/c02.jpg?resize=300%2C174 300w, https:\/\/i0.wp.com\/projetscitoyens.francas71.org\/wp-content\/uploads\/2025\/07\/c02.jpg?resize=768%2C447 768w, https:\/\/i0.wp.com\/projetscitoyens.francas71.org\/wp-content\/uploads\/2025\/07\/c02.jpg?resize=464%2C270 464w\" sizes=\"(max-width: 640px) 100vw, 640px\" data-recalc-dims=\"1\" \/><\/a><\/figure>\n\n\n\n<figure class=\"wp-block-image size-large\"><a href=\"https:\/\/i0.wp.com\/projetscitoyens.francas71.org\/wp-content\/uploads\/2025\/07\/c01.jpg\" onclick=\"return TrackClick('http%3A%2F%2Fprojetscitoyens.francas71.org%2Fwp-content%2Fuploads%2F2025%2F07%2Fc01.jpg','')\"><img loading=\"lazy\" decoding=\"async\" width=\"640\" height=\"303\" data-attachment-id=\"4032\" data-permalink=\"http:\/\/projetscitoyens.francas71.org\/?attachment_id=4032\" data-orig-file=\"https:\/\/i0.wp.com\/projetscitoyens.francas71.org\/wp-content\/uploads\/2025\/07\/c01.jpg?fit=1057%2C500\" data-orig-size=\"1057,500\" data-comments-opened=\"1\" data-image-meta=\"{&quot;aperture&quot;:&quot;0&quot;,&quot;credit&quot;:&quot;&quot;,&quot;camera&quot;:&quot;&quot;,&quot;caption&quot;:&quot;&quot;,&quot;created_timestamp&quot;:&quot;0&quot;,&quot;copyright&quot;:&quot;&quot;,&quot;focal_length&quot;:&quot;0&quot;,&quot;iso&quot;:&quot;0&quot;,&quot;shutter_speed&quot;:&quot;0&quot;,&quot;title&quot;:&quot;&quot;,&quot;orientation&quot;:&quot;0&quot;}\" data-image-title=\"c01\" data-image-description=\"\" data-image-caption=\"\" data-medium-file=\"https:\/\/i0.wp.com\/projetscitoyens.francas71.org\/wp-content\/uploads\/2025\/07\/c01.jpg?fit=300%2C142\" data-large-file=\"https:\/\/i0.wp.com\/projetscitoyens.francas71.org\/wp-content\/uploads\/2025\/07\/c01.jpg?fit=640%2C303\" tabindex=\"0\" role=\"button\" data-id=\"4032\" src=\"https:\/\/i0.wp.com\/projetscitoyens.francas71.org\/wp-content\/uploads\/2025\/07\/c01.jpg?resize=640%2C303\" alt=\"\" class=\"wp-image-4032\" srcset=\"https:\/\/i0.wp.com\/projetscitoyens.francas71.org\/wp-content\/uploads\/2025\/07\/c01.jpg?resize=1024%2C484 1024w, https:\/\/i0.wp.com\/projetscitoyens.francas71.org\/wp-content\/uploads\/2025\/07\/c01.jpg?resize=300%2C142 300w, https:\/\/i0.wp.com\/projetscitoyens.francas71.org\/wp-content\/uploads\/2025\/07\/c01.jpg?resize=768%2C363 768w, https:\/\/i0.wp.com\/projetscitoyens.francas71.org\/wp-content\/uploads\/2025\/07\/c01.jpg?resize=571%2C270 571w, https:\/\/i0.wp.com\/projetscitoyens.francas71.org\/wp-content\/uploads\/2025\/07\/c01.jpg?w=1057 1057w\" sizes=\"(max-width: 640px) 100vw, 640px\" data-recalc-dims=\"1\" \/><\/a><\/figure>\n<\/figure>\n","protected":false},"excerpt":{"rendered":"<p>Vendredi 18 juillet 2025, le centre de loisirs de Ciry le Noble accueille la premi\u00e8re date de la tourn\u00e9e d&rsquo;\u00e9t\u00e9 de la radio Francas. Cette premi\u00e8re journ\u00e9e est symbolique car le centre de loisirs de Ciry le Noble f\u00eate ses 20 ans d&rsquo;existence, et le centre est n\u00e9 avec l&rsquo;accompagnement des Francas de Sa\u00f4ne et Loire sur une volont\u00e9 municipale. Les sujets de l&rsquo;\u00e9mission enregistr\u00e9e sur cette journ\u00e9e portent tous sur la vision du centre de loisirs par les enfants,&#8230;<\/p>\n<p class=\"read-more\"><a class=\"btn btn-default\" href=\"http:\/\/projetscitoyens.francas71.org\/?p=4037\" onclick=\"return TrackClick('http%3A%2F%2Fprojetscitoyens.francas71.org%2F%3Fp%3D4037','Lire+la+suite+Lire+la+suite')\">Lire la suite<span class=\"screen-reader-text\"> Lire la suite<\/span><\/a><\/p>\n","protected":false},"author":1,"featured_media":4035,"comment_status":"open","ping_status":"open","sticky":false,"template":"","format":"standard","meta":{"jetpack_post_was_ever_published":false,"_jetpack_newsletter_access":"","_jetpack_dont_email_post_to_subs":false,"_jetpack_newsletter_tier_id":0,"_jetpack_memberships_contains_paywalled_content":false,"_jetpack_memberships_contains_paid_content":false,"footnotes":"","jetpack_publicize_message":"","jetpack_publicize_feature_enabled":true,"jetpack_social_post_already_shared":true,"jetpack_social_options":{"image_generator_settings":{"template":"highway","enabled":false},"version":2}},"categories":[214],"tags":[141,192,276,207,181],"class_list":["post-4037","post","type-post","status-publish","format-standard","has-post-thumbnail","hentry","category-la-radio","tag-europe","tag-expression","tag-journalisme","tag-medias","tag-radio"],"jetpack_publicize_connections":[],"jetpack_featured_media_url":"https:\/\/i0.wp.com\/projetscitoyens.francas71.org\/wp-content\/uploads\/2025\/07\/c04.jpg?fit=1057%2C500","jetpack_sharing_enabled":true,"jetpack_shortlink":"https:\/\/wp.me\/p6M0zG-137","jetpack-related-posts":[],"jetpack_likes_enabled":true,"_links":{"self":[{"href":"http:\/\/projetscitoyens.francas71.org\/index.php?rest_route=\/wp\/v2\/posts\/4037"}],"collection":[{"href":"http:\/\/projetscitoyens.francas71.org\/index.php?rest_route=\/wp\/v2\/posts"}],"about":[{"href":"http:\/\/projetscitoyens.francas71.org\/index.php?rest_route=\/wp\/v2\/types\/post"}],"author":[{"embeddable":true,"href":"http:\/\/projetscitoyens.francas71.org\/index.php?rest_route=\/wp\/v2\/users\/1"}],"replies":[{"embeddable":true,"href":"http:\/\/projetscitoyens.francas71.org\/index.php?rest_route=%2Fwp%2Fv2%2Fcomments&post=4037"}],"version-history":[{"count":3,"href":"http:\/\/projetscitoyens.francas71.org\/index.php?rest_route=\/wp\/v2\/posts\/4037\/revisions"}],"predecessor-version":[{"id":4040,"href":"http:\/\/projetscitoyens.francas71.org\/index.php?rest_route=\/wp\/v2\/posts\/4037\/revisions\/4040"}],"wp:featuredmedia":[{"embeddable":true,"href":"http:\/\/projetscitoyens.francas71.org\/index.php?rest_route=\/wp\/v2\/media\/4035"}],"wp:attachment":[{"href":"http:\/\/projetscitoyens.francas71.org\/index.php?rest_route=%2Fwp%2Fv2%2Fmedia&parent=4037"}],"wp:term":[{"taxonomy":"category","embeddable":true,"href":"http:\/\/projetscitoyens.francas71.org\/index.php?rest_route=%2Fwp%2Fv2%2Fcategories&post=4037"},{"taxonomy":"post_tag","embeddable":true,"href":"http:\/\/projetscitoyens.francas71.org\/index.php?rest_route=%2Fwp%2Fv2%2Ftags&post=4037"}],"curies":[{"name":"wp","href":"https:\/\/api.w.org\/{rel}","templated":true}]}}