{"id":4118,"date":"2025-09-08T10:04:21","date_gmt":"2025-09-08T09:04:21","guid":{"rendered":"http:\/\/projetscitoyens.francas71.org\/?p=4118"},"modified":"2025-09-09T15:11:43","modified_gmt":"2025-09-09T14:11:43","slug":"la-tournee-dete-de-la-radio-10","status":"publish","type":"post","link":"http:\/\/projetscitoyens.francas71.org\/?p=4118","title":{"rendered":"la tourn\u00e9e d&rsquo;\u00e9t\u00e9 de la radio"},"content":{"rendered":"\n<h3 class=\"wp-block-heading has-vivid-red-color has-text-color has-link-color wp-elements-5bb7b35b382a4fa8ac86a2fa1370c648\">Matin\u00e9e sp\u00e9ciale au centre de loisirs municipal de St Sernin du Bois ce jeudi 31 juillet, avec deux \u00e9missions r\u00e9alis\u00e9es avec les petits du centre ! Deux groupes de 6 enfants de 4 \u00e0 5 ans qui nous parlent de leurs dessins anim\u00e9s pr\u00e9f\u00e9r\u00e9s.<\/h3>\n\n\n\n<p>Un premier groupe avec Rose, Lisandro, L\u00e9andre, Lucie, Bastien et Tiago<\/p>\n\n\n\n<figure class=\"wp-block-audio\"><audio controls src=\"http:\/\/projetscitoyens.francas71.org\/wp-content\/uploads\/2025\/09\/St-Sernin-emission-petit-groupe-1-31-juillet.mp3\"><\/audio><\/figure>\n\n\n\n<p>Un deuxi\u00e8me groupe avec Louise, Juliette, Jules, Julian, Elena et Ga\u00ebtano<\/p>\n\n\n\n<figure class=\"wp-block-audio\"><audio controls src=\"http:\/\/projetscitoyens.francas71.org\/wp-content\/uploads\/2025\/09\/St-Sernin-emission-petit-groupe-2-31-juillet.mp3\"><\/audio><\/figure>\n","protected":false},"excerpt":{"rendered":"<p>Matin\u00e9e sp\u00e9ciale au centre de loisirs municipal de St Sernin du Bois ce jeudi 31 juillet, avec deux \u00e9missions r\u00e9alis\u00e9es avec les petits du centre ! Deux groupes de 6 enfants de 4 \u00e0 5 ans qui nous parlent de leurs dessins anim\u00e9s pr\u00e9f\u00e9r\u00e9s. Un premier groupe avec Rose, Lisandro, L\u00e9andre, Lucie, Bastien et Tiago Un deuxi\u00e8me groupe avec Louise, Juliette, Jules, Julian, Elena et Ga\u00ebtano<\/p>\n","protected":false},"author":1,"featured_media":0,"comment_status":"open","ping_status":"open","sticky":false,"template":"","format":"standard","meta":{"jetpack_post_was_ever_published":false,"_jetpack_newsletter_access":"","_jetpack_dont_email_post_to_subs":false,"_jetpack_newsletter_tier_id":0,"_jetpack_memberships_contains_paywalled_content":false,"_jetpack_memberships_contains_paid_content":false,"footnotes":"","jetpack_publicize_message":"","jetpack_publicize_feature_enabled":true,"jetpack_social_post_already_shared":true,"jetpack_social_options":{"image_generator_settings":{"template":"highway","enabled":false},"version":2}},"categories":[214],"tags":[123,365,301,207],"class_list":["post-4118","post","type-post","status-publish","format-standard","hentry","category-la-radio","tag-education","tag-films","tag-liberte","tag-medias"],"jetpack_publicize_connections":[],"jetpack_featured_media_url":"","jetpack_sharing_enabled":true,"jetpack_shortlink":"https:\/\/wp.me\/p6M0zG-14q","jetpack-related-posts":[],"jetpack_likes_enabled":true,"_links":{"self":[{"href":"http:\/\/projetscitoyens.francas71.org\/index.php?rest_route=\/wp\/v2\/posts\/4118"}],"collection":[{"href":"http:\/\/projetscitoyens.francas71.org\/index.php?rest_route=\/wp\/v2\/posts"}],"about":[{"href":"http:\/\/projetscitoyens.francas71.org\/index.php?rest_route=\/wp\/v2\/types\/post"}],"author":[{"embeddable":true,"href":"http:\/\/projetscitoyens.francas71.org\/index.php?rest_route=\/wp\/v2\/users\/1"}],"replies":[{"embeddable":true,"href":"http:\/\/projetscitoyens.francas71.org\/index.php?rest_route=%2Fwp%2Fv2%2Fcomments&post=4118"}],"version-history":[{"count":2,"href":"http:\/\/projetscitoyens.francas71.org\/index.php?rest_route=\/wp\/v2\/posts\/4118\/revisions"}],"predecessor-version":[{"id":4148,"href":"http:\/\/projetscitoyens.francas71.org\/index.php?rest_route=\/wp\/v2\/posts\/4118\/revisions\/4148"}],"wp:attachment":[{"href":"http:\/\/projetscitoyens.francas71.org\/index.php?rest_route=%2Fwp%2Fv2%2Fmedia&parent=4118"}],"wp:term":[{"taxonomy":"category","embeddable":true,"href":"http:\/\/projetscitoyens.francas71.org\/index.php?rest_route=%2Fwp%2Fv2%2Fcategories&post=4118"},{"taxonomy":"post_tag","embeddable":true,"href":"http:\/\/projetscitoyens.francas71.org\/index.php?rest_route=%2Fwp%2Fv2%2Ftags&post=4118"}],"curies":[{"name":"wp","href":"https:\/\/api.w.org\/{rel}","templated":true}]}}