{"id":430,"date":"2012-11-21T11:32:35","date_gmt":"2012-11-21T10:32:35","guid":{"rendered":"http:\/\/www.francas71.org\/projetscitoyens\/?p=430"},"modified":"2013-02-04T13:01:40","modified_gmt":"2013-02-04T12:01:40","slug":"arrivee-a-lons-le-saunier","status":"publish","type":"post","link":"http:\/\/projetscitoyens.francas71.org\/?p=430","title":{"rendered":"Arriv\u00e9e \u00e0 Lons le Saunier"},"content":{"rendered":"<p><a href=\"https:\/\/i0.wp.com\/www.francas71.org\/projetscitoyens\/wp-content\/uploads\/2012\/11\/DSC_0026-PF.jpg\" onclick=\"return TrackClick('http%3A%2F%2Fwww.francas71.org%2Fprojetscitoyens%2Fwp-content%2Fuploads%2F2012%2F11%2FDSC_0026-PF.jpg','DSC_0026+PF')\"><img loading=\"lazy\" decoding=\"async\" data-attachment-id=\"435\" data-permalink=\"http:\/\/projetscitoyens.francas71.org\/?attachment_id=435\" data-orig-file=\"https:\/\/i0.wp.com\/projetscitoyens.francas71.org\/wp-content\/uploads\/2012\/11\/DSC_0026-PF.jpg?fit=336%2C448\" data-orig-size=\"336,448\" data-comments-opened=\"1\" data-image-meta=\"{&quot;aperture&quot;:&quot;2.6&quot;,&quot;credit&quot;:&quot;&quot;,&quot;camera&quot;:&quot;SK17i&quot;,&quot;caption&quot;:&quot;&quot;,&quot;created_timestamp&quot;:&quot;1353496411&quot;,&quot;copyright&quot;:&quot;&quot;,&quot;focal_length&quot;:&quot;3.5&quot;,&quot;iso&quot;:&quot;64&quot;,&quot;shutter_speed&quot;:&quot;0.005&quot;,&quot;title&quot;:&quot;&quot;}\" data-image-title=\"DSC_0026 PF\" data-image-description=\"\" data-image-caption=\"\" data-medium-file=\"https:\/\/i0.wp.com\/projetscitoyens.francas71.org\/wp-content\/uploads\/2012\/11\/DSC_0026-PF.jpg?fit=224%2C300\" data-large-file=\"https:\/\/i0.wp.com\/projetscitoyens.francas71.org\/wp-content\/uploads\/2012\/11\/DSC_0026-PF.jpg?fit=336%2C448\" tabindex=\"0\" role=\"button\" class=\"aligncenter size-medium wp-image-435\" title=\"DSC_0026 PF\" src=\"https:\/\/i0.wp.com\/www.francas71.org\/projetscitoyens\/wp-content\/uploads\/2012\/11\/DSC_0026-PF-224x300.jpg?resize=224%2C300\" alt=\"\" width=\"224\" height=\"300\" srcset=\"https:\/\/i0.wp.com\/projetscitoyens.francas71.org\/wp-content\/uploads\/2012\/11\/DSC_0026-PF.jpg?resize=224%2C300 224w, https:\/\/i0.wp.com\/projetscitoyens.francas71.org\/wp-content\/uploads\/2012\/11\/DSC_0026-PF.jpg?w=336 336w\" sizes=\"(max-width: 224px) 100vw, 224px\" data-recalc-dims=\"1\" \/><\/a>nous sommes 4 enfants de Champforgeuil. Nous nous appelons Mael, Jeremy, Yliane, Iliane.<br \/>\nCe matin nous avons pris le bus. Nous sommes all\u00e9s \u00e0 Lons le Saunier.<br \/>\nA l&rsquo;arriv\u00e9e on a tout visit\u00e9. Ensuite on est all\u00e9 \u00e0 l&rsquo;atelier \u00ab\u00a0un apr\u00e8s midi \u00e0 la plage\u00a0\u00bb.<br \/>\nOn a cherch\u00e9 des mots dans le sable, sur des poissons, sur des tortues. Sur ces mots \u00e9taient \u00e9crits en quoi il fallait se d\u00e9guiser.<br \/>\nMael s&rsquo;est d\u00e9guis\u00e9 en marin, Jeremy en rock star, Yliane en pirate, Iliane en pirate aussi.<br \/>\nEnsuite on a pris une photo.<\/p>\n","protected":false},"excerpt":{"rendered":"<p>nous sommes 4 enfants de Champforgeuil. Nous nous appelons Mael, Jeremy, Yliane, Iliane. Ce matin nous avons pris le bus. Nous sommes all\u00e9s \u00e0 Lons le Saunier. A l&rsquo;arriv\u00e9e on a tout visit\u00e9. Ensuite on est all\u00e9 \u00e0 l&rsquo;atelier \u00ab\u00a0un apr\u00e8s midi \u00e0 la plage\u00a0\u00bb. On a cherch\u00e9 des mots dans le sable, sur des poissons, sur des tortues. Sur ces mots \u00e9taient \u00e9crits en quoi il fallait se d\u00e9guiser. Mael s&rsquo;est d\u00e9guis\u00e9 en marin, Jeremy en rock star, Yliane&#8230;<\/p>\n<p class=\"read-more\"><a class=\"btn btn-default\" href=\"http:\/\/projetscitoyens.francas71.org\/?p=430\" onclick=\"return TrackClick('http%3A%2F%2Fprojetscitoyens.francas71.org%2F%3Fp%3D430','Lire+la+suite+Lire+la+suite')\">Lire la suite<span class=\"screen-reader-text\"> Lire la suite<\/span><\/a><\/p>\n","protected":false},"author":1,"featured_media":439,"comment_status":"open","ping_status":"open","sticky":false,"template":"","format":"standard","meta":{"jetpack_post_was_ever_published":false,"_jetpack_newsletter_access":"","_jetpack_dont_email_post_to_subs":false,"_jetpack_newsletter_tier_id":0,"_jetpack_memberships_contains_paywalled_content":false,"_jetpack_memberships_contains_paid_content":false,"footnotes":"","jetpack_publicize_message":"","jetpack_publicize_feature_enabled":true,"jetpack_social_post_already_shared":false,"jetpack_social_options":{"image_generator_settings":{"template":"highway","enabled":false},"version":2}},"categories":[119,138],"tags":[],"class_list":["post-430","post","type-post","status-publish","format-standard","has-post-thumbnail","hentry","category-agis-pour-tes-droits-2","category-2012-les-droits-de-lenfant-agis-pour-tes-droits-2"],"jetpack_publicize_connections":[],"jetpack_featured_media_url":"https:\/\/i0.wp.com\/projetscitoyens.francas71.org\/wp-content\/uploads\/2012\/11\/DSC_0026-vignette.jpg?fit=202%2C269","jetpack_sharing_enabled":true,"jetpack_shortlink":"https:\/\/wp.me\/p6M0zG-6W","jetpack-related-posts":[],"jetpack_likes_enabled":true,"_links":{"self":[{"href":"http:\/\/projetscitoyens.francas71.org\/index.php?rest_route=\/wp\/v2\/posts\/430"}],"collection":[{"href":"http:\/\/projetscitoyens.francas71.org\/index.php?rest_route=\/wp\/v2\/posts"}],"about":[{"href":"http:\/\/projetscitoyens.francas71.org\/index.php?rest_route=\/wp\/v2\/types\/post"}],"author":[{"embeddable":true,"href":"http:\/\/projetscitoyens.francas71.org\/index.php?rest_route=\/wp\/v2\/users\/1"}],"replies":[{"embeddable":true,"href":"http:\/\/projetscitoyens.francas71.org\/index.php?rest_route=%2Fwp%2Fv2%2Fcomments&post=430"}],"version-history":[{"count":8,"href":"http:\/\/projetscitoyens.francas71.org\/index.php?rest_route=\/wp\/v2\/posts\/430\/revisions"}],"predecessor-version":[{"id":656,"href":"http:\/\/projetscitoyens.francas71.org\/index.php?rest_route=\/wp\/v2\/posts\/430\/revisions\/656"}],"wp:featuredmedia":[{"embeddable":true,"href":"http:\/\/projetscitoyens.francas71.org\/index.php?rest_route=\/wp\/v2\/media\/439"}],"wp:attachment":[{"href":"http:\/\/projetscitoyens.francas71.org\/index.php?rest_route=%2Fwp%2Fv2%2Fmedia&parent=430"}],"wp:term":[{"taxonomy":"category","embeddable":true,"href":"http:\/\/projetscitoyens.francas71.org\/index.php?rest_route=%2Fwp%2Fv2%2Fcategories&post=430"},{"taxonomy":"post_tag","embeddable":true,"href":"http:\/\/projetscitoyens.francas71.org\/index.php?rest_route=%2Fwp%2Fv2%2Ftags&post=430"}],"curies":[{"name":"wp","href":"https:\/\/api.w.org\/{rel}","templated":true}]}}