{"id":441,"date":"2012-11-21T12:13:46","date_gmt":"2012-11-21T11:13:46","guid":{"rendered":"http:\/\/www.francas71.org\/projetscitoyens\/?p=441"},"modified":"2013-02-04T13:01:34","modified_gmt":"2013-02-04T12:01:34","slug":"visite-de-lexposition","status":"publish","type":"post","link":"http:\/\/projetscitoyens.francas71.org\/?p=441","title":{"rendered":"visite de l&rsquo;exposition"},"content":{"rendered":"<p><a href=\"https:\/\/i0.wp.com\/www.francas71.org\/projetscitoyens\/wp-content\/uploads\/2012\/11\/DSC_0037-PF.jpg\" onclick=\"return TrackClick('http%3A%2F%2Fwww.francas71.org%2Fprojetscitoyens%2Fwp-content%2Fuploads%2F2012%2F11%2FDSC_0037-PF.jpg','DSC_0037+PF')\"><img loading=\"lazy\" decoding=\"async\" title=\"DSC_0037 PF\" src=\"https:\/\/i0.wp.com\/www.francas71.org\/projetscitoyens\/wp-content\/uploads\/2012\/11\/DSC_0037-PF-150x150.jpg?resize=265%2C265\" alt=\"\" width=\"265\" height=\"265\" data-recalc-dims=\"1\" \/><\/a><\/p>\n<p>On est trois enfants de Champforgeuil, on s&rsquo;appelle Sophia, Evan, Anais.<br \/>\nOn a regard\u00e9 toutes les affiches expos\u00e9es.<br \/>\nOn devait chercher les affiches du d\u00e9partement et notre affiche pr\u00e9f\u00e9r\u00e9e.<br \/>\nIl y a plus de 1300 affiches. On a retrouv\u00e9 deux affiches et on aime bien 3 affiches.<\/p>\n","protected":false},"excerpt":{"rendered":"<p>On est trois enfants de Champforgeuil, on s&rsquo;appelle Sophia, Evan, Anais. On a regard\u00e9 toutes les affiches expos\u00e9es. On devait chercher les affiches du d\u00e9partement et notre affiche pr\u00e9f\u00e9r\u00e9e. Il y a plus de 1300 affiches. On a retrouv\u00e9 deux affiches et on aime bien 3 affiches.<\/p>\n","protected":false},"author":1,"featured_media":444,"comment_status":"open","ping_status":"open","sticky":false,"template":"","format":"standard","meta":{"jetpack_post_was_ever_published":false,"_jetpack_newsletter_access":"","_jetpack_dont_email_post_to_subs":false,"_jetpack_newsletter_tier_id":0,"_jetpack_memberships_contains_paywalled_content":false,"_jetpack_memberships_contains_paid_content":false,"footnotes":"","jetpack_publicize_message":"","jetpack_publicize_feature_enabled":true,"jetpack_social_post_already_shared":false,"jetpack_social_options":{"image_generator_settings":{"template":"highway","enabled":false},"version":2}},"categories":[119,138],"tags":[],"class_list":["post-441","post","type-post","status-publish","format-standard","has-post-thumbnail","hentry","category-agis-pour-tes-droits-2","category-2012-les-droits-de-lenfant-agis-pour-tes-droits-2"],"jetpack_publicize_connections":[],"jetpack_featured_media_url":"https:\/\/i0.wp.com\/projetscitoyens.francas71.org\/wp-content\/uploads\/2012\/11\/DSC_0037-PF.jpg?fit=448%2C336","jetpack_sharing_enabled":true,"jetpack_shortlink":"https:\/\/wp.me\/p6M0zG-77","jetpack-related-posts":[],"jetpack_likes_enabled":true,"_links":{"self":[{"href":"http:\/\/projetscitoyens.francas71.org\/index.php?rest_route=\/wp\/v2\/posts\/441"}],"collection":[{"href":"http:\/\/projetscitoyens.francas71.org\/index.php?rest_route=\/wp\/v2\/posts"}],"about":[{"href":"http:\/\/projetscitoyens.francas71.org\/index.php?rest_route=\/wp\/v2\/types\/post"}],"author":[{"embeddable":true,"href":"http:\/\/projetscitoyens.francas71.org\/index.php?rest_route=\/wp\/v2\/users\/1"}],"replies":[{"embeddable":true,"href":"http:\/\/projetscitoyens.francas71.org\/index.php?rest_route=%2Fwp%2Fv2%2Fcomments&post=441"}],"version-history":[{"count":5,"href":"http:\/\/projetscitoyens.francas71.org\/index.php?rest_route=\/wp\/v2\/posts\/441\/revisions"}],"predecessor-version":[{"id":443,"href":"http:\/\/projetscitoyens.francas71.org\/index.php?rest_route=\/wp\/v2\/posts\/441\/revisions\/443"}],"wp:featuredmedia":[{"embeddable":true,"href":"http:\/\/projetscitoyens.francas71.org\/index.php?rest_route=\/wp\/v2\/media\/444"}],"wp:attachment":[{"href":"http:\/\/projetscitoyens.francas71.org\/index.php?rest_route=%2Fwp%2Fv2%2Fmedia&parent=441"}],"wp:term":[{"taxonomy":"category","embeddable":true,"href":"http:\/\/projetscitoyens.francas71.org\/index.php?rest_route=%2Fwp%2Fv2%2Fcategories&post=441"},{"taxonomy":"post_tag","embeddable":true,"href":"http:\/\/projetscitoyens.francas71.org\/index.php?rest_route=%2Fwp%2Fv2%2Ftags&post=441"}],"curies":[{"name":"wp","href":"https:\/\/api.w.org\/{rel}","templated":true}]}}