{"id":447,"date":"2012-11-21T12:30:53","date_gmt":"2012-11-21T11:30:53","guid":{"rendered":"http:\/\/www.francas71.org\/projetscitoyens\/?p=447"},"modified":"2019-12-16T15:16:15","modified_gmt":"2019-12-16T14:16:15","slug":"journee-a-lons-le-saunier","status":"publish","type":"post","link":"http:\/\/projetscitoyens.francas71.org\/?p=447","title":{"rendered":"Journ\u00e9e \u00e0 Lons le Saunier"},"content":{"rendered":"<p><a href=\"https:\/\/i0.wp.com\/www.francas71.org\/projetscitoyens\/wp-content\/uploads\/2012\/11\/DSC_0021-PF.jpg\" onclick=\"return TrackClick('http%3A%2F%2Fwww.francas71.org%2Fprojetscitoyens%2Fwp-content%2Fuploads%2F2012%2F11%2FDSC_0021-PF.jpg','DSC_0021+PF')\"><img loading=\"lazy\" decoding=\"async\" data-attachment-id=\"449\" data-permalink=\"http:\/\/projetscitoyens.francas71.org\/?attachment_id=449\" data-orig-file=\"https:\/\/i0.wp.com\/projetscitoyens.francas71.org\/wp-content\/uploads\/2012\/11\/DSC_0021-PF.jpg?fit=336%2C448\" data-orig-size=\"336,448\" data-comments-opened=\"1\" data-image-meta=\"{&quot;aperture&quot;:&quot;2.6&quot;,&quot;credit&quot;:&quot;&quot;,&quot;camera&quot;:&quot;SK17i&quot;,&quot;caption&quot;:&quot;&quot;,&quot;created_timestamp&quot;:&quot;1353493744&quot;,&quot;copyright&quot;:&quot;&quot;,&quot;focal_length&quot;:&quot;3.5&quot;,&quot;iso&quot;:&quot;64&quot;,&quot;shutter_speed&quot;:&quot;0.002&quot;,&quot;title&quot;:&quot;&quot;}\" data-image-title=\"DSC_0021 PF\" data-image-description=\"\" data-image-caption=\"\" data-medium-file=\"https:\/\/i0.wp.com\/projetscitoyens.francas71.org\/wp-content\/uploads\/2012\/11\/DSC_0021-PF.jpg?fit=224%2C300\" data-large-file=\"https:\/\/i0.wp.com\/projetscitoyens.francas71.org\/wp-content\/uploads\/2012\/11\/DSC_0021-PF.jpg?fit=336%2C448\" tabindex=\"0\" role=\"button\" class=\"aligncenter size-full wp-image-449\" title=\"DSC_0021 PF\" src=\"https:\/\/i0.wp.com\/www.francas71.org\/projetscitoyens\/wp-content\/uploads\/2012\/11\/DSC_0021-PF.jpg?resize=336%2C448\" onclick=\"return TrackClick('http%3A%2F%2Fwww.francas71.org%2Fprojetscitoyens%2Fwp-content%2Fuploads%2F2012%2F11%2FDSC_0021-PF.jpg','DSC_0021+PF')\" alt=\"\" width=\"336\" height=\"448\" srcset=\"https:\/\/i0.wp.com\/projetscitoyens.francas71.org\/wp-content\/uploads\/2012\/11\/DSC_0021-PF.jpg?w=336 336w, https:\/\/i0.wp.com\/projetscitoyens.francas71.org\/wp-content\/uploads\/2012\/11\/DSC_0021-PF.jpg?resize=224%2C300 224w\" sizes=\"(max-width: 336px) 100vw, 336px\" data-recalc-dims=\"1\" \/><\/a><\/p>\n<p>Aujourd&rsquo;hui mercredi 21 novembre, 4 groupes de centres de loisirs de la Sa\u00f4ne et Loire sont partis en repr\u00e9sentation \u00e0 Lons le Saunier pour d\u00e9couvrir l&rsquo;exposition nationale des Droits de l&rsquo;Enfant.<\/p>\n<p>Des ateliers, des jeux coop\u00e9ratifs, des affiches, des coins calmes, les Francas du Jura proposent un programme all\u00e9chant pour les enfants. A suivre dans l&rsquo;apr\u00e8s midi, le spectacle musical.<\/p>\n<p><a href=\"https:\/\/i0.wp.com\/www.francas71.org\/projetscitoyens\/wp-content\/uploads\/2012\/11\/DSC_0034-PF.jpg\" onclick=\"return TrackClick('http%3A%2F%2Fwww.francas71.org%2Fprojetscitoyens%2Fwp-content%2Fuploads%2F2012%2F11%2FDSC_0034-PF.jpg','DSC_0034+PF')\"><img loading=\"lazy\" decoding=\"async\" data-attachment-id=\"448\" data-permalink=\"http:\/\/projetscitoyens.francas71.org\/?attachment_id=448\" data-orig-file=\"https:\/\/i0.wp.com\/projetscitoyens.francas71.org\/wp-content\/uploads\/2012\/11\/DSC_0034-PF.jpg?fit=336%2C448\" data-orig-size=\"336,448\" data-comments-opened=\"1\" data-image-meta=\"{&quot;aperture&quot;:&quot;2.6&quot;,&quot;credit&quot;:&quot;&quot;,&quot;camera&quot;:&quot;SK17i&quot;,&quot;caption&quot;:&quot;&quot;,&quot;created_timestamp&quot;:&quot;1353498827&quot;,&quot;copyright&quot;:&quot;&quot;,&quot;focal_length&quot;:&quot;3.5&quot;,&quot;iso&quot;:&quot;160&quot;,&quot;shutter_speed&quot;:&quot;0.025&quot;,&quot;title&quot;:&quot;&quot;}\" data-image-title=\"DSC_0034 PF\" data-image-description=\"\" data-image-caption=\"\" data-medium-file=\"https:\/\/i0.wp.com\/projetscitoyens.francas71.org\/wp-content\/uploads\/2012\/11\/DSC_0034-PF.jpg?fit=224%2C300\" data-large-file=\"https:\/\/i0.wp.com\/projetscitoyens.francas71.org\/wp-content\/uploads\/2012\/11\/DSC_0034-PF.jpg?fit=336%2C448\" tabindex=\"0\" role=\"button\" class=\"aligncenter size-full wp-image-448\" title=\"DSC_0034 PF\" src=\"https:\/\/i0.wp.com\/www.francas71.org\/projetscitoyens\/wp-content\/uploads\/2012\/11\/DSC_0034-PF.jpg?resize=336%2C448\" onclick=\"return TrackClick('http%3A%2F%2Fwww.francas71.org%2Fprojetscitoyens%2Fwp-content%2Fuploads%2F2012%2F11%2FDSC_0034-PF.jpg','DSC_0034+PF')\" alt=\"\" width=\"336\" height=\"448\" srcset=\"https:\/\/i0.wp.com\/projetscitoyens.francas71.org\/wp-content\/uploads\/2012\/11\/DSC_0034-PF.jpg?w=336 336w, https:\/\/i0.wp.com\/projetscitoyens.francas71.org\/wp-content\/uploads\/2012\/11\/DSC_0034-PF.jpg?resize=224%2C300 224w\" sizes=\"(max-width: 336px) 100vw, 336px\" data-recalc-dims=\"1\" \/><\/a><\/p>\n","protected":false},"excerpt":{"rendered":"<p>Aujourd&rsquo;hui mercredi 21 novembre, 4 groupes de centres de loisirs de la Sa\u00f4ne et Loire sont partis en repr\u00e9sentation \u00e0 Lons le Saunier pour d\u00e9couvrir l&rsquo;exposition nationale des Droits de l&rsquo;Enfant. Des ateliers, des jeux coop\u00e9ratifs, des affiches, des coins calmes, les Francas du Jura proposent un programme all\u00e9chant pour les enfants. A suivre dans l&rsquo;apr\u00e8s midi, le spectacle musical.<\/p>\n","protected":false},"author":1,"featured_media":449,"comment_status":"open","ping_status":"open","sticky":false,"template":"","format":"standard","meta":{"jetpack_post_was_ever_published":false,"_jetpack_newsletter_access":"","_jetpack_dont_email_post_to_subs":false,"_jetpack_newsletter_tier_id":0,"_jetpack_memberships_contains_paywalled_content":false,"_jetpack_memberships_contains_paid_content":false,"footnotes":"","jetpack_publicize_message":"","jetpack_publicize_feature_enabled":true,"jetpack_social_post_already_shared":false,"jetpack_social_options":{"image_generator_settings":{"template":"highway","enabled":false},"version":2}},"categories":[119,138],"tags":[],"class_list":["post-447","post","type-post","status-publish","format-standard","has-post-thumbnail","hentry","category-agis-pour-tes-droits-2","category-2012-les-droits-de-lenfant-agis-pour-tes-droits-2"],"jetpack_publicize_connections":[],"jetpack_featured_media_url":"https:\/\/i0.wp.com\/projetscitoyens.francas71.org\/wp-content\/uploads\/2012\/11\/DSC_0021-PF.jpg?fit=336%2C448","jetpack_sharing_enabled":true,"jetpack_shortlink":"https:\/\/wp.me\/p6M0zG-7d","jetpack-related-posts":[],"jetpack_likes_enabled":true,"_links":{"self":[{"href":"http:\/\/projetscitoyens.francas71.org\/index.php?rest_route=\/wp\/v2\/posts\/447"}],"collection":[{"href":"http:\/\/projetscitoyens.francas71.org\/index.php?rest_route=\/wp\/v2\/posts"}],"about":[{"href":"http:\/\/projetscitoyens.francas71.org\/index.php?rest_route=\/wp\/v2\/types\/post"}],"author":[{"embeddable":true,"href":"http:\/\/projetscitoyens.francas71.org\/index.php?rest_route=\/wp\/v2\/users\/1"}],"replies":[{"embeddable":true,"href":"http:\/\/projetscitoyens.francas71.org\/index.php?rest_route=%2Fwp%2Fv2%2Fcomments&post=447"}],"version-history":[{"count":4,"href":"http:\/\/projetscitoyens.francas71.org\/index.php?rest_route=\/wp\/v2\/posts\/447\/revisions"}],"predecessor-version":[{"id":654,"href":"http:\/\/projetscitoyens.francas71.org\/index.php?rest_route=\/wp\/v2\/posts\/447\/revisions\/654"}],"wp:featuredmedia":[{"embeddable":true,"href":"http:\/\/projetscitoyens.francas71.org\/index.php?rest_route=\/wp\/v2\/media\/449"}],"wp:attachment":[{"href":"http:\/\/projetscitoyens.francas71.org\/index.php?rest_route=%2Fwp%2Fv2%2Fmedia&parent=447"}],"wp:term":[{"taxonomy":"category","embeddable":true,"href":"http:\/\/projetscitoyens.francas71.org\/index.php?rest_route=%2Fwp%2Fv2%2Fcategories&post=447"},{"taxonomy":"post_tag","embeddable":true,"href":"http:\/\/projetscitoyens.francas71.org\/index.php?rest_route=%2Fwp%2Fv2%2Ftags&post=447"}],"curies":[{"name":"wp","href":"https:\/\/api.w.org\/{rel}","templated":true}]}}