{"id":453,"date":"2012-11-21T13:07:52","date_gmt":"2012-11-21T12:07:52","guid":{"rendered":"http:\/\/www.francas71.org\/projetscitoyens\/?p=453"},"modified":"2013-02-04T13:00:50","modified_gmt":"2013-02-04T12:00:50","slug":"une-journee-droits-de-lenfant","status":"publish","type":"post","link":"http:\/\/projetscitoyens.francas71.org\/?p=453","title":{"rendered":"Une journ\u00e9e \u00ab\u00a0droits de l&rsquo;enfant\u00a0\u00bb"},"content":{"rendered":"<p style=\"text-align: center;\"><a href=\"https:\/\/i0.wp.com\/www.francas71.org\/projetscitoyens\/wp-content\/uploads\/2012\/11\/2012-11-21-11.24.27.jpg\" onclick=\"return TrackClick('http%3A%2F%2Fwww.francas71.org%2Fprojetscitoyens%2Fwp-content%2Fuploads%2F2012%2F11%2F2012-11-21-11.24.27.jpg','Groupe+d')\"><img loading=\"lazy\" decoding=\"async\" data-attachment-id=\"457\" data-permalink=\"http:\/\/projetscitoyens.francas71.org\/?attachment_id=457\" data-orig-file=\"https:\/\/i0.wp.com\/projetscitoyens.francas71.org\/wp-content\/uploads\/2012\/11\/2012-11-21-11.24.27.jpg?fit=%2C\" data-orig-size=\"\" data-comments-opened=\"1\" data-image-meta=\"[]\" data-image-title=\"Groupe d&amp;rsquo;enfants de G\u00e9nelard\" data-image-description=\"\" data-image-caption=\"\" data-medium-file=\"https:\/\/i0.wp.com\/projetscitoyens.francas71.org\/wp-content\/uploads\/2012\/11\/2012-11-21-11.24.27.jpg?fit=300%2C300\" data-large-file=\"https:\/\/i0.wp.com\/projetscitoyens.francas71.org\/wp-content\/uploads\/2012\/11\/2012-11-21-11.24.27.jpg?fit=1024%2C1024\" tabindex=\"0\" role=\"button\" class=\" wp-image-457 aligncenter\" title=\"Groupe d'enfants de G\u00e9nelard\" src=\"https:\/\/i0.wp.com\/www.francas71.org\/projetscitoyens\/wp-content\/uploads\/2012\/11\/2012-11-21-11.24.27.jpg?resize=553%2C415\" onclick=\"return TrackClick('http%3A%2F%2Fwww.francas71.org%2Fprojetscitoyens%2Fwp-content%2Fuploads%2F2012%2F11%2F2012-11-21-11.24.27.jpg','Groupe+d')\" alt=\"Jeu autour de la pr\u00e9vention routi\u00e8re\" width=\"553\" height=\"415\" data-recalc-dims=\"1\" \/><\/a>Nous sommes un groupe de 4 enfants, nous venons de G\u00e9nelard. Nous sommes venus en bus ce matin avec d&rsquo;autres centres de loisirs.<\/p>\n<p>En arrivant ici nous avons regard\u00e9 les affiches et nous devions choisir notre affiche pr\u00e9f\u00e9r\u00e9e. Nous n&rsquo;avons pas retrouv\u00e9 la notre dans l&rsquo;exposition.<\/p>\n<p>Ensuite nous avons jou\u00e9: le th\u00e8me du jeu \u00e9tait la pr\u00e9vention routi\u00e8re, on devait r\u00e9pondre \u00e0 des questions. Avant de manger, nous avons fabriqu\u00e9 des \u00ab\u00a0cartes d&rsquo;identit\u00e9\u00a0\u00bb. On a \u00e9crit notre nom, notre taille et d&rsquo;autres choses qui nous concerne. On a pris notre empreinte, d\u00e9coup\u00e9 et coll\u00e9 une photo, sign\u00e9 et l&rsquo;animatrice a plastifi\u00e9 nos cartes.<\/p>\n<p>Cet apr\u00e8s-midi on va jouer avant le prochain atelier qui s&rsquo;appelle \u00ab\u00a0un apr\u00e8s-midi \u00e0 la plage\u00a0\u00bb. Pour terminer nous allons voir un spectacle et on reprendra le bus!<\/p>\n<p>&nbsp;<\/p>\n","protected":false},"excerpt":{"rendered":"<p>Nous sommes un groupe de 4 enfants, nous venons de G\u00e9nelard. Nous sommes venus en bus ce matin avec d&rsquo;autres centres de loisirs. En arrivant ici nous avons regard\u00e9 les affiches et nous devions choisir notre affiche pr\u00e9f\u00e9r\u00e9e. Nous n&rsquo;avons pas retrouv\u00e9 la notre dans l&rsquo;exposition. Ensuite nous avons jou\u00e9: le th\u00e8me du jeu \u00e9tait la pr\u00e9vention routi\u00e8re, on devait r\u00e9pondre \u00e0 des questions. Avant de manger, nous avons fabriqu\u00e9 des \u00ab\u00a0cartes d&rsquo;identit\u00e9\u00a0\u00bb. On a \u00e9crit notre nom, notre taille&#8230;<\/p>\n<p class=\"read-more\"><a class=\"btn btn-default\" href=\"http:\/\/projetscitoyens.francas71.org\/?p=453\" onclick=\"return TrackClick('http%3A%2F%2Fprojetscitoyens.francas71.org%2F%3Fp%3D453','Lire+la+suite+Lire+la+suite')\">Lire la suite<span class=\"screen-reader-text\"> Lire la suite<\/span><\/a><\/p>\n","protected":false},"author":1,"featured_media":514,"comment_status":"open","ping_status":"open","sticky":false,"template":"","format":"standard","meta":{"jetpack_post_was_ever_published":false,"_jetpack_newsletter_access":"","_jetpack_dont_email_post_to_subs":false,"_jetpack_newsletter_tier_id":0,"_jetpack_memberships_contains_paywalled_content":false,"_jetpack_memberships_contains_paid_content":false,"footnotes":"","jetpack_publicize_message":"","jetpack_publicize_feature_enabled":true,"jetpack_social_post_already_shared":false,"jetpack_social_options":{"image_generator_settings":{"template":"highway","enabled":false},"version":2}},"categories":[119,138],"tags":[],"class_list":["post-453","post","type-post","status-publish","format-standard","has-post-thumbnail","hentry","category-agis-pour-tes-droits-2","category-2012-les-droits-de-lenfant-agis-pour-tes-droits-2"],"jetpack_publicize_connections":[],"jetpack_featured_media_url":"https:\/\/i0.wp.com\/projetscitoyens.francas71.org\/wp-content\/uploads\/2012\/11\/DSCgenelard-01_0031.jpg?fit=448%2C336","jetpack_sharing_enabled":true,"jetpack_shortlink":"https:\/\/wp.me\/p6M0zG-7j","jetpack-related-posts":[],"jetpack_likes_enabled":true,"_links":{"self":[{"href":"http:\/\/projetscitoyens.francas71.org\/index.php?rest_route=\/wp\/v2\/posts\/453"}],"collection":[{"href":"http:\/\/projetscitoyens.francas71.org\/index.php?rest_route=\/wp\/v2\/posts"}],"about":[{"href":"http:\/\/projetscitoyens.francas71.org\/index.php?rest_route=\/wp\/v2\/types\/post"}],"author":[{"embeddable":true,"href":"http:\/\/projetscitoyens.francas71.org\/index.php?rest_route=\/wp\/v2\/users\/1"}],"replies":[{"embeddable":true,"href":"http:\/\/projetscitoyens.francas71.org\/index.php?rest_route=%2Fwp%2Fv2%2Fcomments&post=453"}],"version-history":[{"count":13,"href":"http:\/\/projetscitoyens.francas71.org\/index.php?rest_route=\/wp\/v2\/posts\/453\/revisions"}],"predecessor-version":[{"id":652,"href":"http:\/\/projetscitoyens.francas71.org\/index.php?rest_route=\/wp\/v2\/posts\/453\/revisions\/652"}],"wp:featuredmedia":[{"embeddable":true,"href":"http:\/\/projetscitoyens.francas71.org\/index.php?rest_route=\/wp\/v2\/media\/514"}],"wp:attachment":[{"href":"http:\/\/projetscitoyens.francas71.org\/index.php?rest_route=%2Fwp%2Fv2%2Fmedia&parent=453"}],"wp:term":[{"taxonomy":"category","embeddable":true,"href":"http:\/\/projetscitoyens.francas71.org\/index.php?rest_route=%2Fwp%2Fv2%2Fcategories&post=453"},{"taxonomy":"post_tag","embeddable":true,"href":"http:\/\/projetscitoyens.francas71.org\/index.php?rest_route=%2Fwp%2Fv2%2Ftags&post=453"}],"curies":[{"name":"wp","href":"https:\/\/api.w.org\/{rel}","templated":true}]}}