{"id":490,"date":"2012-11-21T14:30:43","date_gmt":"2012-11-21T13:30:43","guid":{"rendered":"http:\/\/www.francas71.org\/projetscitoyens\/?p=490"},"modified":"2013-02-04T13:00:15","modified_gmt":"2013-02-04T12:00:15","slug":"journee-des-enfants","status":"publish","type":"post","link":"http:\/\/projetscitoyens.francas71.org\/?p=490","title":{"rendered":"journ\u00e9e des enfants"},"content":{"rendered":"<p><a href=\"https:\/\/i0.wp.com\/www.francas71.org\/projetscitoyens\/wp-content\/uploads\/2012\/11\/photo-didier-.jpg\" onclick=\"return TrackClick('http%3A%2F%2Fwww.francas71.org%2Fprojetscitoyens%2Fwp-content%2Fuploads%2F2012%2F11%2Fphoto-didier-.jpg','photo+didier')\"><img loading=\"lazy\" decoding=\"async\" data-attachment-id=\"511\" data-permalink=\"http:\/\/projetscitoyens.francas71.org\/?attachment_id=511\" data-orig-file=\"https:\/\/i0.wp.com\/projetscitoyens.francas71.org\/wp-content\/uploads\/2012\/11\/photo-didier-.jpg?fit=425%2C319\" data-orig-size=\"425,319\" data-comments-opened=\"1\" data-image-meta=\"{&quot;aperture&quot;:&quot;2.8&quot;,&quot;credit&quot;:&quot;&quot;,&quot;camera&quot;:&quot;FinePix S6500fd&quot;,&quot;caption&quot;:&quot;&quot;,&quot;created_timestamp&quot;:&quot;1141771337&quot;,&quot;copyright&quot;:&quot;&quot;,&quot;focal_length&quot;:&quot;6.2&quot;,&quot;iso&quot;:&quot;200&quot;,&quot;shutter_speed&quot;:&quot;0.014285714285714&quot;,&quot;title&quot;:&quot;&quot;}\" data-image-title=\"photo didier\" data-image-description=\"\" data-image-caption=\"\" data-medium-file=\"https:\/\/i0.wp.com\/projetscitoyens.francas71.org\/wp-content\/uploads\/2012\/11\/photo-didier-.jpg?fit=300%2C225\" data-large-file=\"https:\/\/i0.wp.com\/projetscitoyens.francas71.org\/wp-content\/uploads\/2012\/11\/photo-didier-.jpg?fit=425%2C319\" tabindex=\"0\" role=\"button\" class=\"alignnone size-full wp-image-511\" title=\"photo didier\" src=\"https:\/\/i0.wp.com\/www.francas71.org\/projetscitoyens\/wp-content\/uploads\/2012\/11\/photo-didier-.jpg?resize=425%2C319\" onclick=\"return TrackClick('http%3A%2F%2Fwww.francas71.org%2Fprojetscitoyens%2Fwp-content%2Fuploads%2F2012%2F11%2Fphoto-didier-.jpg','photo+didier')\" alt=\"\" width=\"425\" height=\"319\" srcset=\"https:\/\/i0.wp.com\/projetscitoyens.francas71.org\/wp-content\/uploads\/2012\/11\/photo-didier-.jpg?w=425 425w, https:\/\/i0.wp.com\/projetscitoyens.francas71.org\/wp-content\/uploads\/2012\/11\/photo-didier-.jpg?resize=300%2C225 300w\" sizes=\"(max-width: 425px) 100vw, 425px\" data-recalc-dims=\"1\" \/><\/a><\/p>\n<p>Nous sommes 3 enfants de Tournus : Manon-R\u00e9mi et Louis.<\/p>\n<p>Nous sommes venus en mini-bus.<\/p>\n<p>Le matin nous avons visiter l&rsquo;expo\u00a0cat\u00e9gorie 3 et 2.<\/p>\n<p>Chaque enfant a pris en photo leurs affiches pr\u00e9f\u00e9r\u00e9es pour pouvoir voter<\/p>\n<p>Nous avons \u00e9t\u00e9 a l&rsquo;atelier jeux en bois pour jouer et nous d\u00e9fouler.<\/p>\n<p>A l&rsquo;atelier handicap c&rsquo; est difficile de circuler sur le circuit avec le fauteuil roulant, les b\u00e9quilles ou une at\u00e8le. on ne peut pas faire de pirouettes, ni passer dans le tunnel et divers obstacles.<\/p>\n<p>Cette \u00a0journ\u00e9e \u00e9tait int\u00e9ressante.<\/p>\n","protected":false},"excerpt":{"rendered":"<p>Nous sommes 3 enfants de Tournus : Manon-R\u00e9mi et Louis. Nous sommes venus en mini-bus. Le matin nous avons visiter l&rsquo;expo\u00a0cat\u00e9gorie 3 et 2. Chaque enfant a pris en photo leurs affiches pr\u00e9f\u00e9r\u00e9es pour pouvoir voter Nous avons \u00e9t\u00e9 a l&rsquo;atelier jeux en bois pour jouer et nous d\u00e9fouler. A l&rsquo;atelier handicap c&rsquo; est difficile de circuler sur le circuit avec le fauteuil roulant, les b\u00e9quilles ou une at\u00e8le. on ne peut pas faire de pirouettes, ni passer dans le&#8230;<\/p>\n<p class=\"read-more\"><a class=\"btn btn-default\" href=\"http:\/\/projetscitoyens.francas71.org\/?p=490\" onclick=\"return TrackClick('http%3A%2F%2Fprojetscitoyens.francas71.org%2F%3Fp%3D490','Lire+la+suite+Lire+la+suite')\">Lire la suite<span class=\"screen-reader-text\"> Lire la suite<\/span><\/a><\/p>\n","protected":false},"author":1,"featured_media":511,"comment_status":"open","ping_status":"open","sticky":false,"template":"","format":"standard","meta":{"jetpack_post_was_ever_published":false,"_jetpack_newsletter_access":"","_jetpack_dont_email_post_to_subs":false,"_jetpack_newsletter_tier_id":0,"_jetpack_memberships_contains_paywalled_content":false,"_jetpack_memberships_contains_paid_content":false,"footnotes":"","jetpack_publicize_message":"","jetpack_publicize_feature_enabled":true,"jetpack_social_post_already_shared":false,"jetpack_social_options":{"image_generator_settings":{"template":"highway","enabled":false},"version":2}},"categories":[119,138],"tags":[],"class_list":["post-490","post","type-post","status-publish","format-standard","has-post-thumbnail","hentry","category-agis-pour-tes-droits-2","category-2012-les-droits-de-lenfant-agis-pour-tes-droits-2"],"jetpack_publicize_connections":[],"jetpack_featured_media_url":"https:\/\/i0.wp.com\/projetscitoyens.francas71.org\/wp-content\/uploads\/2012\/11\/photo-didier-.jpg?fit=425%2C319","jetpack_sharing_enabled":true,"jetpack_shortlink":"https:\/\/wp.me\/p6M0zG-7U","jetpack-related-posts":[],"jetpack_likes_enabled":true,"_links":{"self":[{"href":"http:\/\/projetscitoyens.francas71.org\/index.php?rest_route=\/wp\/v2\/posts\/490"}],"collection":[{"href":"http:\/\/projetscitoyens.francas71.org\/index.php?rest_route=\/wp\/v2\/posts"}],"about":[{"href":"http:\/\/projetscitoyens.francas71.org\/index.php?rest_route=\/wp\/v2\/types\/post"}],"author":[{"embeddable":true,"href":"http:\/\/projetscitoyens.francas71.org\/index.php?rest_route=\/wp\/v2\/users\/1"}],"replies":[{"embeddable":true,"href":"http:\/\/projetscitoyens.francas71.org\/index.php?rest_route=%2Fwp%2Fv2%2Fcomments&post=490"}],"version-history":[{"count":6,"href":"http:\/\/projetscitoyens.francas71.org\/index.php?rest_route=\/wp\/v2\/posts\/490\/revisions"}],"predecessor-version":[{"id":648,"href":"http:\/\/projetscitoyens.francas71.org\/index.php?rest_route=\/wp\/v2\/posts\/490\/revisions\/648"}],"wp:featuredmedia":[{"embeddable":true,"href":"http:\/\/projetscitoyens.francas71.org\/index.php?rest_route=\/wp\/v2\/media\/511"}],"wp:attachment":[{"href":"http:\/\/projetscitoyens.francas71.org\/index.php?rest_route=%2Fwp%2Fv2%2Fmedia&parent=490"}],"wp:term":[{"taxonomy":"category","embeddable":true,"href":"http:\/\/projetscitoyens.francas71.org\/index.php?rest_route=%2Fwp%2Fv2%2Fcategories&post=490"},{"taxonomy":"post_tag","embeddable":true,"href":"http:\/\/projetscitoyens.francas71.org\/index.php?rest_route=%2Fwp%2Fv2%2Ftags&post=490"}],"curies":[{"name":"wp","href":"https:\/\/api.w.org\/{rel}","templated":true}]}}